{"id":9407,"date":"2019-06-07T16:53:57","date_gmt":"2019-06-07T15:53:57","guid":{"rendered":"https:\/\/escalar.it\/?p=9407"},"modified":"2019-06-07T16:59:56","modified_gmt":"2019-06-07T15:59:56","slug":"la-ctr-in-sede-di-riassunzione-del-giudizio-ums-ha-ritenuto-esenti-da-iva-le-attivita-della-coassicuratrice-delegataria","status":"publish","type":"post","link":"https:\/\/escalar.it\/en\/giurisprudenza\/la-ctr-in-sede-di-riassunzione-del-giudizio-ums-ha-ritenuto-esenti-da-iva-le-attivita-della-coassicuratrice-delegataria\/9407\/","title":{"rendered":"La CTR in sede di riassunzione del giudizio UMS ha ritenuto esenti da IVA le attivit\u00e0 della coassicuratrice delegataria"},"content":{"rendered":"<style type=\"text\/css\" data-type=\"vc_cmsms_shortcodes-custom-css\"><\/style>\n<p>La CTR della Liguria con l\u2019allegata sentenza 29 maggio 2019, n. 672, ha\naccolto il ricorso da me presentato per conto della societ\u00e0 UMS in riassunzione\ndel giudizio a suo tempo deciso dalla Corte di Cassazione con la favorevole\nsentenza 4 novembre 2016, n. 22429, che,\ncome si ricorder\u00e0, aveva fissato il principio di diritto secondo cui \u201c<em>in\ntema di IVA, il regime di esenzione previsto dal D.P.R. n. 633 del 1972, art.\n10, comma 1, n. 2, per le &#8220;operazioni di assicurazione&#8221; &#8230; si\nestende &#8230; alla pluralit\u00e0 di prestazioni idonee ad integrare il servizio\nassicurativo sotto il profilo economico, per cui occorre individuare gli\nelementi caratteristici dell&#8217;operazione di cui trattasi per stabilire, se il\nsoggetto passivo fornisca all&#8217;assicurato, considerato come consumatore medio,\nattraverso la pluralit\u00e0 di attivit\u00e0 poste in essere, pi\u00f9 prestazioni principali\ndistinte o un&#8217;unica prestazione, sempre che il prestatore di servizi si sia\nimpegnato esso stesso nei confronti dell&#8217;assicurato a garantire a quest&#8217;ultimo\nla copertura di un rischio e sia vincolato all&#8217;assicurato da un rapporto\ncontrattuale\u201d<\/em>. <\/p>\n\n\n\n<p>In particolare, il giudice della riassunzione,\nfacendo applicazione del trascritto principio di diritto, dopo aver evidenziato\nche la coassicuratrice delegataria non solo<em> \u201cha\nrapporti diretti con l\u2019assicurato, al quale propone il prodotto assicurativo,\nne assume la garanzia del rischio, ne determina il premio e le quote di\nripartizione del rischio in accordo con le societ\u00e0 coassicuratrici<\/em>\u201d, cos\u00ec\nda fornirgli \u201c<em>un servizio completo e garantito dall\u2019intervento di pi\u00f9\ncompagnie, che non sarebbe in grado da solo di poter contattare e tantomeno di\ncontrattare con ognuna di esse<\/em>\u201d (e\nquindi innanzitutto nel suo diretto interesse !), ma si impegna anche \u201c<em>a\nverificare il sinistro ad accertarne le cause e a definire la liquidazione del\ndanno con l\u2019assicurato in forza &#8230; della clausola di delega<\/em>\u201d, ha affermato che \u201c<em>la coassicuratrice delegataria pone in\nessere tutte le operazioni integranti il rapporto di assicurazione: contatta\nl\u2019assicurato, propone le clausole contrattuali e ne determina il premio, in\naccordo con le coassicuratrici e, stipula, infine il contratto con l\u2019assicurato\ne in fase esecutiva accerta le cause dell\u2019incidente, tratta con l\u2019assicurato il\nquantum del danno e lo liquida di conseguenza<\/em>\u201d. Pertanto, la CTR della\nLiguria ha concluso che \u201c<em>tutte queste<\/em> <em>attivit\u00e0 \u2026 eseguite in forza\ndel contratto di coassicurazione\u201d <\/em>sono configurabili come \u201c<em>un servizio\nglobale svolto nell\u2019ambito del servizio di cooperazione con le altre imprese,\nsia dal punto di vista fattuale che dal punto di vista economico<\/em>\u201d ed ha\nritenuto che tale servizio sia esente da IVA ai sensi del n. 2 dell\u2019art.10,\nprimo comma, del d.P.R. n. 633\/72. <\/p>\n\n\n\n<p>La sentenza sopra richiamata induce a chiedersi se l\u2019assunzione posta a base dell\u2019orientamento sfavorevole all\u2019applicabilit\u00e0 dell\u2019esenzione IVA per le attivit\u00e0 svolte dalla coassicuratrice delegataria secondo cui tali attivit\u00e0 atterrebbero esclusivamente all\u2019esecuzione del contratto di coassicurazione e non anche alla sua negoziazione e stipula sia pienamente rispondente ai reali rapporti esistenti fra le parti coinvolte e se pertanto non sarebbe doverosa una rimeditazione di tale orientamento sulla base di una pi\u00f9 approfondita ricognizione di tali rapporti. <\/p>\n\n\n\n<div class=\"wp-block-file\"><a href=\"https:\/\/escalar.it\/wp-content\/uploads\/2019\/06\/CTRGeenova29-5-2019n.672.pdf\">CTR Liguria 29 maggio 2019, n. 672<\/a><a href=\"https:\/\/escalar.it\/wp-content\/uploads\/2019\/06\/CTRGeenova29-5-2019n.672.pdf\" class=\"wp-block-file__button\" download>Scarica il PDF<\/a><\/div>\n","protected":false},"excerpt":{"rendered":"<p>La CTR della Liguria con l\u2019allegata sentenza 29 maggio 2019, n. 672, ha accolto il ricorso da me presentato per conto della societ\u00e0 UMS in riassunzione del giudizio a suo tempo deciso dalla Corte di Cassazione con la favorevole sentenza 4 novembre 2016, n. 22429, che, come si ricorder\u00e0, aveva fissato il principio di diritto&#8230;<\/p>\n","protected":false},"author":7,"featured_media":8813,"comment_status":"open","ping_status":"closed","sticky":false,"template":"","format":"standard","meta":{"footnotes":""},"categories":[32],"tags":[73,62],"class_list":["post-9407","post","type-post","status-publish","format-standard","has-post-thumbnail","hentry","category-giurisprudenza","tag-assicurazioni","tag-iva"],"yoast_head":"<!-- This site is optimized with the Yoast SEO plugin v27.5 - https:\/\/yoast.com\/product\/yoast-seo-wordpress\/ -->\n<title>La CTR in sede di riassunzione del giudizio UMS ha ritenuto esenti da IVA le attivit\u00e0 della coassicuratrice delegataria &#8211; Escalar e Associati<\/title>\n<meta name=\"robots\" content=\"index, follow, max-snippet:-1, max-image-preview:large, max-video-preview:-1\" \/>\n<link rel=\"canonical\" href=\"https:\/\/escalar.it\/en\/giurisprudenza\/la-ctr-in-sede-di-riassunzione-del-giudizio-ums-ha-ritenuto-esenti-da-iva-le-attivita-della-coassicuratrice-delegataria\/9407\/\" \/>\n<meta property=\"og:locale\" content=\"en_US\" \/>\n<meta property=\"og:type\" content=\"article\" \/>\n<meta property=\"og:title\" content=\"La CTR in sede di riassunzione del giudizio UMS ha ritenuto esenti da IVA le attivit\u00e0 della coassicuratrice delegataria &#8211; Escalar e Associati\" \/>\n<meta property=\"og:description\" content=\"La CTR della Liguria con l\u2019allegata sentenza 29 maggio 2019, n. 672, ha accolto il ricorso da me presentato per conto della societ\u00e0 UMS in riassunzione del giudizio a suo tempo deciso dalla Corte di Cassazione con la favorevole sentenza 4 novembre 2016, n. 22429, che, come si ricorder\u00e0, aveva fissato il principio di diritto...\" \/>\n<meta property=\"og:url\" content=\"https:\/\/escalar.it\/en\/giurisprudenza\/la-ctr-in-sede-di-riassunzione-del-giudizio-ums-ha-ritenuto-esenti-da-iva-le-attivita-della-coassicuratrice-delegataria\/9407\/\" \/>\n<meta property=\"og:site_name\" content=\"Escalar e Associati\" \/>\n<meta property=\"article:publisher\" content=\"https:\/\/www.facebook.com\/escalareassociati\/\" \/>\n<meta property=\"article:published_time\" content=\"2019-06-07T15:53:57+00:00\" \/>\n<meta property=\"article:modified_time\" content=\"2019-06-07T15:59:56+00:00\" \/>\n<meta property=\"og:image\" content=\"https:\/\/escalar.it\/wp-content\/uploads\/2019\/03\/roma-esterno-blur.jpg\" \/>\n\t<meta property=\"og:image:width\" content=\"1152\" \/>\n\t<meta property=\"og:image:height\" content=\"720\" \/>\n\t<meta property=\"og:image:type\" content=\"image\/jpeg\" \/>\n<meta name=\"author\" content=\"Gabriele Escalar\" \/>\n<meta name=\"twitter:card\" content=\"summary_large_image\" \/>\n<meta name=\"twitter:label1\" content=\"Written by\" \/>\n\t<meta name=\"twitter:data1\" content=\"Gabriele Escalar\" \/>\n\t<meta name=\"twitter:label2\" content=\"Est. reading time\" \/>\n\t<meta name=\"twitter:data2\" content=\"3 minutes\" \/>\n<script type=\"application\/ld+json\" class=\"yoast-schema-graph\">{\"@context\":\"https:\\\/\\\/schema.org\",\"@graph\":[{\"@type\":\"Article\",\"@id\":\"https:\\\/\\\/escalar.it\\\/en\\\/giurisprudenza\\\/la-ctr-in-sede-di-riassunzione-del-giudizio-ums-ha-ritenuto-esenti-da-iva-le-attivita-della-coassicuratrice-delegataria\\\/9407\\\/#article\",\"isPartOf\":{\"@id\":\"https:\\\/\\\/escalar.it\\\/en\\\/giurisprudenza\\\/la-ctr-in-sede-di-riassunzione-del-giudizio-ums-ha-ritenuto-esenti-da-iva-le-attivita-della-coassicuratrice-delegataria\\\/9407\\\/\"},\"author\":{\"name\":\"Gabriele Escalar\",\"@id\":\"https:\\\/\\\/escalar.it\\\/en\\\/#\\\/schema\\\/person\\\/e00c7366376815b1cb1ab944c020656e\"},\"headline\":\"La CTR in sede di riassunzione del giudizio UMS ha ritenuto esenti da IVA le attivit\u00e0 della coassicuratrice delegataria\",\"datePublished\":\"2019-06-07T15:53:57+00:00\",\"dateModified\":\"2019-06-07T15:59:56+00:00\",\"mainEntityOfPage\":{\"@id\":\"https:\\\/\\\/escalar.it\\\/en\\\/giurisprudenza\\\/la-ctr-in-sede-di-riassunzione-del-giudizio-ums-ha-ritenuto-esenti-da-iva-le-attivita-della-coassicuratrice-delegataria\\\/9407\\\/\"},\"wordCount\":529,\"commentCount\":0,\"publisher\":{\"@id\":\"https:\\\/\\\/escalar.it\\\/en\\\/#organization\"},\"image\":{\"@id\":\"https:\\\/\\\/escalar.it\\\/en\\\/giurisprudenza\\\/la-ctr-in-sede-di-riassunzione-del-giudizio-ums-ha-ritenuto-esenti-da-iva-le-attivita-della-coassicuratrice-delegataria\\\/9407\\\/#primaryimage\"},\"thumbnailUrl\":\"https:\\\/\\\/escalar.it\\\/wp-content\\\/uploads\\\/2019\\\/03\\\/roma-esterno-blur.jpg\",\"keywords\":[\"assicurazioni\",\"iva\"],\"articleSection\":[\"Le Sentenze\"],\"inLanguage\":\"en-US\",\"potentialAction\":[{\"@type\":\"CommentAction\",\"name\":\"Comment\",\"target\":[\"https:\\\/\\\/escalar.it\\\/en\\\/giurisprudenza\\\/la-ctr-in-sede-di-riassunzione-del-giudizio-ums-ha-ritenuto-esenti-da-iva-le-attivita-della-coassicuratrice-delegataria\\\/9407\\\/#respond\"]}]},{\"@type\":\"WebPage\",\"@id\":\"https:\\\/\\\/escalar.it\\\/en\\\/giurisprudenza\\\/la-ctr-in-sede-di-riassunzione-del-giudizio-ums-ha-ritenuto-esenti-da-iva-le-attivita-della-coassicuratrice-delegataria\\\/9407\\\/\",\"url\":\"https:\\\/\\\/escalar.it\\\/en\\\/giurisprudenza\\\/la-ctr-in-sede-di-riassunzione-del-giudizio-ums-ha-ritenuto-esenti-da-iva-le-attivita-della-coassicuratrice-delegataria\\\/9407\\\/\",\"name\":\"La CTR in sede di riassunzione del giudizio UMS ha ritenuto esenti da IVA le attivit\u00e0 della coassicuratrice delegataria &#8211; Escalar e Associati\",\"isPartOf\":{\"@id\":\"https:\\\/\\\/escalar.it\\\/en\\\/#website\"},\"primaryImageOfPage\":{\"@id\":\"https:\\\/\\\/escalar.it\\\/en\\\/giurisprudenza\\\/la-ctr-in-sede-di-riassunzione-del-giudizio-ums-ha-ritenuto-esenti-da-iva-le-attivita-della-coassicuratrice-delegataria\\\/9407\\\/#primaryimage\"},\"image\":{\"@id\":\"https:\\\/\\\/escalar.it\\\/en\\\/giurisprudenza\\\/la-ctr-in-sede-di-riassunzione-del-giudizio-ums-ha-ritenuto-esenti-da-iva-le-attivita-della-coassicuratrice-delegataria\\\/9407\\\/#primaryimage\"},\"thumbnailUrl\":\"https:\\\/\\\/escalar.it\\\/wp-content\\\/uploads\\\/2019\\\/03\\\/roma-esterno-blur.jpg\",\"datePublished\":\"2019-06-07T15:53:57+00:00\",\"dateModified\":\"2019-06-07T15:59:56+00:00\",\"breadcrumb\":{\"@id\":\"https:\\\/\\\/escalar.it\\\/en\\\/giurisprudenza\\\/la-ctr-in-sede-di-riassunzione-del-giudizio-ums-ha-ritenuto-esenti-da-iva-le-attivita-della-coassicuratrice-delegataria\\\/9407\\\/#breadcrumb\"},\"inLanguage\":\"en-US\",\"potentialAction\":[{\"@type\":\"ReadAction\",\"target\":[\"https:\\\/\\\/escalar.it\\\/en\\\/giurisprudenza\\\/la-ctr-in-sede-di-riassunzione-del-giudizio-ums-ha-ritenuto-esenti-da-iva-le-attivita-della-coassicuratrice-delegataria\\\/9407\\\/\"]}]},{\"@type\":\"ImageObject\",\"inLanguage\":\"en-US\",\"@id\":\"https:\\\/\\\/escalar.it\\\/en\\\/giurisprudenza\\\/la-ctr-in-sede-di-riassunzione-del-giudizio-ums-ha-ritenuto-esenti-da-iva-le-attivita-della-coassicuratrice-delegataria\\\/9407\\\/#primaryimage\",\"url\":\"https:\\\/\\\/escalar.it\\\/wp-content\\\/uploads\\\/2019\\\/03\\\/roma-esterno-blur.jpg\",\"contentUrl\":\"https:\\\/\\\/escalar.it\\\/wp-content\\\/uploads\\\/2019\\\/03\\\/roma-esterno-blur.jpg\",\"width\":1152,\"height\":720},{\"@type\":\"BreadcrumbList\",\"@id\":\"https:\\\/\\\/escalar.it\\\/en\\\/giurisprudenza\\\/la-ctr-in-sede-di-riassunzione-del-giudizio-ums-ha-ritenuto-esenti-da-iva-le-attivita-della-coassicuratrice-delegataria\\\/9407\\\/#breadcrumb\",\"itemListElement\":[{\"@type\":\"ListItem\",\"position\":1,\"name\":\"Home\",\"item\":\"https:\\\/\\\/escalar.it\\\/en\\\/\"},{\"@type\":\"ListItem\",\"position\":2,\"name\":\"La CTR in sede di riassunzione del giudizio UMS ha ritenuto esenti da IVA le attivit\u00e0 della coassicuratrice delegataria\"}]},{\"@type\":\"WebSite\",\"@id\":\"https:\\\/\\\/escalar.it\\\/en\\\/#website\",\"url\":\"https:\\\/\\\/escalar.it\\\/en\\\/\",\"name\":\"Escalar e Associati\",\"description\":\"\",\"publisher\":{\"@id\":\"https:\\\/\\\/escalar.it\\\/en\\\/#organization\"},\"potentialAction\":[{\"@type\":\"SearchAction\",\"target\":{\"@type\":\"EntryPoint\",\"urlTemplate\":\"https:\\\/\\\/escalar.it\\\/en\\\/?s={search_term_string}\"},\"query-input\":{\"@type\":\"PropertyValueSpecification\",\"valueRequired\":true,\"valueName\":\"search_term_string\"}}],\"inLanguage\":\"en-US\"},{\"@type\":\"Organization\",\"@id\":\"https:\\\/\\\/escalar.it\\\/en\\\/#organization\",\"name\":\"Escalar e Associati - Studio Legale e Tributario\",\"url\":\"https:\\\/\\\/escalar.it\\\/en\\\/\",\"logo\":{\"@type\":\"ImageObject\",\"inLanguage\":\"en-US\",\"@id\":\"https:\\\/\\\/escalar.it\\\/en\\\/#\\\/schema\\\/logo\\\/image\\\/\",\"url\":\"https:\\\/\\\/escalar.it\\\/wp-content\\\/uploads\\\/2019\\\/03\\\/logo-big.png\",\"contentUrl\":\"https:\\\/\\\/escalar.it\\\/wp-content\\\/uploads\\\/2019\\\/03\\\/logo-big.png\",\"width\":1592,\"height\":655,\"caption\":\"Escalar e Associati - Studio Legale e Tributario\"},\"image\":{\"@id\":\"https:\\\/\\\/escalar.it\\\/en\\\/#\\\/schema\\\/logo\\\/image\\\/\"},\"sameAs\":[\"https:\\\/\\\/www.facebook.com\\\/escalareassociati\\\/\",\"https:\\\/\\\/www.linkedin.com\\\/company\\\/escalar-e-associati\\\/\"]},{\"@type\":\"Person\",\"@id\":\"https:\\\/\\\/escalar.it\\\/en\\\/#\\\/schema\\\/person\\\/e00c7366376815b1cb1ab944c020656e\",\"name\":\"Gabriele Escalar\",\"image\":{\"@type\":\"ImageObject\",\"inLanguage\":\"en-US\",\"@id\":\"https:\\\/\\\/secure.gravatar.com\\\/avatar\\\/8006b7b0c6427c005e94b0e87be29d673c0c2aab50614b1e0656598220bfa0fc?s=96&d=mm&r=g\",\"url\":\"https:\\\/\\\/secure.gravatar.com\\\/avatar\\\/8006b7b0c6427c005e94b0e87be29d673c0c2aab50614b1e0656598220bfa0fc?s=96&d=mm&r=g\",\"contentUrl\":\"https:\\\/\\\/secure.gravatar.com\\\/avatar\\\/8006b7b0c6427c005e94b0e87be29d673c0c2aab50614b1e0656598220bfa0fc?s=96&d=mm&r=g\",\"caption\":\"Gabriele Escalar\"},\"sameAs\":[\"http:\\\/\\\/escalar.it\"]}]}<\/script>\n<!-- \/ Yoast SEO plugin. -->","yoast_head_json":{"title":"La CTR in sede di riassunzione del giudizio UMS ha ritenuto esenti da IVA le attivit\u00e0 della coassicuratrice delegataria &#8211; Escalar e Associati","robots":{"index":"index","follow":"follow","max-snippet":"max-snippet:-1","max-image-preview":"max-image-preview:large","max-video-preview":"max-video-preview:-1"},"canonical":"https:\/\/escalar.it\/en\/giurisprudenza\/la-ctr-in-sede-di-riassunzione-del-giudizio-ums-ha-ritenuto-esenti-da-iva-le-attivita-della-coassicuratrice-delegataria\/9407\/","og_locale":"en_US","og_type":"article","og_title":"La CTR in sede di riassunzione del giudizio UMS ha ritenuto esenti da IVA le attivit\u00e0 della coassicuratrice delegataria &#8211; Escalar e Associati","og_description":"La CTR della Liguria con l\u2019allegata sentenza 29 maggio 2019, n. 672, ha accolto il ricorso da me presentato per conto della societ\u00e0 UMS in riassunzione del giudizio a suo tempo deciso dalla Corte di Cassazione con la favorevole sentenza 4 novembre 2016, n. 22429, che, come si ricorder\u00e0, aveva fissato il principio di diritto...","og_url":"https:\/\/escalar.it\/en\/giurisprudenza\/la-ctr-in-sede-di-riassunzione-del-giudizio-ums-ha-ritenuto-esenti-da-iva-le-attivita-della-coassicuratrice-delegataria\/9407\/","og_site_name":"Escalar e Associati","article_publisher":"https:\/\/www.facebook.com\/escalareassociati\/","article_published_time":"2019-06-07T15:53:57+00:00","article_modified_time":"2019-06-07T15:59:56+00:00","og_image":[{"width":1152,"height":720,"url":"https:\/\/escalar.it\/wp-content\/uploads\/2019\/03\/roma-esterno-blur.jpg","type":"image\/jpeg"}],"author":"Gabriele Escalar","twitter_card":"summary_large_image","twitter_misc":{"Written by":"Gabriele Escalar","Est. reading time":"3 minutes"},"schema":{"@context":"https:\/\/schema.org","@graph":[{"@type":"Article","@id":"https:\/\/escalar.it\/en\/giurisprudenza\/la-ctr-in-sede-di-riassunzione-del-giudizio-ums-ha-ritenuto-esenti-da-iva-le-attivita-della-coassicuratrice-delegataria\/9407\/#article","isPartOf":{"@id":"https:\/\/escalar.it\/en\/giurisprudenza\/la-ctr-in-sede-di-riassunzione-del-giudizio-ums-ha-ritenuto-esenti-da-iva-le-attivita-della-coassicuratrice-delegataria\/9407\/"},"author":{"name":"Gabriele Escalar","@id":"https:\/\/escalar.it\/en\/#\/schema\/person\/e00c7366376815b1cb1ab944c020656e"},"headline":"La CTR in sede di riassunzione del giudizio UMS ha ritenuto esenti da IVA le attivit\u00e0 della coassicuratrice delegataria","datePublished":"2019-06-07T15:53:57+00:00","dateModified":"2019-06-07T15:59:56+00:00","mainEntityOfPage":{"@id":"https:\/\/escalar.it\/en\/giurisprudenza\/la-ctr-in-sede-di-riassunzione-del-giudizio-ums-ha-ritenuto-esenti-da-iva-le-attivita-della-coassicuratrice-delegataria\/9407\/"},"wordCount":529,"commentCount":0,"publisher":{"@id":"https:\/\/escalar.it\/en\/#organization"},"image":{"@id":"https:\/\/escalar.it\/en\/giurisprudenza\/la-ctr-in-sede-di-riassunzione-del-giudizio-ums-ha-ritenuto-esenti-da-iva-le-attivita-della-coassicuratrice-delegataria\/9407\/#primaryimage"},"thumbnailUrl":"https:\/\/escalar.it\/wp-content\/uploads\/2019\/03\/roma-esterno-blur.jpg","keywords":["assicurazioni","iva"],"articleSection":["Le Sentenze"],"inLanguage":"en-US","potentialAction":[{"@type":"CommentAction","name":"Comment","target":["https:\/\/escalar.it\/en\/giurisprudenza\/la-ctr-in-sede-di-riassunzione-del-giudizio-ums-ha-ritenuto-esenti-da-iva-le-attivita-della-coassicuratrice-delegataria\/9407\/#respond"]}]},{"@type":"WebPage","@id":"https:\/\/escalar.it\/en\/giurisprudenza\/la-ctr-in-sede-di-riassunzione-del-giudizio-ums-ha-ritenuto-esenti-da-iva-le-attivita-della-coassicuratrice-delegataria\/9407\/","url":"https:\/\/escalar.it\/en\/giurisprudenza\/la-ctr-in-sede-di-riassunzione-del-giudizio-ums-ha-ritenuto-esenti-da-iva-le-attivita-della-coassicuratrice-delegataria\/9407\/","name":"La CTR in sede di riassunzione del giudizio UMS ha ritenuto esenti da IVA le attivit\u00e0 della coassicuratrice delegataria &#8211; Escalar e Associati","isPartOf":{"@id":"https:\/\/escalar.it\/en\/#website"},"primaryImageOfPage":{"@id":"https:\/\/escalar.it\/en\/giurisprudenza\/la-ctr-in-sede-di-riassunzione-del-giudizio-ums-ha-ritenuto-esenti-da-iva-le-attivita-della-coassicuratrice-delegataria\/9407\/#primaryimage"},"image":{"@id":"https:\/\/escalar.it\/en\/giurisprudenza\/la-ctr-in-sede-di-riassunzione-del-giudizio-ums-ha-ritenuto-esenti-da-iva-le-attivita-della-coassicuratrice-delegataria\/9407\/#primaryimage"},"thumbnailUrl":"https:\/\/escalar.it\/wp-content\/uploads\/2019\/03\/roma-esterno-blur.jpg","datePublished":"2019-06-07T15:53:57+00:00","dateModified":"2019-06-07T15:59:56+00:00","breadcrumb":{"@id":"https:\/\/escalar.it\/en\/giurisprudenza\/la-ctr-in-sede-di-riassunzione-del-giudizio-ums-ha-ritenuto-esenti-da-iva-le-attivita-della-coassicuratrice-delegataria\/9407\/#breadcrumb"},"inLanguage":"en-US","potentialAction":[{"@type":"ReadAction","target":["https:\/\/escalar.it\/en\/giurisprudenza\/la-ctr-in-sede-di-riassunzione-del-giudizio-ums-ha-ritenuto-esenti-da-iva-le-attivita-della-coassicuratrice-delegataria\/9407\/"]}]},{"@type":"ImageObject","inLanguage":"en-US","@id":"https:\/\/escalar.it\/en\/giurisprudenza\/la-ctr-in-sede-di-riassunzione-del-giudizio-ums-ha-ritenuto-esenti-da-iva-le-attivita-della-coassicuratrice-delegataria\/9407\/#primaryimage","url":"https:\/\/escalar.it\/wp-content\/uploads\/2019\/03\/roma-esterno-blur.jpg","contentUrl":"https:\/\/escalar.it\/wp-content\/uploads\/2019\/03\/roma-esterno-blur.jpg","width":1152,"height":720},{"@type":"BreadcrumbList","@id":"https:\/\/escalar.it\/en\/giurisprudenza\/la-ctr-in-sede-di-riassunzione-del-giudizio-ums-ha-ritenuto-esenti-da-iva-le-attivita-della-coassicuratrice-delegataria\/9407\/#breadcrumb","itemListElement":[{"@type":"ListItem","position":1,"name":"Home","item":"https:\/\/escalar.it\/en\/"},{"@type":"ListItem","position":2,"name":"La CTR in sede di riassunzione del giudizio UMS ha ritenuto esenti da IVA le attivit\u00e0 della coassicuratrice delegataria"}]},{"@type":"WebSite","@id":"https:\/\/escalar.it\/en\/#website","url":"https:\/\/escalar.it\/en\/","name":"Escalar e Associati","description":"","publisher":{"@id":"https:\/\/escalar.it\/en\/#organization"},"potentialAction":[{"@type":"SearchAction","target":{"@type":"EntryPoint","urlTemplate":"https:\/\/escalar.it\/en\/?s={search_term_string}"},"query-input":{"@type":"PropertyValueSpecification","valueRequired":true,"valueName":"search_term_string"}}],"inLanguage":"en-US"},{"@type":"Organization","@id":"https:\/\/escalar.it\/en\/#organization","name":"Escalar e Associati - Studio Legale e Tributario","url":"https:\/\/escalar.it\/en\/","logo":{"@type":"ImageObject","inLanguage":"en-US","@id":"https:\/\/escalar.it\/en\/#\/schema\/logo\/image\/","url":"https:\/\/escalar.it\/wp-content\/uploads\/2019\/03\/logo-big.png","contentUrl":"https:\/\/escalar.it\/wp-content\/uploads\/2019\/03\/logo-big.png","width":1592,"height":655,"caption":"Escalar e Associati - Studio Legale e Tributario"},"image":{"@id":"https:\/\/escalar.it\/en\/#\/schema\/logo\/image\/"},"sameAs":["https:\/\/www.facebook.com\/escalareassociati\/","https:\/\/www.linkedin.com\/company\/escalar-e-associati\/"]},{"@type":"Person","@id":"https:\/\/escalar.it\/en\/#\/schema\/person\/e00c7366376815b1cb1ab944c020656e","name":"Gabriele Escalar","image":{"@type":"ImageObject","inLanguage":"en-US","@id":"https:\/\/secure.gravatar.com\/avatar\/8006b7b0c6427c005e94b0e87be29d673c0c2aab50614b1e0656598220bfa0fc?s=96&d=mm&r=g","url":"https:\/\/secure.gravatar.com\/avatar\/8006b7b0c6427c005e94b0e87be29d673c0c2aab50614b1e0656598220bfa0fc?s=96&d=mm&r=g","contentUrl":"https:\/\/secure.gravatar.com\/avatar\/8006b7b0c6427c005e94b0e87be29d673c0c2aab50614b1e0656598220bfa0fc?s=96&d=mm&r=g","caption":"Gabriele Escalar"},"sameAs":["http:\/\/escalar.it"]}]}},"_links":{"self":[{"href":"https:\/\/escalar.it\/en\/wp-json\/wp\/v2\/posts\/9407","targetHints":{"allow":["GET"]}}],"collection":[{"href":"https:\/\/escalar.it\/en\/wp-json\/wp\/v2\/posts"}],"about":[{"href":"https:\/\/escalar.it\/en\/wp-json\/wp\/v2\/types\/post"}],"author":[{"embeddable":true,"href":"https:\/\/escalar.it\/en\/wp-json\/wp\/v2\/users\/7"}],"replies":[{"embeddable":true,"href":"https:\/\/escalar.it\/en\/wp-json\/wp\/v2\/comments?post=9407"}],"version-history":[{"count":0,"href":"https:\/\/escalar.it\/en\/wp-json\/wp\/v2\/posts\/9407\/revisions"}],"wp:featuredmedia":[{"embeddable":true,"href":"https:\/\/escalar.it\/en\/wp-json\/wp\/v2\/media\/8813"}],"wp:attachment":[{"href":"https:\/\/escalar.it\/en\/wp-json\/wp\/v2\/media?parent=9407"}],"wp:term":[{"taxonomy":"category","embeddable":true,"href":"https:\/\/escalar.it\/en\/wp-json\/wp\/v2\/categories?post=9407"},{"taxonomy":"post_tag","embeddable":true,"href":"https:\/\/escalar.it\/en\/wp-json\/wp\/v2\/tags?post=9407"}],"curies":[{"name":"wp","href":"https:\/\/api.w.org\/{rel}","templated":true}]}}