{"id":9391,"date":"2019-05-22T09:56:25","date_gmt":"2019-05-22T08:56:25","guid":{"rendered":"https:\/\/escalar.it\/?p=9391"},"modified":"2019-05-22T09:56:27","modified_gmt":"2019-05-22T08:56:27","slug":"esclusa-la-tassa-automobilistica-a-carico-delle-concedenti-per-i-beni-in-locazione-finanziaria-e-chiariti-gli-effetti-dellabrogazione-di-una-norma-dinterpretazione-autentica","status":"publish","type":"post","link":"https:\/\/escalar.it\/en\/giurisprudenza\/esclusa-la-tassa-automobilistica-a-carico-delle-concedenti-per-i-beni-in-locazione-finanziaria-e-chiariti-gli-effetti-dellabrogazione-di-una-norma-dinterpretazione-autentica\/9391\/","title":{"rendered":"Esclusa la tassa automobilistica a carico delle concedenti per i beni in locazione finanziaria e chiariti gli effetti dell\u2019abrogazione di una norma d\u2019interpretazione autentica"},"content":{"rendered":"<style type=\"text\/css\" data-type=\"vc_cmsms_shortcodes-custom-css\"><\/style>\n<p>La Corte Cassazione con le sentenze n.n. 13132, 13133 e 13135, del 16 maggio 2019, pronunciate nei tre giudizi da me instaurati con ricorso cumulativo avverso molteplici sentenze della CTR di Milano, dopo aver confermato l\u2019ammissibilit\u00e0 di tale ricorso, ha stabilito che, per i veicoli concessi in locazione finanziaria, la societ\u00e0 concedente non pu\u00f2 essere chiamata a rispondere in via solidale per il pagamento della tassa automobilistica regionale anche per il periodo antecedente alla data del 1\u00b0 gennaio 2016 da cui tale responsabilit\u00e0 \u00e8 stata espressamente esclusa in via legislativa.<\/p>\n\n\n\n<p>In particolare, la Suprema Corte ha statuito che l\u2019abrogazione disposta dal comma 6 dell\u2019art. 10 del decreto-legge n. 113\/2016 della norma di interpretazione autentica introdotta dall\u2019art. 9-<em>bis<\/em> del decreto-legge n. 78\/2015, la quale aveva stabilito che \u201c<em>l\u2019art. 5 ventinovesimo comma del decreto-legge n. 953 \u2026 si interpreta nel senso che in caso di locazione finanziaria il soggetto tenuto al pagamento della tassa automobilistica \u00e8 esclusivamente l\u2019utilizzatore<\/em>\u201d, non pu\u00f2 avere effetto retroattivo non solo perch\u00e9 \u201c<em>la legge di interpretazione autentica ha esplicato i propri effetti volti a chiarire la valenza della norma interpretata<\/em>\u201d e perch\u00e9 \u201c<em>l\u2019inversione della disciplina per i rapporti di imposta relativi al periodo dal 15 agosto 2009 al 15 giugno 2016 <\/em>(rectius 1\u00b0 gennaio 2016)<em> e la reintroduzione di quella stessa disciplina per il periodo successivo, in assenza di (individuabili) circostanze giustificative di simile stravolgimento e rinnovazione, renderebbe l\u2019intervento legislativo incomprensibile<\/em>\u201d, ma anche perch\u00e9 si porrebbe in contrasto con il principio sancito dall\u2019art. 4 dello Statuto dei diritti del Contribuente secondo cui \u201c<em>non si pu\u00f2 disporre con decreto-legge l&#8217;istituzione di nuovi tributi n\u00e9 prevedere l&#8217;applicazione di tributi esistenti ad altre categorie di soggetti\u201d.<\/em> Pertanto, risulta confermato che la societ\u00e0 concedente, per i veicoli concessi in locazione finanziaria, non \u00e8 responsabile del pagamento della tassa automobilistica regionale anche anteriormente alla data del 1\u00b0 gennaio 2016 da cui il comma 7 dell\u2019art. 10 del decreto-legge n. 113\/2016 ha definitivamente escluso tale responsabilit\u00e0. <\/p>\n\n\n\n<p>Peraltro le sentenze della Suprema Corte appena richiamate presentano rilevanza di carattere generale non solo in quanto hanno stabilito, anche in materia tributaria, che l\u2019abrogazione di una norma di interpretazione autentica esplica effetto <em>ex nunc,<\/em> ma anche e soprattutto in quanto hanno chiarito che l\u2019art. 4 dello Statuto dei diritti del contribuente, laddove fa divieto di disporre con decreto-legge l\u2019applicazione di tributi esistenti ad altre categorie di soggetti, pone un vincolo a carico dell\u2019interprete anche nell\u2019individuazione degli effetti dell\u2019abrogazione di una norma di interpretazione autentica disposta con decreto-legge.<\/p>\n","protected":false},"excerpt":{"rendered":"<p>La Corte Cassazione con le sentenze n.n. 13132, 13133 e 13135, del 16 maggio 2019, pronunciate nei tre giudizi da me instaurati con ricorso cumulativo avverso molteplici sentenze della CTR di Milano, dopo aver confermato l\u2019ammissibilit\u00e0 di tale ricorso, ha stabilito che, per i veicoli concessi in locazione finanziaria, la societ\u00e0 concedente non pu\u00f2 essere&#8230;<\/p>\n","protected":false},"author":7,"featured_media":9392,"comment_status":"open","ping_status":"closed","sticky":false,"template":"","format":"standard","meta":{"footnotes":""},"categories":[32],"tags":[72,71],"class_list":["post-9391","post","type-post","status-publish","format-standard","has-post-thumbnail","hentry","category-giurisprudenza","tag-leasing","tag-tassa-automobilistica"],"yoast_head":"<!-- This site is optimized with the Yoast SEO plugin v27.5 - https:\/\/yoast.com\/product\/yoast-seo-wordpress\/ -->\n<title>Esclusa la tassa automobilistica a carico delle concedenti per i beni in locazione finanziaria e chiariti gli effetti dell\u2019abrogazione di una norma d\u2019interpretazione autentica &#8211; Escalar e Associati<\/title>\n<meta name=\"description\" content=\"La tassa automobilistica \u00e8 dovuta dall&#039;utilizzatore del veicolo in caso di concessione dello stesso in locazione finanziaria. Lo ha chiarito la Cassazione.\" \/>\n<meta name=\"robots\" content=\"index, follow, max-snippet:-1, max-image-preview:large, max-video-preview:-1\" \/>\n<link rel=\"canonical\" href=\"https:\/\/escalar.it\/en\/giurisprudenza\/esclusa-la-tassa-automobilistica-a-carico-delle-concedenti-per-i-beni-in-locazione-finanziaria-e-chiariti-gli-effetti-dellabrogazione-di-una-norma-dinterpretazione-autentica\/9391\/\" \/>\n<meta property=\"og:locale\" content=\"en_US\" \/>\n<meta property=\"og:type\" content=\"article\" \/>\n<meta property=\"og:title\" content=\"Esclusa la tassa automobilistica a carico delle concedenti per i beni in locazione finanziaria e chiariti gli effetti dell\u2019abrogazione di una norma d\u2019interpretazione autentica &#8211; Escalar e Associati\" \/>\n<meta property=\"og:description\" content=\"La tassa automobilistica \u00e8 dovuta dall&#039;utilizzatore del veicolo in caso di concessione dello stesso in locazione finanziaria. Lo ha chiarito la Cassazione.\" \/>\n<meta property=\"og:url\" content=\"https:\/\/escalar.it\/en\/giurisprudenza\/esclusa-la-tassa-automobilistica-a-carico-delle-concedenti-per-i-beni-in-locazione-finanziaria-e-chiariti-gli-effetti-dellabrogazione-di-una-norma-dinterpretazione-autentica\/9391\/\" \/>\n<meta property=\"og:site_name\" content=\"Escalar e Associati\" \/>\n<meta property=\"article:publisher\" content=\"https:\/\/www.facebook.com\/escalareassociati\/\" \/>\n<meta property=\"article:published_time\" content=\"2019-05-22T08:56:25+00:00\" \/>\n<meta property=\"article:modified_time\" content=\"2019-05-22T08:56:27+00:00\" \/>\n<meta property=\"og:image\" content=\"https:\/\/escalar.it\/wp-content\/uploads\/2019\/05\/acquistare-da-ms-automobili.jpg\" \/>\n\t<meta property=\"og:image:width\" content=\"768\" \/>\n\t<meta property=\"og:image:height\" content=\"432\" \/>\n\t<meta property=\"og:image:type\" content=\"image\/jpeg\" \/>\n<meta name=\"author\" content=\"Gabriele Escalar\" \/>\n<meta name=\"twitter:card\" content=\"summary_large_image\" \/>\n<meta name=\"twitter:label1\" content=\"Written by\" \/>\n\t<meta name=\"twitter:data1\" content=\"Gabriele Escalar\" \/>\n\t<meta name=\"twitter:label2\" content=\"Est. reading time\" \/>\n\t<meta name=\"twitter:data2\" content=\"2 minutes\" \/>\n<script type=\"application\/ld+json\" class=\"yoast-schema-graph\">{\"@context\":\"https:\\\/\\\/schema.org\",\"@graph\":[{\"@type\":\"Article\",\"@id\":\"https:\\\/\\\/escalar.it\\\/en\\\/giurisprudenza\\\/esclusa-la-tassa-automobilistica-a-carico-delle-concedenti-per-i-beni-in-locazione-finanziaria-e-chiariti-gli-effetti-dellabrogazione-di-una-norma-dinterpretazione-autentica\\\/9391\\\/#article\",\"isPartOf\":{\"@id\":\"https:\\\/\\\/escalar.it\\\/en\\\/giurisprudenza\\\/esclusa-la-tassa-automobilistica-a-carico-delle-concedenti-per-i-beni-in-locazione-finanziaria-e-chiariti-gli-effetti-dellabrogazione-di-una-norma-dinterpretazione-autentica\\\/9391\\\/\"},\"author\":{\"name\":\"Gabriele Escalar\",\"@id\":\"https:\\\/\\\/escalar.it\\\/en\\\/#\\\/schema\\\/person\\\/e00c7366376815b1cb1ab944c020656e\"},\"headline\":\"Esclusa la tassa automobilistica a carico delle concedenti per i beni in locazione finanziaria e chiariti gli effetti dell\u2019abrogazione di una norma d\u2019interpretazione autentica\",\"datePublished\":\"2019-05-22T08:56:25+00:00\",\"dateModified\":\"2019-05-22T08:56:27+00:00\",\"mainEntityOfPage\":{\"@id\":\"https:\\\/\\\/escalar.it\\\/en\\\/giurisprudenza\\\/esclusa-la-tassa-automobilistica-a-carico-delle-concedenti-per-i-beni-in-locazione-finanziaria-e-chiariti-gli-effetti-dellabrogazione-di-una-norma-dinterpretazione-autentica\\\/9391\\\/\"},\"wordCount\":425,\"commentCount\":0,\"publisher\":{\"@id\":\"https:\\\/\\\/escalar.it\\\/en\\\/#organization\"},\"image\":{\"@id\":\"https:\\\/\\\/escalar.it\\\/en\\\/giurisprudenza\\\/esclusa-la-tassa-automobilistica-a-carico-delle-concedenti-per-i-beni-in-locazione-finanziaria-e-chiariti-gli-effetti-dellabrogazione-di-una-norma-dinterpretazione-autentica\\\/9391\\\/#primaryimage\"},\"thumbnailUrl\":\"https:\\\/\\\/escalar.it\\\/wp-content\\\/uploads\\\/2019\\\/05\\\/acquistare-da-ms-automobili.jpg\",\"keywords\":[\"leasing\",\"tassa automobilistica\"],\"articleSection\":[\"Le Sentenze\"],\"inLanguage\":\"en-US\",\"potentialAction\":[{\"@type\":\"CommentAction\",\"name\":\"Comment\",\"target\":[\"https:\\\/\\\/escalar.it\\\/en\\\/giurisprudenza\\\/esclusa-la-tassa-automobilistica-a-carico-delle-concedenti-per-i-beni-in-locazione-finanziaria-e-chiariti-gli-effetti-dellabrogazione-di-una-norma-dinterpretazione-autentica\\\/9391\\\/#respond\"]}]},{\"@type\":\"WebPage\",\"@id\":\"https:\\\/\\\/escalar.it\\\/en\\\/giurisprudenza\\\/esclusa-la-tassa-automobilistica-a-carico-delle-concedenti-per-i-beni-in-locazione-finanziaria-e-chiariti-gli-effetti-dellabrogazione-di-una-norma-dinterpretazione-autentica\\\/9391\\\/\",\"url\":\"https:\\\/\\\/escalar.it\\\/en\\\/giurisprudenza\\\/esclusa-la-tassa-automobilistica-a-carico-delle-concedenti-per-i-beni-in-locazione-finanziaria-e-chiariti-gli-effetti-dellabrogazione-di-una-norma-dinterpretazione-autentica\\\/9391\\\/\",\"name\":\"Esclusa la tassa automobilistica a carico delle concedenti per i beni in locazione finanziaria e chiariti gli effetti dell\u2019abrogazione di una norma d\u2019interpretazione autentica &#8211; Escalar e Associati\",\"isPartOf\":{\"@id\":\"https:\\\/\\\/escalar.it\\\/en\\\/#website\"},\"primaryImageOfPage\":{\"@id\":\"https:\\\/\\\/escalar.it\\\/en\\\/giurisprudenza\\\/esclusa-la-tassa-automobilistica-a-carico-delle-concedenti-per-i-beni-in-locazione-finanziaria-e-chiariti-gli-effetti-dellabrogazione-di-una-norma-dinterpretazione-autentica\\\/9391\\\/#primaryimage\"},\"image\":{\"@id\":\"https:\\\/\\\/escalar.it\\\/en\\\/giurisprudenza\\\/esclusa-la-tassa-automobilistica-a-carico-delle-concedenti-per-i-beni-in-locazione-finanziaria-e-chiariti-gli-effetti-dellabrogazione-di-una-norma-dinterpretazione-autentica\\\/9391\\\/#primaryimage\"},\"thumbnailUrl\":\"https:\\\/\\\/escalar.it\\\/wp-content\\\/uploads\\\/2019\\\/05\\\/acquistare-da-ms-automobili.jpg\",\"datePublished\":\"2019-05-22T08:56:25+00:00\",\"dateModified\":\"2019-05-22T08:56:27+00:00\",\"description\":\"La tassa automobilistica \u00e8 dovuta dall'utilizzatore del veicolo in caso di concessione dello stesso in locazione finanziaria. Lo ha chiarito la Cassazione.\",\"breadcrumb\":{\"@id\":\"https:\\\/\\\/escalar.it\\\/en\\\/giurisprudenza\\\/esclusa-la-tassa-automobilistica-a-carico-delle-concedenti-per-i-beni-in-locazione-finanziaria-e-chiariti-gli-effetti-dellabrogazione-di-una-norma-dinterpretazione-autentica\\\/9391\\\/#breadcrumb\"},\"inLanguage\":\"en-US\",\"potentialAction\":[{\"@type\":\"ReadAction\",\"target\":[\"https:\\\/\\\/escalar.it\\\/en\\\/giurisprudenza\\\/esclusa-la-tassa-automobilistica-a-carico-delle-concedenti-per-i-beni-in-locazione-finanziaria-e-chiariti-gli-effetti-dellabrogazione-di-una-norma-dinterpretazione-autentica\\\/9391\\\/\"]}]},{\"@type\":\"ImageObject\",\"inLanguage\":\"en-US\",\"@id\":\"https:\\\/\\\/escalar.it\\\/en\\\/giurisprudenza\\\/esclusa-la-tassa-automobilistica-a-carico-delle-concedenti-per-i-beni-in-locazione-finanziaria-e-chiariti-gli-effetti-dellabrogazione-di-una-norma-dinterpretazione-autentica\\\/9391\\\/#primaryimage\",\"url\":\"https:\\\/\\\/escalar.it\\\/wp-content\\\/uploads\\\/2019\\\/05\\\/acquistare-da-ms-automobili.jpg\",\"contentUrl\":\"https:\\\/\\\/escalar.it\\\/wp-content\\\/uploads\\\/2019\\\/05\\\/acquistare-da-ms-automobili.jpg\",\"width\":768,\"height\":432},{\"@type\":\"BreadcrumbList\",\"@id\":\"https:\\\/\\\/escalar.it\\\/en\\\/giurisprudenza\\\/esclusa-la-tassa-automobilistica-a-carico-delle-concedenti-per-i-beni-in-locazione-finanziaria-e-chiariti-gli-effetti-dellabrogazione-di-una-norma-dinterpretazione-autentica\\\/9391\\\/#breadcrumb\",\"itemListElement\":[{\"@type\":\"ListItem\",\"position\":1,\"name\":\"Home\",\"item\":\"https:\\\/\\\/escalar.it\\\/en\\\/\"},{\"@type\":\"ListItem\",\"position\":2,\"name\":\"Esclusa la tassa automobilistica a carico delle concedenti per i beni in locazione finanziaria e chiariti gli effetti dell\u2019abrogazione di una norma d\u2019interpretazione autentica\"}]},{\"@type\":\"WebSite\",\"@id\":\"https:\\\/\\\/escalar.it\\\/en\\\/#website\",\"url\":\"https:\\\/\\\/escalar.it\\\/en\\\/\",\"name\":\"Escalar e Associati\",\"description\":\"\",\"publisher\":{\"@id\":\"https:\\\/\\\/escalar.it\\\/en\\\/#organization\"},\"potentialAction\":[{\"@type\":\"SearchAction\",\"target\":{\"@type\":\"EntryPoint\",\"urlTemplate\":\"https:\\\/\\\/escalar.it\\\/en\\\/?s={search_term_string}\"},\"query-input\":{\"@type\":\"PropertyValueSpecification\",\"valueRequired\":true,\"valueName\":\"search_term_string\"}}],\"inLanguage\":\"en-US\"},{\"@type\":\"Organization\",\"@id\":\"https:\\\/\\\/escalar.it\\\/en\\\/#organization\",\"name\":\"Escalar e Associati - Studio Legale e Tributario\",\"url\":\"https:\\\/\\\/escalar.it\\\/en\\\/\",\"logo\":{\"@type\":\"ImageObject\",\"inLanguage\":\"en-US\",\"@id\":\"https:\\\/\\\/escalar.it\\\/en\\\/#\\\/schema\\\/logo\\\/image\\\/\",\"url\":\"https:\\\/\\\/escalar.it\\\/wp-content\\\/uploads\\\/2019\\\/03\\\/logo-big.png\",\"contentUrl\":\"https:\\\/\\\/escalar.it\\\/wp-content\\\/uploads\\\/2019\\\/03\\\/logo-big.png\",\"width\":1592,\"height\":655,\"caption\":\"Escalar e Associati - Studio Legale e Tributario\"},\"image\":{\"@id\":\"https:\\\/\\\/escalar.it\\\/en\\\/#\\\/schema\\\/logo\\\/image\\\/\"},\"sameAs\":[\"https:\\\/\\\/www.facebook.com\\\/escalareassociati\\\/\",\"https:\\\/\\\/www.linkedin.com\\\/company\\\/escalar-e-associati\\\/\"]},{\"@type\":\"Person\",\"@id\":\"https:\\\/\\\/escalar.it\\\/en\\\/#\\\/schema\\\/person\\\/e00c7366376815b1cb1ab944c020656e\",\"name\":\"Gabriele Escalar\",\"image\":{\"@type\":\"ImageObject\",\"inLanguage\":\"en-US\",\"@id\":\"https:\\\/\\\/secure.gravatar.com\\\/avatar\\\/8006b7b0c6427c005e94b0e87be29d673c0c2aab50614b1e0656598220bfa0fc?s=96&d=mm&r=g\",\"url\":\"https:\\\/\\\/secure.gravatar.com\\\/avatar\\\/8006b7b0c6427c005e94b0e87be29d673c0c2aab50614b1e0656598220bfa0fc?s=96&d=mm&r=g\",\"contentUrl\":\"https:\\\/\\\/secure.gravatar.com\\\/avatar\\\/8006b7b0c6427c005e94b0e87be29d673c0c2aab50614b1e0656598220bfa0fc?s=96&d=mm&r=g\",\"caption\":\"Gabriele Escalar\"},\"sameAs\":[\"http:\\\/\\\/escalar.it\"]}]}<\/script>\n<!-- \/ Yoast SEO plugin. -->","yoast_head_json":{"title":"Esclusa la tassa automobilistica a carico delle concedenti per i beni in locazione finanziaria e chiariti gli effetti dell\u2019abrogazione di una norma d\u2019interpretazione autentica &#8211; Escalar e Associati","description":"La tassa automobilistica \u00e8 dovuta dall'utilizzatore del veicolo in caso di concessione dello stesso in locazione finanziaria. Lo ha chiarito la Cassazione.","robots":{"index":"index","follow":"follow","max-snippet":"max-snippet:-1","max-image-preview":"max-image-preview:large","max-video-preview":"max-video-preview:-1"},"canonical":"https:\/\/escalar.it\/en\/giurisprudenza\/esclusa-la-tassa-automobilistica-a-carico-delle-concedenti-per-i-beni-in-locazione-finanziaria-e-chiariti-gli-effetti-dellabrogazione-di-una-norma-dinterpretazione-autentica\/9391\/","og_locale":"en_US","og_type":"article","og_title":"Esclusa la tassa automobilistica a carico delle concedenti per i beni in locazione finanziaria e chiariti gli effetti dell\u2019abrogazione di una norma d\u2019interpretazione autentica &#8211; Escalar e Associati","og_description":"La tassa automobilistica \u00e8 dovuta dall'utilizzatore del veicolo in caso di concessione dello stesso in locazione finanziaria. Lo ha chiarito la Cassazione.","og_url":"https:\/\/escalar.it\/en\/giurisprudenza\/esclusa-la-tassa-automobilistica-a-carico-delle-concedenti-per-i-beni-in-locazione-finanziaria-e-chiariti-gli-effetti-dellabrogazione-di-una-norma-dinterpretazione-autentica\/9391\/","og_site_name":"Escalar e Associati","article_publisher":"https:\/\/www.facebook.com\/escalareassociati\/","article_published_time":"2019-05-22T08:56:25+00:00","article_modified_time":"2019-05-22T08:56:27+00:00","og_image":[{"width":768,"height":432,"url":"https:\/\/escalar.it\/wp-content\/uploads\/2019\/05\/acquistare-da-ms-automobili.jpg","type":"image\/jpeg"}],"author":"Gabriele Escalar","twitter_card":"summary_large_image","twitter_misc":{"Written by":"Gabriele Escalar","Est. reading time":"2 minutes"},"schema":{"@context":"https:\/\/schema.org","@graph":[{"@type":"Article","@id":"https:\/\/escalar.it\/en\/giurisprudenza\/esclusa-la-tassa-automobilistica-a-carico-delle-concedenti-per-i-beni-in-locazione-finanziaria-e-chiariti-gli-effetti-dellabrogazione-di-una-norma-dinterpretazione-autentica\/9391\/#article","isPartOf":{"@id":"https:\/\/escalar.it\/en\/giurisprudenza\/esclusa-la-tassa-automobilistica-a-carico-delle-concedenti-per-i-beni-in-locazione-finanziaria-e-chiariti-gli-effetti-dellabrogazione-di-una-norma-dinterpretazione-autentica\/9391\/"},"author":{"name":"Gabriele Escalar","@id":"https:\/\/escalar.it\/en\/#\/schema\/person\/e00c7366376815b1cb1ab944c020656e"},"headline":"Esclusa la tassa automobilistica a carico delle concedenti per i beni in locazione finanziaria e chiariti gli effetti dell\u2019abrogazione di una norma d\u2019interpretazione autentica","datePublished":"2019-05-22T08:56:25+00:00","dateModified":"2019-05-22T08:56:27+00:00","mainEntityOfPage":{"@id":"https:\/\/escalar.it\/en\/giurisprudenza\/esclusa-la-tassa-automobilistica-a-carico-delle-concedenti-per-i-beni-in-locazione-finanziaria-e-chiariti-gli-effetti-dellabrogazione-di-una-norma-dinterpretazione-autentica\/9391\/"},"wordCount":425,"commentCount":0,"publisher":{"@id":"https:\/\/escalar.it\/en\/#organization"},"image":{"@id":"https:\/\/escalar.it\/en\/giurisprudenza\/esclusa-la-tassa-automobilistica-a-carico-delle-concedenti-per-i-beni-in-locazione-finanziaria-e-chiariti-gli-effetti-dellabrogazione-di-una-norma-dinterpretazione-autentica\/9391\/#primaryimage"},"thumbnailUrl":"https:\/\/escalar.it\/wp-content\/uploads\/2019\/05\/acquistare-da-ms-automobili.jpg","keywords":["leasing","tassa automobilistica"],"articleSection":["Le Sentenze"],"inLanguage":"en-US","potentialAction":[{"@type":"CommentAction","name":"Comment","target":["https:\/\/escalar.it\/en\/giurisprudenza\/esclusa-la-tassa-automobilistica-a-carico-delle-concedenti-per-i-beni-in-locazione-finanziaria-e-chiariti-gli-effetti-dellabrogazione-di-una-norma-dinterpretazione-autentica\/9391\/#respond"]}]},{"@type":"WebPage","@id":"https:\/\/escalar.it\/en\/giurisprudenza\/esclusa-la-tassa-automobilistica-a-carico-delle-concedenti-per-i-beni-in-locazione-finanziaria-e-chiariti-gli-effetti-dellabrogazione-di-una-norma-dinterpretazione-autentica\/9391\/","url":"https:\/\/escalar.it\/en\/giurisprudenza\/esclusa-la-tassa-automobilistica-a-carico-delle-concedenti-per-i-beni-in-locazione-finanziaria-e-chiariti-gli-effetti-dellabrogazione-di-una-norma-dinterpretazione-autentica\/9391\/","name":"Esclusa la tassa automobilistica a carico delle concedenti per i beni in locazione finanziaria e chiariti gli effetti dell\u2019abrogazione di una norma d\u2019interpretazione autentica &#8211; Escalar e Associati","isPartOf":{"@id":"https:\/\/escalar.it\/en\/#website"},"primaryImageOfPage":{"@id":"https:\/\/escalar.it\/en\/giurisprudenza\/esclusa-la-tassa-automobilistica-a-carico-delle-concedenti-per-i-beni-in-locazione-finanziaria-e-chiariti-gli-effetti-dellabrogazione-di-una-norma-dinterpretazione-autentica\/9391\/#primaryimage"},"image":{"@id":"https:\/\/escalar.it\/en\/giurisprudenza\/esclusa-la-tassa-automobilistica-a-carico-delle-concedenti-per-i-beni-in-locazione-finanziaria-e-chiariti-gli-effetti-dellabrogazione-di-una-norma-dinterpretazione-autentica\/9391\/#primaryimage"},"thumbnailUrl":"https:\/\/escalar.it\/wp-content\/uploads\/2019\/05\/acquistare-da-ms-automobili.jpg","datePublished":"2019-05-22T08:56:25+00:00","dateModified":"2019-05-22T08:56:27+00:00","description":"La tassa automobilistica \u00e8 dovuta dall'utilizzatore del veicolo in caso di concessione dello stesso in locazione finanziaria. Lo ha chiarito la Cassazione.","breadcrumb":{"@id":"https:\/\/escalar.it\/en\/giurisprudenza\/esclusa-la-tassa-automobilistica-a-carico-delle-concedenti-per-i-beni-in-locazione-finanziaria-e-chiariti-gli-effetti-dellabrogazione-di-una-norma-dinterpretazione-autentica\/9391\/#breadcrumb"},"inLanguage":"en-US","potentialAction":[{"@type":"ReadAction","target":["https:\/\/escalar.it\/en\/giurisprudenza\/esclusa-la-tassa-automobilistica-a-carico-delle-concedenti-per-i-beni-in-locazione-finanziaria-e-chiariti-gli-effetti-dellabrogazione-di-una-norma-dinterpretazione-autentica\/9391\/"]}]},{"@type":"ImageObject","inLanguage":"en-US","@id":"https:\/\/escalar.it\/en\/giurisprudenza\/esclusa-la-tassa-automobilistica-a-carico-delle-concedenti-per-i-beni-in-locazione-finanziaria-e-chiariti-gli-effetti-dellabrogazione-di-una-norma-dinterpretazione-autentica\/9391\/#primaryimage","url":"https:\/\/escalar.it\/wp-content\/uploads\/2019\/05\/acquistare-da-ms-automobili.jpg","contentUrl":"https:\/\/escalar.it\/wp-content\/uploads\/2019\/05\/acquistare-da-ms-automobili.jpg","width":768,"height":432},{"@type":"BreadcrumbList","@id":"https:\/\/escalar.it\/en\/giurisprudenza\/esclusa-la-tassa-automobilistica-a-carico-delle-concedenti-per-i-beni-in-locazione-finanziaria-e-chiariti-gli-effetti-dellabrogazione-di-una-norma-dinterpretazione-autentica\/9391\/#breadcrumb","itemListElement":[{"@type":"ListItem","position":1,"name":"Home","item":"https:\/\/escalar.it\/en\/"},{"@type":"ListItem","position":2,"name":"Esclusa la tassa automobilistica a carico delle concedenti per i beni in locazione finanziaria e chiariti gli effetti dell\u2019abrogazione di una norma d\u2019interpretazione autentica"}]},{"@type":"WebSite","@id":"https:\/\/escalar.it\/en\/#website","url":"https:\/\/escalar.it\/en\/","name":"Escalar e Associati","description":"","publisher":{"@id":"https:\/\/escalar.it\/en\/#organization"},"potentialAction":[{"@type":"SearchAction","target":{"@type":"EntryPoint","urlTemplate":"https:\/\/escalar.it\/en\/?s={search_term_string}"},"query-input":{"@type":"PropertyValueSpecification","valueRequired":true,"valueName":"search_term_string"}}],"inLanguage":"en-US"},{"@type":"Organization","@id":"https:\/\/escalar.it\/en\/#organization","name":"Escalar e Associati - Studio Legale e Tributario","url":"https:\/\/escalar.it\/en\/","logo":{"@type":"ImageObject","inLanguage":"en-US","@id":"https:\/\/escalar.it\/en\/#\/schema\/logo\/image\/","url":"https:\/\/escalar.it\/wp-content\/uploads\/2019\/03\/logo-big.png","contentUrl":"https:\/\/escalar.it\/wp-content\/uploads\/2019\/03\/logo-big.png","width":1592,"height":655,"caption":"Escalar e Associati - Studio Legale e Tributario"},"image":{"@id":"https:\/\/escalar.it\/en\/#\/schema\/logo\/image\/"},"sameAs":["https:\/\/www.facebook.com\/escalareassociati\/","https:\/\/www.linkedin.com\/company\/escalar-e-associati\/"]},{"@type":"Person","@id":"https:\/\/escalar.it\/en\/#\/schema\/person\/e00c7366376815b1cb1ab944c020656e","name":"Gabriele Escalar","image":{"@type":"ImageObject","inLanguage":"en-US","@id":"https:\/\/secure.gravatar.com\/avatar\/8006b7b0c6427c005e94b0e87be29d673c0c2aab50614b1e0656598220bfa0fc?s=96&d=mm&r=g","url":"https:\/\/secure.gravatar.com\/avatar\/8006b7b0c6427c005e94b0e87be29d673c0c2aab50614b1e0656598220bfa0fc?s=96&d=mm&r=g","contentUrl":"https:\/\/secure.gravatar.com\/avatar\/8006b7b0c6427c005e94b0e87be29d673c0c2aab50614b1e0656598220bfa0fc?s=96&d=mm&r=g","caption":"Gabriele Escalar"},"sameAs":["http:\/\/escalar.it"]}]}},"_links":{"self":[{"href":"https:\/\/escalar.it\/en\/wp-json\/wp\/v2\/posts\/9391","targetHints":{"allow":["GET"]}}],"collection":[{"href":"https:\/\/escalar.it\/en\/wp-json\/wp\/v2\/posts"}],"about":[{"href":"https:\/\/escalar.it\/en\/wp-json\/wp\/v2\/types\/post"}],"author":[{"embeddable":true,"href":"https:\/\/escalar.it\/en\/wp-json\/wp\/v2\/users\/7"}],"replies":[{"embeddable":true,"href":"https:\/\/escalar.it\/en\/wp-json\/wp\/v2\/comments?post=9391"}],"version-history":[{"count":0,"href":"https:\/\/escalar.it\/en\/wp-json\/wp\/v2\/posts\/9391\/revisions"}],"wp:featuredmedia":[{"embeddable":true,"href":"https:\/\/escalar.it\/en\/wp-json\/wp\/v2\/media\/9392"}],"wp:attachment":[{"href":"https:\/\/escalar.it\/en\/wp-json\/wp\/v2\/media?parent=9391"}],"wp:term":[{"taxonomy":"category","embeddable":true,"href":"https:\/\/escalar.it\/en\/wp-json\/wp\/v2\/categories?post=9391"},{"taxonomy":"post_tag","embeddable":true,"href":"https:\/\/escalar.it\/en\/wp-json\/wp\/v2\/tags?post=9391"}],"curies":[{"name":"wp","href":"https:\/\/api.w.org\/{rel}","templated":true}]}}