{"id":11675,"date":"2024-10-25T11:35:11","date_gmt":"2024-10-25T10:35:11","guid":{"rendered":"https:\/\/escalar.it\/?p=11675"},"modified":"2024-10-25T11:35:14","modified_gmt":"2024-10-25T10:35:14","slug":"per-la-cgt-del-lazio-le-societa-di-noleggio-non-hanno-eluso-lipt","status":"publish","type":"post","link":"https:\/\/escalar.it\/en\/giurisprudenza\/per-la-cgt-del-lazio-le-societa-di-noleggio-non-hanno-eluso-lipt\/11675\/","title":{"rendered":"Per la CGT del Lazio le societ\u00e0 di noleggio non hanno eluso l\u2019IPT"},"content":{"rendered":"<style type=\"text\/css\" data-type=\"vc_cmsms_shortcodes-custom-css\"><\/style>\n<p>Anche la CGT del Lazio, in un giudizio patrocinato dal nostro studio, confermando l\u2019orientamento oramai consolidato della CGT di Roma, ha giudicato infondate le contestazioni di abuso del diritto fiscale che la Citt\u00e0 Metropolitana di Roma Capitale ha elevato a carico di numerose societ\u00e0 di noleggio di veicoli senza conducente che, avendo trasferito la loro sede legale da Roma nelle Province Autonome di Trento e Bolzano ed avendo ivi immatricolato, nonch\u00e9 iscritto al PRA i loro veicoli, hanno versato l\u2019Imposta Provinciale di Trascrizione (\u201cIPT\u201d) dovuta sulle formalit\u00e0 eseguite presso tale PRA secondo le minori tariffe approvate dai predetti enti locali nell\u2019esercizio della loro autonomia statutaria.<\/p>\n\n\n\n<p>In particolare, la Citt\u00e0 Metropolitana di Roma Capitale ha contestato alle societ\u00e0 di noleggio di veicoli senza conducente che il trasferimento della loro sede legale comporterebbe un abuso del diritto fiscale per il fatto che tale trasferimento sarebbe privo di sostanza economica in quanto non sarebbe stato accompagnato anche dal trasferimento della sede amministrativa ed avrebbe procurato loro un vantaggio tributario indebito in quanto le avrebbe consentito di fruire anche per gli atti soggetti ad IVA della pi\u00f9 favorevole tariffa fissa di 151,00 Euro in vigore nelle predette Province, in luogo della tariffa variabile in vigore nelle Province di provenienza, in contrasto con la finalit\u00e0 perseguita dal comma 1-<em>bis<\/em> dell\u2019art. 56 del d.lgs. n. 446\/1997 che, per le societ\u00e0 di capitali, ha individuato come criterio di territorialit\u00e0 dell\u2019IPT la collocazione della \u201c<em>sede legale<\/em>\u201d.<\/p>\n\n\n\n<p>Tuttavia la CGT del Lazio con sentenza n. 6247\/2024 del 21 ottobre 2024 allegata ha respinto l\u2019appello proposto dalla Citt\u00e0 Metropolitana di Roma avverso la sentenza della CGT di Roma n. 14621\/2022 del 20 dicembre 2022, escludendo la configurabilit\u00e0 di un abuso del diritto fiscale per il fatto che il trasferimento della sede legale, oltre a non essere privo di sostanza economica e ad essere assistito da valide ragioni extrafiscali, non ha consentito alle societ\u00e0 di noleggio di conseguire un vantaggio fiscale indebito ai sensi dell\u2019art. 10-<em>bis<\/em> dello Statuto del Contribuente.<\/p>\n\n\n\n<p>In particolare, a suo avviso, \u201c<em>l\u2019opzione per l\u2019operazione negoziale che risulti fiscalmente meno gravosa non costituisce ex se condotta contraria allo scopo della disciplina normativa tributaria, laddove\u201d<\/em>, come nel caso di specie, \u201c<em>sia lo stesso ordinamento tributario a prevedere tale facolt\u00e0 di scelta, in considerazione del fatto che la diversa applicazione delle aliquote da parte delle Province Ordinarie e Autonome, \u00e8 frutto delle scelte del legislatore nazionale, che ha stabilito che \u00e8 la sede legale della societ\u00e0 ad individuare il criterio di collegamento con la Provincia \u2026 non avendo posto limitazioni volte ad evitare che le societ\u00e0 trasferissero le sedi legali esistenti dalle province ordinarie a quelle autonome e consentendo alle societ\u00e0 di scegliere se mantenere la sede legale nelle province ordinarie, con versamento dell\u2019ipt sulla base delle aliquote in vigore su disposizione statale, oppure trasferire la sede legale per godere di una minore pressione fiscale, sempre legata a disposizione statale, come quella in vigore presso le Province autonome<\/em>\u201d nel legittimo esercizio della loro autonomia statutaria. Ed infatti, le Province Autonome di Bolzano e Trento, sebbene la legge statale abbia imposto di assoggettare ad IPT con tariffa variabile anche gli atti soggetti ad IVA, sono legittimate dal loro statuto a mantenere ferma l\u2019applicazione della tariffa fissa.<\/p>\n\n\n\n<p>In conclusione, il giudice di appello ha ritenuto che, se la legge ha espressamente individuato il criterio territoriale di destinazione del gettito dell\u2019IPT nella \u201c<em>sede legale<\/em>\u201d, come inequivocabilmente confermato dal MEF nella nota del 31 ottobre 2012, n. 23970, le societ\u00e0 di noleggio non possono essere imputate di aver realizzato alcun abuso qualora, avendo stabilito la propria sede legale nelle Province autonome ed avendo ivi immatricolato, nonch\u00e9 iscritto al PRA i loro veicoli, versino l\u2019IPT con le minori tariffe in vigore nelle predette Province, perch\u00e9, in tal caso, rimane del tutto irrilevante la localizzazione della loro sede amministrativa in quanto tali due nozioni da un punto di vista fiscale sono fra di loro distinte e non fungibili, stando a quanto chiaramente emerge dall\u2019art. 73 del TUIR e dal terzo comma dell\u2019art. 58 del d.P.R. n. 600\/1973. <a><\/a><\/p>\n\n\n\n<p>Per completezza si fa presente che la stessa CGT del Lazio ha gi\u00e0 giudicato infondate le analoghe contestazioni che la Regione Lazio ha elevato a carico delle societ\u00e0 di noleggio di veicoli senza conducente relativamente alla Tassa Automobilistica Regionale (in tal senso, tra le altre, le sentenze pronunciate dalle sezz. 11, 1 e 12 della CGT del Lazio, nei giudizi patrocinati dal nostro studio, n. 5558\/2024 dell\u201911 settembre 2024, n. 5824\/2024 del 1\u00b0 ottobre 2024; n. 6435\/2024 e n. 6436\/2024 del 25 ottobre 2024), escludendo anche in tal caso che il trasferimento della loro sede legale a Bolzano o a Trento con la conseguente immatricolazione ed iscrizione al PRA dei loro veicoli nelle Province medesime abbia consentito di conseguire un vantaggio tributario qualificabile come indebito in quanto il criterio di territorialit\u00e0 di tale imposta \u00e8 identificabile nell\u2019iscrizione al PRA dei veicoli e non nella collocazione della sede legale, ma, quand\u2019anche lo fosse, sarebbe in ogni caso inquadrabile \u201c<em>nella forma del legittimo risparmio d\u2019imposta disciplinato dall\u2019art. 10 bis co. 4<\/em>\u201d, essendo \u201c<em>legittima la scelta della societ\u00e0 di immatricolare le proprie autovetture presso il PRA di Bolzano ove si trova la sede legale perch\u00e9 presenta un minor profilo di pressione tributaria \u2026 pure considerando sia che le Regioni a statuto ordinario possono con propria legge \u2026 variare gli importi delle tasse automobilistiche in misura compresa tra il 90 e il 110 per cento degli importi vigenti nell\u2019anno precedente, sia che le regioni ordinarie che quelle autonome \u2026 soggiacciono al dettato dell\u2019art. 81 Cost<\/em>.\u201d.<\/p>\n\n\n\n<div class=\"wp-block-file\"><a href=\"https:\/\/escalar.it\/wp-content\/uploads\/2024\/10\/sentenza-n.-6247-2024.pdf\">Scarica la Sentenza<\/a><a href=\"https:\/\/escalar.it\/wp-content\/uploads\/2024\/10\/sentenza-n.-6247-2024.pdf\" class=\"wp-block-file__button\" download=\"\">Download<\/a><\/div>\n","protected":false},"excerpt":{"rendered":"<p>Anche la CGT del Lazio, in un giudizio patrocinato dal nostro studio, confermando l\u2019orientamento oramai consolidato della CGT di Roma, ha giudicato infondate le contestazioni di abuso del diritto fiscale che la Citt\u00e0 Metropolitana di Roma Capitale ha elevato a carico di numerose societ\u00e0 di noleggio di veicoli senza conducente che, avendo trasferito la loro&#8230;<\/p>\n","protected":false},"author":7,"featured_media":9749,"comment_status":"open","ping_status":"closed","sticky":false,"template":"","format":"standard","meta":{"footnotes":""},"categories":[32],"tags":[360,47,359],"class_list":["post-11675","post","type-post","status-publish","format-standard","has-post-thumbnail","hentry","category-giurisprudenza","tag-cgt-lazio","tag-elusione-fiscale","tag-ipt"],"yoast_head":"<!-- This site is optimized with the Yoast SEO plugin v27.5 - https:\/\/yoast.com\/product\/yoast-seo-wordpress\/ -->\n<title>Per la CGT del Lazio le societ\u00e0 di noleggio non hanno eluso l\u2019IPT &#8211; Escalar e Associati<\/title>\n<meta name=\"description\" content=\"Sono infondate le contestazioni di abuso del diritto fiscale che la CM di Roma Capitale ha elevato a carico delle societ\u00e0 di noleggio.\" \/>\n<meta name=\"robots\" content=\"index, follow, max-snippet:-1, max-image-preview:large, max-video-preview:-1\" \/>\n<link rel=\"canonical\" href=\"https:\/\/escalar.it\/en\/giurisprudenza\/per-la-cgt-del-lazio-le-societa-di-noleggio-non-hanno-eluso-lipt\/11675\/\" \/>\n<meta property=\"og:locale\" content=\"en_US\" \/>\n<meta property=\"og:type\" content=\"article\" \/>\n<meta property=\"og:title\" content=\"Per la CGT del Lazio le societ\u00e0 di noleggio non hanno eluso l\u2019IPT &#8211; Escalar e Associati\" \/>\n<meta property=\"og:description\" content=\"Sono infondate le contestazioni di abuso del diritto fiscale che la CM di Roma Capitale ha elevato a carico delle societ\u00e0 di noleggio.\" \/>\n<meta property=\"og:url\" content=\"https:\/\/escalar.it\/en\/giurisprudenza\/per-la-cgt-del-lazio-le-societa-di-noleggio-non-hanno-eluso-lipt\/11675\/\" \/>\n<meta property=\"og:site_name\" content=\"Escalar e Associati\" \/>\n<meta property=\"article:publisher\" content=\"https:\/\/www.facebook.com\/escalareassociati\/\" \/>\n<meta property=\"article:published_time\" content=\"2024-10-25T10:35:11+00:00\" \/>\n<meta property=\"article:modified_time\" content=\"2024-10-25T10:35:14+00:00\" \/>\n<meta property=\"og:image\" content=\"https:\/\/escalar.it\/wp-content\/uploads\/2019\/05\/acquistare-da-ms-automobili.jpg\" \/>\n\t<meta property=\"og:image:width\" content=\"768\" \/>\n\t<meta property=\"og:image:height\" content=\"432\" \/>\n\t<meta property=\"og:image:type\" content=\"image\/jpeg\" \/>\n<meta name=\"author\" content=\"Gabriele Escalar\" \/>\n<meta name=\"twitter:card\" content=\"summary_large_image\" \/>\n<meta name=\"twitter:label1\" content=\"Written by\" \/>\n\t<meta name=\"twitter:data1\" content=\"Gabriele Escalar\" \/>\n\t<meta name=\"twitter:label2\" content=\"Est. reading time\" \/>\n\t<meta name=\"twitter:data2\" content=\"6 minutes\" \/>\n<script type=\"application\/ld+json\" class=\"yoast-schema-graph\">{\"@context\":\"https:\\\/\\\/schema.org\",\"@graph\":[{\"@type\":\"Article\",\"@id\":\"https:\\\/\\\/escalar.it\\\/en\\\/giurisprudenza\\\/per-la-cgt-del-lazio-le-societa-di-noleggio-non-hanno-eluso-lipt\\\/11675\\\/#article\",\"isPartOf\":{\"@id\":\"https:\\\/\\\/escalar.it\\\/en\\\/giurisprudenza\\\/per-la-cgt-del-lazio-le-societa-di-noleggio-non-hanno-eluso-lipt\\\/11675\\\/\"},\"author\":{\"name\":\"Gabriele Escalar\",\"@id\":\"https:\\\/\\\/escalar.it\\\/en\\\/#\\\/schema\\\/person\\\/e00c7366376815b1cb1ab944c020656e\"},\"headline\":\"Per la CGT del Lazio le societ\u00e0 di noleggio non hanno eluso l\u2019IPT\",\"datePublished\":\"2024-10-25T10:35:11+00:00\",\"dateModified\":\"2024-10-25T10:35:14+00:00\",\"mainEntityOfPage\":{\"@id\":\"https:\\\/\\\/escalar.it\\\/en\\\/giurisprudenza\\\/per-la-cgt-del-lazio-le-societa-di-noleggio-non-hanno-eluso-lipt\\\/11675\\\/\"},\"wordCount\":925,\"commentCount\":0,\"publisher\":{\"@id\":\"https:\\\/\\\/escalar.it\\\/en\\\/#organization\"},\"image\":{\"@id\":\"https:\\\/\\\/escalar.it\\\/en\\\/giurisprudenza\\\/per-la-cgt-del-lazio-le-societa-di-noleggio-non-hanno-eluso-lipt\\\/11675\\\/#primaryimage\"},\"thumbnailUrl\":\"https:\\\/\\\/escalar.it\\\/wp-content\\\/uploads\\\/2019\\\/05\\\/acquistare-da-ms-automobili.jpg\",\"keywords\":[\"CGT Lazio\",\"elusione fiscale\",\"IPT\"],\"articleSection\":[\"Le Sentenze\"],\"inLanguage\":\"en-US\",\"potentialAction\":[{\"@type\":\"CommentAction\",\"name\":\"Comment\",\"target\":[\"https:\\\/\\\/escalar.it\\\/en\\\/giurisprudenza\\\/per-la-cgt-del-lazio-le-societa-di-noleggio-non-hanno-eluso-lipt\\\/11675\\\/#respond\"]}]},{\"@type\":\"WebPage\",\"@id\":\"https:\\\/\\\/escalar.it\\\/en\\\/giurisprudenza\\\/per-la-cgt-del-lazio-le-societa-di-noleggio-non-hanno-eluso-lipt\\\/11675\\\/\",\"url\":\"https:\\\/\\\/escalar.it\\\/en\\\/giurisprudenza\\\/per-la-cgt-del-lazio-le-societa-di-noleggio-non-hanno-eluso-lipt\\\/11675\\\/\",\"name\":\"Per la CGT del Lazio le societ\u00e0 di noleggio non hanno eluso l\u2019IPT &#8211; Escalar e Associati\",\"isPartOf\":{\"@id\":\"https:\\\/\\\/escalar.it\\\/en\\\/#website\"},\"primaryImageOfPage\":{\"@id\":\"https:\\\/\\\/escalar.it\\\/en\\\/giurisprudenza\\\/per-la-cgt-del-lazio-le-societa-di-noleggio-non-hanno-eluso-lipt\\\/11675\\\/#primaryimage\"},\"image\":{\"@id\":\"https:\\\/\\\/escalar.it\\\/en\\\/giurisprudenza\\\/per-la-cgt-del-lazio-le-societa-di-noleggio-non-hanno-eluso-lipt\\\/11675\\\/#primaryimage\"},\"thumbnailUrl\":\"https:\\\/\\\/escalar.it\\\/wp-content\\\/uploads\\\/2019\\\/05\\\/acquistare-da-ms-automobili.jpg\",\"datePublished\":\"2024-10-25T10:35:11+00:00\",\"dateModified\":\"2024-10-25T10:35:14+00:00\",\"description\":\"Sono infondate le contestazioni di abuso del diritto fiscale che la CM di Roma Capitale ha elevato a carico delle societ\u00e0 di noleggio.\",\"breadcrumb\":{\"@id\":\"https:\\\/\\\/escalar.it\\\/en\\\/giurisprudenza\\\/per-la-cgt-del-lazio-le-societa-di-noleggio-non-hanno-eluso-lipt\\\/11675\\\/#breadcrumb\"},\"inLanguage\":\"en-US\",\"potentialAction\":[{\"@type\":\"ReadAction\",\"target\":[\"https:\\\/\\\/escalar.it\\\/en\\\/giurisprudenza\\\/per-la-cgt-del-lazio-le-societa-di-noleggio-non-hanno-eluso-lipt\\\/11675\\\/\"]}]},{\"@type\":\"ImageObject\",\"inLanguage\":\"en-US\",\"@id\":\"https:\\\/\\\/escalar.it\\\/en\\\/giurisprudenza\\\/per-la-cgt-del-lazio-le-societa-di-noleggio-non-hanno-eluso-lipt\\\/11675\\\/#primaryimage\",\"url\":\"https:\\\/\\\/escalar.it\\\/wp-content\\\/uploads\\\/2019\\\/05\\\/acquistare-da-ms-automobili.jpg\",\"contentUrl\":\"https:\\\/\\\/escalar.it\\\/wp-content\\\/uploads\\\/2019\\\/05\\\/acquistare-da-ms-automobili.jpg\",\"width\":768,\"height\":432},{\"@type\":\"BreadcrumbList\",\"@id\":\"https:\\\/\\\/escalar.it\\\/en\\\/giurisprudenza\\\/per-la-cgt-del-lazio-le-societa-di-noleggio-non-hanno-eluso-lipt\\\/11675\\\/#breadcrumb\",\"itemListElement\":[{\"@type\":\"ListItem\",\"position\":1,\"name\":\"Home\",\"item\":\"https:\\\/\\\/escalar.it\\\/en\\\/\"},{\"@type\":\"ListItem\",\"position\":2,\"name\":\"Per la CGT del Lazio le societ\u00e0 di noleggio non hanno eluso l\u2019IPT\"}]},{\"@type\":\"WebSite\",\"@id\":\"https:\\\/\\\/escalar.it\\\/en\\\/#website\",\"url\":\"https:\\\/\\\/escalar.it\\\/en\\\/\",\"name\":\"Escalar e Associati\",\"description\":\"\",\"publisher\":{\"@id\":\"https:\\\/\\\/escalar.it\\\/en\\\/#organization\"},\"potentialAction\":[{\"@type\":\"SearchAction\",\"target\":{\"@type\":\"EntryPoint\",\"urlTemplate\":\"https:\\\/\\\/escalar.it\\\/en\\\/?s={search_term_string}\"},\"query-input\":{\"@type\":\"PropertyValueSpecification\",\"valueRequired\":true,\"valueName\":\"search_term_string\"}}],\"inLanguage\":\"en-US\"},{\"@type\":\"Organization\",\"@id\":\"https:\\\/\\\/escalar.it\\\/en\\\/#organization\",\"name\":\"Escalar e Associati - Studio Legale e Tributario\",\"url\":\"https:\\\/\\\/escalar.it\\\/en\\\/\",\"logo\":{\"@type\":\"ImageObject\",\"inLanguage\":\"en-US\",\"@id\":\"https:\\\/\\\/escalar.it\\\/en\\\/#\\\/schema\\\/logo\\\/image\\\/\",\"url\":\"https:\\\/\\\/escalar.it\\\/wp-content\\\/uploads\\\/2019\\\/03\\\/logo-big.png\",\"contentUrl\":\"https:\\\/\\\/escalar.it\\\/wp-content\\\/uploads\\\/2019\\\/03\\\/logo-big.png\",\"width\":1592,\"height\":655,\"caption\":\"Escalar e Associati - Studio Legale e Tributario\"},\"image\":{\"@id\":\"https:\\\/\\\/escalar.it\\\/en\\\/#\\\/schema\\\/logo\\\/image\\\/\"},\"sameAs\":[\"https:\\\/\\\/www.facebook.com\\\/escalareassociati\\\/\",\"https:\\\/\\\/www.linkedin.com\\\/company\\\/escalar-e-associati\\\/\"]},{\"@type\":\"Person\",\"@id\":\"https:\\\/\\\/escalar.it\\\/en\\\/#\\\/schema\\\/person\\\/e00c7366376815b1cb1ab944c020656e\",\"name\":\"Gabriele Escalar\",\"image\":{\"@type\":\"ImageObject\",\"inLanguage\":\"en-US\",\"@id\":\"https:\\\/\\\/secure.gravatar.com\\\/avatar\\\/8006b7b0c6427c005e94b0e87be29d673c0c2aab50614b1e0656598220bfa0fc?s=96&d=mm&r=g\",\"url\":\"https:\\\/\\\/secure.gravatar.com\\\/avatar\\\/8006b7b0c6427c005e94b0e87be29d673c0c2aab50614b1e0656598220bfa0fc?s=96&d=mm&r=g\",\"contentUrl\":\"https:\\\/\\\/secure.gravatar.com\\\/avatar\\\/8006b7b0c6427c005e94b0e87be29d673c0c2aab50614b1e0656598220bfa0fc?s=96&d=mm&r=g\",\"caption\":\"Gabriele Escalar\"},\"sameAs\":[\"http:\\\/\\\/escalar.it\"]}]}<\/script>\n<!-- \/ Yoast SEO plugin. -->","yoast_head_json":{"title":"Per la CGT del Lazio le societ\u00e0 di noleggio non hanno eluso l\u2019IPT &#8211; Escalar e Associati","description":"Sono infondate le contestazioni di abuso del diritto fiscale che la CM di Roma Capitale ha elevato a carico delle societ\u00e0 di noleggio.","robots":{"index":"index","follow":"follow","max-snippet":"max-snippet:-1","max-image-preview":"max-image-preview:large","max-video-preview":"max-video-preview:-1"},"canonical":"https:\/\/escalar.it\/en\/giurisprudenza\/per-la-cgt-del-lazio-le-societa-di-noleggio-non-hanno-eluso-lipt\/11675\/","og_locale":"en_US","og_type":"article","og_title":"Per la CGT del Lazio le societ\u00e0 di noleggio non hanno eluso l\u2019IPT &#8211; Escalar e Associati","og_description":"Sono infondate le contestazioni di abuso del diritto fiscale che la CM di Roma Capitale ha elevato a carico delle societ\u00e0 di noleggio.","og_url":"https:\/\/escalar.it\/en\/giurisprudenza\/per-la-cgt-del-lazio-le-societa-di-noleggio-non-hanno-eluso-lipt\/11675\/","og_site_name":"Escalar e Associati","article_publisher":"https:\/\/www.facebook.com\/escalareassociati\/","article_published_time":"2024-10-25T10:35:11+00:00","article_modified_time":"2024-10-25T10:35:14+00:00","og_image":[{"width":768,"height":432,"url":"https:\/\/escalar.it\/wp-content\/uploads\/2019\/05\/acquistare-da-ms-automobili.jpg","type":"image\/jpeg"}],"author":"Gabriele Escalar","twitter_card":"summary_large_image","twitter_misc":{"Written by":"Gabriele Escalar","Est. reading time":"6 minutes"},"schema":{"@context":"https:\/\/schema.org","@graph":[{"@type":"Article","@id":"https:\/\/escalar.it\/en\/giurisprudenza\/per-la-cgt-del-lazio-le-societa-di-noleggio-non-hanno-eluso-lipt\/11675\/#article","isPartOf":{"@id":"https:\/\/escalar.it\/en\/giurisprudenza\/per-la-cgt-del-lazio-le-societa-di-noleggio-non-hanno-eluso-lipt\/11675\/"},"author":{"name":"Gabriele Escalar","@id":"https:\/\/escalar.it\/en\/#\/schema\/person\/e00c7366376815b1cb1ab944c020656e"},"headline":"Per la CGT del Lazio le societ\u00e0 di noleggio non hanno eluso l\u2019IPT","datePublished":"2024-10-25T10:35:11+00:00","dateModified":"2024-10-25T10:35:14+00:00","mainEntityOfPage":{"@id":"https:\/\/escalar.it\/en\/giurisprudenza\/per-la-cgt-del-lazio-le-societa-di-noleggio-non-hanno-eluso-lipt\/11675\/"},"wordCount":925,"commentCount":0,"publisher":{"@id":"https:\/\/escalar.it\/en\/#organization"},"image":{"@id":"https:\/\/escalar.it\/en\/giurisprudenza\/per-la-cgt-del-lazio-le-societa-di-noleggio-non-hanno-eluso-lipt\/11675\/#primaryimage"},"thumbnailUrl":"https:\/\/escalar.it\/wp-content\/uploads\/2019\/05\/acquistare-da-ms-automobili.jpg","keywords":["CGT Lazio","elusione fiscale","IPT"],"articleSection":["Le Sentenze"],"inLanguage":"en-US","potentialAction":[{"@type":"CommentAction","name":"Comment","target":["https:\/\/escalar.it\/en\/giurisprudenza\/per-la-cgt-del-lazio-le-societa-di-noleggio-non-hanno-eluso-lipt\/11675\/#respond"]}]},{"@type":"WebPage","@id":"https:\/\/escalar.it\/en\/giurisprudenza\/per-la-cgt-del-lazio-le-societa-di-noleggio-non-hanno-eluso-lipt\/11675\/","url":"https:\/\/escalar.it\/en\/giurisprudenza\/per-la-cgt-del-lazio-le-societa-di-noleggio-non-hanno-eluso-lipt\/11675\/","name":"Per la CGT del Lazio le societ\u00e0 di noleggio non hanno eluso l\u2019IPT &#8211; Escalar e Associati","isPartOf":{"@id":"https:\/\/escalar.it\/en\/#website"},"primaryImageOfPage":{"@id":"https:\/\/escalar.it\/en\/giurisprudenza\/per-la-cgt-del-lazio-le-societa-di-noleggio-non-hanno-eluso-lipt\/11675\/#primaryimage"},"image":{"@id":"https:\/\/escalar.it\/en\/giurisprudenza\/per-la-cgt-del-lazio-le-societa-di-noleggio-non-hanno-eluso-lipt\/11675\/#primaryimage"},"thumbnailUrl":"https:\/\/escalar.it\/wp-content\/uploads\/2019\/05\/acquistare-da-ms-automobili.jpg","datePublished":"2024-10-25T10:35:11+00:00","dateModified":"2024-10-25T10:35:14+00:00","description":"Sono infondate le contestazioni di abuso del diritto fiscale che la CM di Roma Capitale ha elevato a carico delle societ\u00e0 di noleggio.","breadcrumb":{"@id":"https:\/\/escalar.it\/en\/giurisprudenza\/per-la-cgt-del-lazio-le-societa-di-noleggio-non-hanno-eluso-lipt\/11675\/#breadcrumb"},"inLanguage":"en-US","potentialAction":[{"@type":"ReadAction","target":["https:\/\/escalar.it\/en\/giurisprudenza\/per-la-cgt-del-lazio-le-societa-di-noleggio-non-hanno-eluso-lipt\/11675\/"]}]},{"@type":"ImageObject","inLanguage":"en-US","@id":"https:\/\/escalar.it\/en\/giurisprudenza\/per-la-cgt-del-lazio-le-societa-di-noleggio-non-hanno-eluso-lipt\/11675\/#primaryimage","url":"https:\/\/escalar.it\/wp-content\/uploads\/2019\/05\/acquistare-da-ms-automobili.jpg","contentUrl":"https:\/\/escalar.it\/wp-content\/uploads\/2019\/05\/acquistare-da-ms-automobili.jpg","width":768,"height":432},{"@type":"BreadcrumbList","@id":"https:\/\/escalar.it\/en\/giurisprudenza\/per-la-cgt-del-lazio-le-societa-di-noleggio-non-hanno-eluso-lipt\/11675\/#breadcrumb","itemListElement":[{"@type":"ListItem","position":1,"name":"Home","item":"https:\/\/escalar.it\/en\/"},{"@type":"ListItem","position":2,"name":"Per la CGT del Lazio le societ\u00e0 di noleggio non hanno eluso l\u2019IPT"}]},{"@type":"WebSite","@id":"https:\/\/escalar.it\/en\/#website","url":"https:\/\/escalar.it\/en\/","name":"Escalar e Associati","description":"","publisher":{"@id":"https:\/\/escalar.it\/en\/#organization"},"potentialAction":[{"@type":"SearchAction","target":{"@type":"EntryPoint","urlTemplate":"https:\/\/escalar.it\/en\/?s={search_term_string}"},"query-input":{"@type":"PropertyValueSpecification","valueRequired":true,"valueName":"search_term_string"}}],"inLanguage":"en-US"},{"@type":"Organization","@id":"https:\/\/escalar.it\/en\/#organization","name":"Escalar e Associati - Studio Legale e Tributario","url":"https:\/\/escalar.it\/en\/","logo":{"@type":"ImageObject","inLanguage":"en-US","@id":"https:\/\/escalar.it\/en\/#\/schema\/logo\/image\/","url":"https:\/\/escalar.it\/wp-content\/uploads\/2019\/03\/logo-big.png","contentUrl":"https:\/\/escalar.it\/wp-content\/uploads\/2019\/03\/logo-big.png","width":1592,"height":655,"caption":"Escalar e Associati - Studio Legale e Tributario"},"image":{"@id":"https:\/\/escalar.it\/en\/#\/schema\/logo\/image\/"},"sameAs":["https:\/\/www.facebook.com\/escalareassociati\/","https:\/\/www.linkedin.com\/company\/escalar-e-associati\/"]},{"@type":"Person","@id":"https:\/\/escalar.it\/en\/#\/schema\/person\/e00c7366376815b1cb1ab944c020656e","name":"Gabriele Escalar","image":{"@type":"ImageObject","inLanguage":"en-US","@id":"https:\/\/secure.gravatar.com\/avatar\/8006b7b0c6427c005e94b0e87be29d673c0c2aab50614b1e0656598220bfa0fc?s=96&d=mm&r=g","url":"https:\/\/secure.gravatar.com\/avatar\/8006b7b0c6427c005e94b0e87be29d673c0c2aab50614b1e0656598220bfa0fc?s=96&d=mm&r=g","contentUrl":"https:\/\/secure.gravatar.com\/avatar\/8006b7b0c6427c005e94b0e87be29d673c0c2aab50614b1e0656598220bfa0fc?s=96&d=mm&r=g","caption":"Gabriele Escalar"},"sameAs":["http:\/\/escalar.it"]}]}},"_links":{"self":[{"href":"https:\/\/escalar.it\/en\/wp-json\/wp\/v2\/posts\/11675","targetHints":{"allow":["GET"]}}],"collection":[{"href":"https:\/\/escalar.it\/en\/wp-json\/wp\/v2\/posts"}],"about":[{"href":"https:\/\/escalar.it\/en\/wp-json\/wp\/v2\/types\/post"}],"author":[{"embeddable":true,"href":"https:\/\/escalar.it\/en\/wp-json\/wp\/v2\/users\/7"}],"replies":[{"embeddable":true,"href":"https:\/\/escalar.it\/en\/wp-json\/wp\/v2\/comments?post=11675"}],"version-history":[{"count":1,"href":"https:\/\/escalar.it\/en\/wp-json\/wp\/v2\/posts\/11675\/revisions"}],"predecessor-version":[{"id":11677,"href":"https:\/\/escalar.it\/en\/wp-json\/wp\/v2\/posts\/11675\/revisions\/11677"}],"wp:featuredmedia":[{"embeddable":true,"href":"https:\/\/escalar.it\/en\/wp-json\/wp\/v2\/media\/9749"}],"wp:attachment":[{"href":"https:\/\/escalar.it\/en\/wp-json\/wp\/v2\/media?parent=11675"}],"wp:term":[{"taxonomy":"category","embeddable":true,"href":"https:\/\/escalar.it\/en\/wp-json\/wp\/v2\/categories?post=11675"},{"taxonomy":"post_tag","embeddable":true,"href":"https:\/\/escalar.it\/en\/wp-json\/wp\/v2\/tags?post=11675"}],"curies":[{"name":"wp","href":"https:\/\/api.w.org\/{rel}","templated":true}]}}