{"id":11536,"date":"2023-12-04T12:40:28","date_gmt":"2023-12-04T11:40:28","guid":{"rendered":"https:\/\/escalar.it\/?p=11536"},"modified":"2023-12-04T12:49:56","modified_gmt":"2023-12-04T11:49:56","slug":"web-meeting-sul-monitoraggio-fiscale-a-carico-di-banche-ed-assicurazioni-per-le-polizze-assicurative","status":"publish","type":"post","link":"https:\/\/escalar.it\/en\/news\/web-meeting-sul-monitoraggio-fiscale-a-carico-di-banche-ed-assicurazioni-per-le-polizze-assicurative\/11536\/","title":{"rendered":"Web Meeting sul &#8220;Monitoraggio fiscale a carico di banche ed assicurazioni per le polizze assicurative&#8221;"},"content":{"rendered":"<style type=\"text\/css\" data-type=\"vc_cmsms_shortcodes-custom-css\"><\/style>\n<p>Lo Studio Escalar e Associati \u00e8 lieto di annunciare che il 12 dicembre 2023 dalle ore 9:30 alle ore 11:30 terr\u00e0 un seminario in videoconferenza che avr\u00e0 ad oggetto <strong>il monitoraggio fiscale a carico di banche ed assicurazioni per le polizze assicurative<\/strong>.<\/p>\n\n\n\n<h4 class=\"wp-block-heading\">Programma<\/h4>\n\n\n\n<ol class=\"wp-block-list\">\n<li>Le modifiche del 2017 alla disciplina del monitoraggio fiscale;<\/li>\n\n\n\n<li>I destinatari e l\u2019estensione degli obblighi di monitoraggio fiscale alle imprese stabilite senza succursale;<\/li>\n\n\n\n<li>Gli obblighi di trasmissione di dati correlati ai diversi modelli organizzativi per le polizze distribuite in Italia;<\/li>\n\n\n\n<li>Le fattispecie di esonero e l\u2019intervento di altri intermediari;<\/li>\n\n\n\n<li>Profili di compatibilit\u00e0 unionale degli obblighi di monitoraggio fiscale e della sanzione per la loro violazione;<\/li>\n\n\n\n<li>Profili di illegittimit\u00e0 costituzionale della sanzione per la violazione degli obblighi di monitoraggio fiscale.<\/li>\n<\/ol>\n\n\n\n<p><a href=\"https:\/\/escalar.it\/gabriele-escalar\/\">Avv. Gabriele Escalar<\/a> &#8211; E&amp;A e Docente a contratto Universit\u00e0 LUISS<br><a href=\"https:\/\/escalar.it\/professionisti\/alessandro-siragusa\/\">Avv. Alessandro Siragusa<\/a> &#8211; E&amp;A<\/p>\n","protected":false},"excerpt":{"rendered":"<p>Lo Studio Escalar e Associati \u00e8 lieto di annunciare che il 12 dicembre 2023 dalle ore 9:30 alle ore 11:30 terr\u00e0 un seminario in videoconferenza che avr\u00e0 ad oggetto il monitoraggio fiscale a carico di banche ed assicurazioni per le polizze assicurative. Programma Avv. Gabriele Escalar &#8211; E&amp;A e Docente a contratto Universit\u00e0 LUISSAvv. Alessandro&#8230;<\/p>\n","protected":false},"author":6,"featured_media":11538,"comment_status":"open","ping_status":"closed","sticky":false,"template":"","format":"standard","meta":{"footnotes":""},"categories":[33],"tags":[73,321,232,338],"class_list":["post-11536","post","type-post","status-publish","format-standard","has-post-thumbnail","hentry","category-news","tag-assicurazioni","tag-banche","tag-monitoraggio-fiscale","tag-rw"],"yoast_head":"<!-- This site is optimized with the Yoast SEO plugin v27.5 - https:\/\/yoast.com\/product\/yoast-seo-wordpress\/ -->\n<title>Web Meeting sul &quot;Monitoraggio fiscale a carico di banche ed assicurazioni per le polizze assicurative&quot; &#8211; Escalar e Associati<\/title>\n<meta name=\"description\" content=\"Il 12 dicembre 2023 si terr\u00e0 un seminario sul monitoraggio fiscale a carico di banche ed assicurazioni per le polizze assicurative.\" \/>\n<meta name=\"robots\" content=\"index, follow, max-snippet:-1, max-image-preview:large, max-video-preview:-1\" \/>\n<link rel=\"canonical\" href=\"https:\/\/escalar.it\/en\/news\/web-meeting-sul-monitoraggio-fiscale-a-carico-di-banche-ed-assicurazioni-per-le-polizze-assicurative\/11536\/\" \/>\n<meta property=\"og:locale\" content=\"en_US\" \/>\n<meta property=\"og:type\" content=\"article\" \/>\n<meta property=\"og:title\" content=\"Web Meeting sul &quot;Monitoraggio fiscale a carico di banche ed assicurazioni per le polizze assicurative&quot; &#8211; Escalar e Associati\" \/>\n<meta property=\"og:description\" content=\"Il 12 dicembre 2023 si terr\u00e0 un seminario sul monitoraggio fiscale a carico di banche ed assicurazioni per le polizze assicurative.\" \/>\n<meta property=\"og:url\" content=\"https:\/\/escalar.it\/en\/news\/web-meeting-sul-monitoraggio-fiscale-a-carico-di-banche-ed-assicurazioni-per-le-polizze-assicurative\/11536\/\" \/>\n<meta property=\"og:site_name\" content=\"Escalar e Associati\" \/>\n<meta property=\"article:publisher\" content=\"https:\/\/www.facebook.com\/escalareassociati\/\" \/>\n<meta property=\"article:published_time\" content=\"2023-12-04T11:40:28+00:00\" \/>\n<meta property=\"article:modified_time\" content=\"2023-12-04T11:49:56+00:00\" \/>\n<meta property=\"og:image\" content=\"https:\/\/escalar.it\/wp-content\/uploads\/2023\/12\/LocMon.jpg\" \/>\n\t<meta property=\"og:image:width\" content=\"800\" \/>\n\t<meta property=\"og:image:height\" content=\"449\" \/>\n\t<meta property=\"og:image:type\" content=\"image\/jpeg\" \/>\n<meta name=\"author\" content=\"Escalar e Associati\" \/>\n<meta name=\"twitter:card\" content=\"summary_large_image\" \/>\n<meta name=\"twitter:label1\" content=\"Written by\" \/>\n\t<meta name=\"twitter:data1\" content=\"Escalar e Associati\" \/>\n\t<meta name=\"twitter:label2\" content=\"Est. reading time\" \/>\n\t<meta name=\"twitter:data2\" content=\"1 minute\" \/>\n<script type=\"application\/ld+json\" class=\"yoast-schema-graph\">{\"@context\":\"https:\\\/\\\/schema.org\",\"@graph\":[{\"@type\":\"Article\",\"@id\":\"https:\\\/\\\/escalar.it\\\/en\\\/news\\\/web-meeting-sul-monitoraggio-fiscale-a-carico-di-banche-ed-assicurazioni-per-le-polizze-assicurative\\\/11536\\\/#article\",\"isPartOf\":{\"@id\":\"https:\\\/\\\/escalar.it\\\/en\\\/news\\\/web-meeting-sul-monitoraggio-fiscale-a-carico-di-banche-ed-assicurazioni-per-le-polizze-assicurative\\\/11536\\\/\"},\"author\":{\"name\":\"Escalar e Associati\",\"@id\":\"https:\\\/\\\/escalar.it\\\/en\\\/#\\\/schema\\\/person\\\/b77edfcf5ba59fe1ab3326f708e27cc3\"},\"headline\":\"Web Meeting sul &#8220;Monitoraggio fiscale a carico di banche ed assicurazioni per le polizze assicurative&#8221;\",\"datePublished\":\"2023-12-04T11:40:28+00:00\",\"dateModified\":\"2023-12-04T11:49:56+00:00\",\"mainEntityOfPage\":{\"@id\":\"https:\\\/\\\/escalar.it\\\/en\\\/news\\\/web-meeting-sul-monitoraggio-fiscale-a-carico-di-banche-ed-assicurazioni-per-le-polizze-assicurative\\\/11536\\\/\"},\"wordCount\":153,\"commentCount\":0,\"publisher\":{\"@id\":\"https:\\\/\\\/escalar.it\\\/en\\\/#organization\"},\"image\":{\"@id\":\"https:\\\/\\\/escalar.it\\\/en\\\/news\\\/web-meeting-sul-monitoraggio-fiscale-a-carico-di-banche-ed-assicurazioni-per-le-polizze-assicurative\\\/11536\\\/#primaryimage\"},\"thumbnailUrl\":\"https:\\\/\\\/escalar.it\\\/wp-content\\\/uploads\\\/2023\\\/12\\\/LocMon.jpg\",\"keywords\":[\"assicurazioni\",\"banche\",\"monitoraggio fiscale\",\"rw\"],\"articleSection\":[\"Gli Eventi\"],\"inLanguage\":\"en-US\",\"potentialAction\":[{\"@type\":\"CommentAction\",\"name\":\"Comment\",\"target\":[\"https:\\\/\\\/escalar.it\\\/en\\\/news\\\/web-meeting-sul-monitoraggio-fiscale-a-carico-di-banche-ed-assicurazioni-per-le-polizze-assicurative\\\/11536\\\/#respond\"]}]},{\"@type\":\"WebPage\",\"@id\":\"https:\\\/\\\/escalar.it\\\/en\\\/news\\\/web-meeting-sul-monitoraggio-fiscale-a-carico-di-banche-ed-assicurazioni-per-le-polizze-assicurative\\\/11536\\\/\",\"url\":\"https:\\\/\\\/escalar.it\\\/en\\\/news\\\/web-meeting-sul-monitoraggio-fiscale-a-carico-di-banche-ed-assicurazioni-per-le-polizze-assicurative\\\/11536\\\/\",\"name\":\"Web Meeting sul \\\"Monitoraggio fiscale a carico di banche ed assicurazioni per le polizze assicurative\\\" &#8211; Escalar e Associati\",\"isPartOf\":{\"@id\":\"https:\\\/\\\/escalar.it\\\/en\\\/#website\"},\"primaryImageOfPage\":{\"@id\":\"https:\\\/\\\/escalar.it\\\/en\\\/news\\\/web-meeting-sul-monitoraggio-fiscale-a-carico-di-banche-ed-assicurazioni-per-le-polizze-assicurative\\\/11536\\\/#primaryimage\"},\"image\":{\"@id\":\"https:\\\/\\\/escalar.it\\\/en\\\/news\\\/web-meeting-sul-monitoraggio-fiscale-a-carico-di-banche-ed-assicurazioni-per-le-polizze-assicurative\\\/11536\\\/#primaryimage\"},\"thumbnailUrl\":\"https:\\\/\\\/escalar.it\\\/wp-content\\\/uploads\\\/2023\\\/12\\\/LocMon.jpg\",\"datePublished\":\"2023-12-04T11:40:28+00:00\",\"dateModified\":\"2023-12-04T11:49:56+00:00\",\"description\":\"Il 12 dicembre 2023 si terr\u00e0 un seminario sul monitoraggio fiscale a carico di banche ed assicurazioni per le polizze assicurative.\",\"breadcrumb\":{\"@id\":\"https:\\\/\\\/escalar.it\\\/en\\\/news\\\/web-meeting-sul-monitoraggio-fiscale-a-carico-di-banche-ed-assicurazioni-per-le-polizze-assicurative\\\/11536\\\/#breadcrumb\"},\"inLanguage\":\"en-US\",\"potentialAction\":[{\"@type\":\"ReadAction\",\"target\":[\"https:\\\/\\\/escalar.it\\\/en\\\/news\\\/web-meeting-sul-monitoraggio-fiscale-a-carico-di-banche-ed-assicurazioni-per-le-polizze-assicurative\\\/11536\\\/\"]}]},{\"@type\":\"ImageObject\",\"inLanguage\":\"en-US\",\"@id\":\"https:\\\/\\\/escalar.it\\\/en\\\/news\\\/web-meeting-sul-monitoraggio-fiscale-a-carico-di-banche-ed-assicurazioni-per-le-polizze-assicurative\\\/11536\\\/#primaryimage\",\"url\":\"https:\\\/\\\/escalar.it\\\/wp-content\\\/uploads\\\/2023\\\/12\\\/LocMon.jpg\",\"contentUrl\":\"https:\\\/\\\/escalar.it\\\/wp-content\\\/uploads\\\/2023\\\/12\\\/LocMon.jpg\",\"width\":800,\"height\":449},{\"@type\":\"BreadcrumbList\",\"@id\":\"https:\\\/\\\/escalar.it\\\/en\\\/news\\\/web-meeting-sul-monitoraggio-fiscale-a-carico-di-banche-ed-assicurazioni-per-le-polizze-assicurative\\\/11536\\\/#breadcrumb\",\"itemListElement\":[{\"@type\":\"ListItem\",\"position\":1,\"name\":\"Home\",\"item\":\"https:\\\/\\\/escalar.it\\\/en\\\/\"},{\"@type\":\"ListItem\",\"position\":2,\"name\":\"Web Meeting sul &#8220;Monitoraggio fiscale a carico di banche ed assicurazioni per le polizze assicurative&#8221;\"}]},{\"@type\":\"WebSite\",\"@id\":\"https:\\\/\\\/escalar.it\\\/en\\\/#website\",\"url\":\"https:\\\/\\\/escalar.it\\\/en\\\/\",\"name\":\"Escalar e Associati\",\"description\":\"\",\"publisher\":{\"@id\":\"https:\\\/\\\/escalar.it\\\/en\\\/#organization\"},\"potentialAction\":[{\"@type\":\"SearchAction\",\"target\":{\"@type\":\"EntryPoint\",\"urlTemplate\":\"https:\\\/\\\/escalar.it\\\/en\\\/?s={search_term_string}\"},\"query-input\":{\"@type\":\"PropertyValueSpecification\",\"valueRequired\":true,\"valueName\":\"search_term_string\"}}],\"inLanguage\":\"en-US\"},{\"@type\":\"Organization\",\"@id\":\"https:\\\/\\\/escalar.it\\\/en\\\/#organization\",\"name\":\"Escalar e Associati - Studio Legale e Tributario\",\"url\":\"https:\\\/\\\/escalar.it\\\/en\\\/\",\"logo\":{\"@type\":\"ImageObject\",\"inLanguage\":\"en-US\",\"@id\":\"https:\\\/\\\/escalar.it\\\/en\\\/#\\\/schema\\\/logo\\\/image\\\/\",\"url\":\"https:\\\/\\\/escalar.it\\\/wp-content\\\/uploads\\\/2019\\\/03\\\/logo-big.png\",\"contentUrl\":\"https:\\\/\\\/escalar.it\\\/wp-content\\\/uploads\\\/2019\\\/03\\\/logo-big.png\",\"width\":1592,\"height\":655,\"caption\":\"Escalar e Associati - Studio Legale e Tributario\"},\"image\":{\"@id\":\"https:\\\/\\\/escalar.it\\\/en\\\/#\\\/schema\\\/logo\\\/image\\\/\"},\"sameAs\":[\"https:\\\/\\\/www.facebook.com\\\/escalareassociati\\\/\",\"https:\\\/\\\/www.linkedin.com\\\/company\\\/escalar-e-associati\\\/\"]},{\"@type\":\"Person\",\"@id\":\"https:\\\/\\\/escalar.it\\\/en\\\/#\\\/schema\\\/person\\\/b77edfcf5ba59fe1ab3326f708e27cc3\",\"name\":\"Escalar e Associati\",\"image\":{\"@type\":\"ImageObject\",\"inLanguage\":\"en-US\",\"@id\":\"https:\\\/\\\/secure.gravatar.com\\\/avatar\\\/d5e4e3c75179a28864f62a0be41fe3da1911c3209cd5d9b8df5afa07dc07fb47?s=96&d=mm&r=g\",\"url\":\"https:\\\/\\\/secure.gravatar.com\\\/avatar\\\/d5e4e3c75179a28864f62a0be41fe3da1911c3209cd5d9b8df5afa07dc07fb47?s=96&d=mm&r=g\",\"contentUrl\":\"https:\\\/\\\/secure.gravatar.com\\\/avatar\\\/d5e4e3c75179a28864f62a0be41fe3da1911c3209cd5d9b8df5afa07dc07fb47?s=96&d=mm&r=g\",\"caption\":\"Escalar e Associati\"},\"sameAs\":[\"http:\\\/\\\/escalar.it\"]}]}<\/script>\n<!-- \/ Yoast SEO plugin. -->","yoast_head_json":{"title":"Web Meeting sul \"Monitoraggio fiscale a carico di banche ed assicurazioni per le polizze assicurative\" &#8211; Escalar e Associati","description":"Il 12 dicembre 2023 si terr\u00e0 un seminario sul monitoraggio fiscale a carico di banche ed assicurazioni per le polizze assicurative.","robots":{"index":"index","follow":"follow","max-snippet":"max-snippet:-1","max-image-preview":"max-image-preview:large","max-video-preview":"max-video-preview:-1"},"canonical":"https:\/\/escalar.it\/en\/news\/web-meeting-sul-monitoraggio-fiscale-a-carico-di-banche-ed-assicurazioni-per-le-polizze-assicurative\/11536\/","og_locale":"en_US","og_type":"article","og_title":"Web Meeting sul \"Monitoraggio fiscale a carico di banche ed assicurazioni per le polizze assicurative\" &#8211; Escalar e Associati","og_description":"Il 12 dicembre 2023 si terr\u00e0 un seminario sul monitoraggio fiscale a carico di banche ed assicurazioni per le polizze assicurative.","og_url":"https:\/\/escalar.it\/en\/news\/web-meeting-sul-monitoraggio-fiscale-a-carico-di-banche-ed-assicurazioni-per-le-polizze-assicurative\/11536\/","og_site_name":"Escalar e Associati","article_publisher":"https:\/\/www.facebook.com\/escalareassociati\/","article_published_time":"2023-12-04T11:40:28+00:00","article_modified_time":"2023-12-04T11:49:56+00:00","og_image":[{"width":800,"height":449,"url":"https:\/\/escalar.it\/wp-content\/uploads\/2023\/12\/LocMon.jpg","type":"image\/jpeg"}],"author":"Escalar e Associati","twitter_card":"summary_large_image","twitter_misc":{"Written by":"Escalar e Associati","Est. reading time":"1 minute"},"schema":{"@context":"https:\/\/schema.org","@graph":[{"@type":"Article","@id":"https:\/\/escalar.it\/en\/news\/web-meeting-sul-monitoraggio-fiscale-a-carico-di-banche-ed-assicurazioni-per-le-polizze-assicurative\/11536\/#article","isPartOf":{"@id":"https:\/\/escalar.it\/en\/news\/web-meeting-sul-monitoraggio-fiscale-a-carico-di-banche-ed-assicurazioni-per-le-polizze-assicurative\/11536\/"},"author":{"name":"Escalar e Associati","@id":"https:\/\/escalar.it\/en\/#\/schema\/person\/b77edfcf5ba59fe1ab3326f708e27cc3"},"headline":"Web Meeting sul &#8220;Monitoraggio fiscale a carico di banche ed assicurazioni per le polizze assicurative&#8221;","datePublished":"2023-12-04T11:40:28+00:00","dateModified":"2023-12-04T11:49:56+00:00","mainEntityOfPage":{"@id":"https:\/\/escalar.it\/en\/news\/web-meeting-sul-monitoraggio-fiscale-a-carico-di-banche-ed-assicurazioni-per-le-polizze-assicurative\/11536\/"},"wordCount":153,"commentCount":0,"publisher":{"@id":"https:\/\/escalar.it\/en\/#organization"},"image":{"@id":"https:\/\/escalar.it\/en\/news\/web-meeting-sul-monitoraggio-fiscale-a-carico-di-banche-ed-assicurazioni-per-le-polizze-assicurative\/11536\/#primaryimage"},"thumbnailUrl":"https:\/\/escalar.it\/wp-content\/uploads\/2023\/12\/LocMon.jpg","keywords":["assicurazioni","banche","monitoraggio fiscale","rw"],"articleSection":["Gli Eventi"],"inLanguage":"en-US","potentialAction":[{"@type":"CommentAction","name":"Comment","target":["https:\/\/escalar.it\/en\/news\/web-meeting-sul-monitoraggio-fiscale-a-carico-di-banche-ed-assicurazioni-per-le-polizze-assicurative\/11536\/#respond"]}]},{"@type":"WebPage","@id":"https:\/\/escalar.it\/en\/news\/web-meeting-sul-monitoraggio-fiscale-a-carico-di-banche-ed-assicurazioni-per-le-polizze-assicurative\/11536\/","url":"https:\/\/escalar.it\/en\/news\/web-meeting-sul-monitoraggio-fiscale-a-carico-di-banche-ed-assicurazioni-per-le-polizze-assicurative\/11536\/","name":"Web Meeting sul \"Monitoraggio fiscale a carico di banche ed assicurazioni per le polizze assicurative\" &#8211; Escalar e Associati","isPartOf":{"@id":"https:\/\/escalar.it\/en\/#website"},"primaryImageOfPage":{"@id":"https:\/\/escalar.it\/en\/news\/web-meeting-sul-monitoraggio-fiscale-a-carico-di-banche-ed-assicurazioni-per-le-polizze-assicurative\/11536\/#primaryimage"},"image":{"@id":"https:\/\/escalar.it\/en\/news\/web-meeting-sul-monitoraggio-fiscale-a-carico-di-banche-ed-assicurazioni-per-le-polizze-assicurative\/11536\/#primaryimage"},"thumbnailUrl":"https:\/\/escalar.it\/wp-content\/uploads\/2023\/12\/LocMon.jpg","datePublished":"2023-12-04T11:40:28+00:00","dateModified":"2023-12-04T11:49:56+00:00","description":"Il 12 dicembre 2023 si terr\u00e0 un seminario sul monitoraggio fiscale a carico di banche ed assicurazioni per le polizze assicurative.","breadcrumb":{"@id":"https:\/\/escalar.it\/en\/news\/web-meeting-sul-monitoraggio-fiscale-a-carico-di-banche-ed-assicurazioni-per-le-polizze-assicurative\/11536\/#breadcrumb"},"inLanguage":"en-US","potentialAction":[{"@type":"ReadAction","target":["https:\/\/escalar.it\/en\/news\/web-meeting-sul-monitoraggio-fiscale-a-carico-di-banche-ed-assicurazioni-per-le-polizze-assicurative\/11536\/"]}]},{"@type":"ImageObject","inLanguage":"en-US","@id":"https:\/\/escalar.it\/en\/news\/web-meeting-sul-monitoraggio-fiscale-a-carico-di-banche-ed-assicurazioni-per-le-polizze-assicurative\/11536\/#primaryimage","url":"https:\/\/escalar.it\/wp-content\/uploads\/2023\/12\/LocMon.jpg","contentUrl":"https:\/\/escalar.it\/wp-content\/uploads\/2023\/12\/LocMon.jpg","width":800,"height":449},{"@type":"BreadcrumbList","@id":"https:\/\/escalar.it\/en\/news\/web-meeting-sul-monitoraggio-fiscale-a-carico-di-banche-ed-assicurazioni-per-le-polizze-assicurative\/11536\/#breadcrumb","itemListElement":[{"@type":"ListItem","position":1,"name":"Home","item":"https:\/\/escalar.it\/en\/"},{"@type":"ListItem","position":2,"name":"Web Meeting sul &#8220;Monitoraggio fiscale a carico di banche ed assicurazioni per le polizze assicurative&#8221;"}]},{"@type":"WebSite","@id":"https:\/\/escalar.it\/en\/#website","url":"https:\/\/escalar.it\/en\/","name":"Escalar e Associati","description":"","publisher":{"@id":"https:\/\/escalar.it\/en\/#organization"},"potentialAction":[{"@type":"SearchAction","target":{"@type":"EntryPoint","urlTemplate":"https:\/\/escalar.it\/en\/?s={search_term_string}"},"query-input":{"@type":"PropertyValueSpecification","valueRequired":true,"valueName":"search_term_string"}}],"inLanguage":"en-US"},{"@type":"Organization","@id":"https:\/\/escalar.it\/en\/#organization","name":"Escalar e Associati - Studio Legale e Tributario","url":"https:\/\/escalar.it\/en\/","logo":{"@type":"ImageObject","inLanguage":"en-US","@id":"https:\/\/escalar.it\/en\/#\/schema\/logo\/image\/","url":"https:\/\/escalar.it\/wp-content\/uploads\/2019\/03\/logo-big.png","contentUrl":"https:\/\/escalar.it\/wp-content\/uploads\/2019\/03\/logo-big.png","width":1592,"height":655,"caption":"Escalar e Associati - Studio Legale e Tributario"},"image":{"@id":"https:\/\/escalar.it\/en\/#\/schema\/logo\/image\/"},"sameAs":["https:\/\/www.facebook.com\/escalareassociati\/","https:\/\/www.linkedin.com\/company\/escalar-e-associati\/"]},{"@type":"Person","@id":"https:\/\/escalar.it\/en\/#\/schema\/person\/b77edfcf5ba59fe1ab3326f708e27cc3","name":"Escalar e Associati","image":{"@type":"ImageObject","inLanguage":"en-US","@id":"https:\/\/secure.gravatar.com\/avatar\/d5e4e3c75179a28864f62a0be41fe3da1911c3209cd5d9b8df5afa07dc07fb47?s=96&d=mm&r=g","url":"https:\/\/secure.gravatar.com\/avatar\/d5e4e3c75179a28864f62a0be41fe3da1911c3209cd5d9b8df5afa07dc07fb47?s=96&d=mm&r=g","contentUrl":"https:\/\/secure.gravatar.com\/avatar\/d5e4e3c75179a28864f62a0be41fe3da1911c3209cd5d9b8df5afa07dc07fb47?s=96&d=mm&r=g","caption":"Escalar e Associati"},"sameAs":["http:\/\/escalar.it"]}]}},"_links":{"self":[{"href":"https:\/\/escalar.it\/en\/wp-json\/wp\/v2\/posts\/11536","targetHints":{"allow":["GET"]}}],"collection":[{"href":"https:\/\/escalar.it\/en\/wp-json\/wp\/v2\/posts"}],"about":[{"href":"https:\/\/escalar.it\/en\/wp-json\/wp\/v2\/types\/post"}],"author":[{"embeddable":true,"href":"https:\/\/escalar.it\/en\/wp-json\/wp\/v2\/users\/6"}],"replies":[{"embeddable":true,"href":"https:\/\/escalar.it\/en\/wp-json\/wp\/v2\/comments?post=11536"}],"version-history":[{"count":2,"href":"https:\/\/escalar.it\/en\/wp-json\/wp\/v2\/posts\/11536\/revisions"}],"predecessor-version":[{"id":11539,"href":"https:\/\/escalar.it\/en\/wp-json\/wp\/v2\/posts\/11536\/revisions\/11539"}],"wp:featuredmedia":[{"embeddable":true,"href":"https:\/\/escalar.it\/en\/wp-json\/wp\/v2\/media\/11538"}],"wp:attachment":[{"href":"https:\/\/escalar.it\/en\/wp-json\/wp\/v2\/media?parent=11536"}],"wp:term":[{"taxonomy":"category","embeddable":true,"href":"https:\/\/escalar.it\/en\/wp-json\/wp\/v2\/categories?post=11536"},{"taxonomy":"post_tag","embeddable":true,"href":"https:\/\/escalar.it\/en\/wp-json\/wp\/v2\/tags?post=11536"}],"curies":[{"name":"wp","href":"https:\/\/api.w.org\/{rel}","templated":true}]}}