{"id":11401,"date":"2023-07-19T10:16:02","date_gmt":"2023-07-19T09:16:02","guid":{"rendered":"https:\/\/escalar.it\/?p=11401"},"modified":"2023-07-19T11:13:16","modified_gmt":"2023-07-19T10:13:16","slug":"riflessioni-a-margine-del-web-meeting-in-tema-di-fiscalita-delle-cripto-attivita-del-18-luglio-2023","status":"publish","type":"post","link":"https:\/\/escalar.it\/en\/news\/riflessioni-a-margine-del-web-meeting-in-tema-di-fiscalita-delle-cripto-attivita-del-18-luglio-2023\/11401\/","title":{"rendered":"Riflessioni a margine del Web Meeting in tema di fiscalit\u00e0 delle Cripto-Attivit\u00e0 del 18 luglio 2023"},"content":{"rendered":"<style type=\"text\/css\" data-type=\"vc_cmsms_shortcodes-custom-css\"><\/style>\n<p>Ieri, 18 luglio 2023, si \u00e8 tenuto il web meeting organizzato dallo Studio in ordine alle questioni \u201c<em>Questioni risolte e irrisolte sulla fiscalit\u00e0 per i privati di security token, strumenti digitali, criptovalute e NFT alla luce della circolare dell\u2019AdE in consultazione<\/em>\u201d.<\/p>\n\n\n\n<p>Nel corso del web meeting i professionisti dello studio hanno analizzato i diversi modelli di registro distribuito e la gestione informatica delle cripto-attivit\u00e0, le questioni relative alla qualificazione giuridica e fiscale di security token, strumenti digitali, NFT e criptovalute e le questioni relative al prelievo dell\u2019imposta sui proventi delle cripto-attivit\u00e0.<\/p>\n\n\n\n<p>Inoltre, la dott.ssa Paola Flora del Servizio fiscale di Intesa Sanpaolo S.p.A. ed il dott. Christian Miccoli\u00a0di Conio s.r.l. hanno illustrato le questioni che rimangono ancora aperte, rispettivamente, per gli intermediari finanziari e per quelli non finanziari.<\/p>\n\n\n\n<p>Nel corso dei lavori \u00e8 stato, fra l\u2019altro, ribadito come per un corretto inquadramento giuridico e fiscale delle cripto-attivit\u00e0 sia fondamentale avere presente che l\u2019associazione di un diritto ad un <em>token<\/em> e quindi ad un codice alfanumerico iscritto sul registro distribuito costituisce soltanto una mera forma di rappresentazione di tale diritto che non ne comporta l\u2019assoggettamento al regime cartolare.<\/p>\n\n\n\n<p>Pertanto la tokenizzazione di un diritto non pu\u00f2 come tale modificare il regime giuridico e, per conseguenza, anche il regime fiscale dei proventi che ne derivano, salvo naturalmente che non sia lo stesso legislatore a stabilirlo.<\/p>\n\n\n\n<p>Soltanto nel caso delle cripto-valute la rappresentazione digitale \u00e8 al tempo stesso forma e sostanza in quanto i partecipanti al mercato riconnettono a questa stessa rappresentazione digitale un valore, sebbene siano prive di qualunque sottostante.<\/p>\n\n\n\n<p>Tale considerazione comporta che possono ritenersi riconducibili nella nuova lettera c-sexies) dell\u2019art. 67 del TUIR, oltre ai redditi delle cripto-valute, soltanto i redditi delle cripto-attivit\u00e0 che siano rappresentative di diritti per i quali non sia gi\u00e0 previsto un autonomo regime fiscale dalle precedenti lettere dello stesso art. 67 ovvero dai precedenti articoli del TUIR.<\/p>\n\n\n\n<p>Pertanto i redditi derivanti da cripto-attivit\u00e0 rappresentative di rapporti di impiego di capitale devono ritenersi qualificabili come redditi di capitale sulla base della fattispecie impositiva prevista dall\u2019art. 44 del TUIR in cui risultino riconducibili, indipendentemente dal fatto che siano qualificabili come strumenti finanziari.<\/p>\n\n\n\n<p>Inoltre, \u00e8 stato rilevato che, per contro, i nuovi strumenti finanziari digitali disciplinati dal decreto-legge n.25\/2023 devono ritenersi <em>in toto<\/em> soggetti al regime fiscale previsto per i corrispondenti strumenti finanziari emessi in forma non digitale, secondo quanto \u00e8 stato confermato dalla relativa relazione illustrativa.<\/p>\n\n\n\n<p>Ed infatti tale decreto-legge non solo ha legittimato l\u2019emissione in forma digitale di azioni, obbligazioni, altri titoli di debito, strumenti del mercato monetario e quote di OICR disciplinati dal codice civile, ma ha espressamente esteso a tali strumenti finanziari il regime giuridico dei titoli di credito.\u00a0 <\/p>\n","protected":false},"excerpt":{"rendered":"<p>Ieri, 18 luglio 2023, si \u00e8 tenuto il web meeting organizzato dallo Studio in ordine alle questioni \u201cQuestioni risolte e irrisolte sulla fiscalit\u00e0 per i privati di security token, strumenti digitali, criptovalute e NFT alla luce della circolare dell\u2019AdE in consultazione\u201d. Nel corso del web meeting i professionisti dello studio hanno analizzato i diversi modelli&#8230;<\/p>\n","protected":false},"author":6,"featured_media":10550,"comment_status":"open","ping_status":"closed","sticky":false,"template":"","format":"standard","meta":{"footnotes":""},"categories":[33],"tags":[170,259,219,142,145,203,220],"class_list":["post-11401","post","type-post","status-publish","format-standard","has-post-thumbnail","hentry","category-news","tag-blockchain","tag-cripto-asset","tag-criptoattivita","tag-criptovalute","tag-ethereum","tag-nft","tag-security-token"],"yoast_head":"<!-- This site is optimized with the Yoast SEO plugin v27.5 - https:\/\/yoast.com\/product\/yoast-seo-wordpress\/ -->\n<title>Riflessioni a margine del Web Meeting in tema di fiscalit\u00e0 delle Cripto-Attivit\u00e0 del 18 luglio 2023 &#8211; Escalar e Associati<\/title>\n<meta name=\"description\" content=\"Questioni risolte e irrisolte sulla fiscalit\u00e0 per i privati di security token, strumenti digitali, criptovalute e NFT alla luce della circolare dell\u2019AdE.\" \/>\n<meta name=\"robots\" content=\"index, follow, max-snippet:-1, max-image-preview:large, max-video-preview:-1\" \/>\n<link rel=\"canonical\" href=\"https:\/\/escalar.it\/en\/news\/riflessioni-a-margine-del-web-meeting-in-tema-di-fiscalita-delle-cripto-attivita-del-18-luglio-2023\/11401\/\" \/>\n<meta property=\"og:locale\" content=\"en_US\" \/>\n<meta property=\"og:type\" content=\"article\" \/>\n<meta property=\"og:title\" content=\"Riflessioni a margine del Web Meeting in tema di fiscalit\u00e0 delle Cripto-Attivit\u00e0 del 18 luglio 2023 &#8211; Escalar e Associati\" \/>\n<meta property=\"og:description\" content=\"Questioni risolte e irrisolte sulla fiscalit\u00e0 per i privati di security token, strumenti digitali, criptovalute e NFT alla luce della circolare dell\u2019AdE.\" \/>\n<meta property=\"og:url\" content=\"https:\/\/escalar.it\/en\/news\/riflessioni-a-margine-del-web-meeting-in-tema-di-fiscalita-delle-cripto-attivita-del-18-luglio-2023\/11401\/\" \/>\n<meta property=\"og:site_name\" content=\"Escalar e Associati\" \/>\n<meta property=\"article:publisher\" content=\"https:\/\/www.facebook.com\/escalareassociati\/\" \/>\n<meta property=\"article:published_time\" content=\"2023-07-19T09:16:02+00:00\" \/>\n<meta property=\"article:modified_time\" content=\"2023-07-19T10:13:16+00:00\" \/>\n<meta property=\"og:image\" content=\"https:\/\/escalar.it\/wp-content\/uploads\/2021\/09\/criptovalute.jpg\" \/>\n\t<meta property=\"og:image:width\" content=\"1800\" \/>\n\t<meta property=\"og:image:height\" content=\"1014\" \/>\n\t<meta property=\"og:image:type\" content=\"image\/jpeg\" \/>\n<meta name=\"author\" content=\"Escalar e Associati\" \/>\n<meta name=\"twitter:card\" content=\"summary_large_image\" \/>\n<meta name=\"twitter:label1\" content=\"Written by\" \/>\n\t<meta name=\"twitter:data1\" content=\"Escalar e Associati\" \/>\n\t<meta name=\"twitter:label2\" content=\"Est. reading time\" \/>\n\t<meta name=\"twitter:data2\" content=\"3 minutes\" \/>\n<script type=\"application\/ld+json\" class=\"yoast-schema-graph\">{\"@context\":\"https:\\\/\\\/schema.org\",\"@graph\":[{\"@type\":\"Article\",\"@id\":\"https:\\\/\\\/escalar.it\\\/en\\\/news\\\/riflessioni-a-margine-del-web-meeting-in-tema-di-fiscalita-delle-cripto-attivita-del-18-luglio-2023\\\/11401\\\/#article\",\"isPartOf\":{\"@id\":\"https:\\\/\\\/escalar.it\\\/en\\\/news\\\/riflessioni-a-margine-del-web-meeting-in-tema-di-fiscalita-delle-cripto-attivita-del-18-luglio-2023\\\/11401\\\/\"},\"author\":{\"name\":\"Escalar e Associati\",\"@id\":\"https:\\\/\\\/escalar.it\\\/en\\\/#\\\/schema\\\/person\\\/b77edfcf5ba59fe1ab3326f708e27cc3\"},\"headline\":\"Riflessioni a margine del Web Meeting in tema di fiscalit\u00e0 delle Cripto-Attivit\u00e0 del 18 luglio 2023\",\"datePublished\":\"2023-07-19T09:16:02+00:00\",\"dateModified\":\"2023-07-19T10:13:16+00:00\",\"mainEntityOfPage\":{\"@id\":\"https:\\\/\\\/escalar.it\\\/en\\\/news\\\/riflessioni-a-margine-del-web-meeting-in-tema-di-fiscalita-delle-cripto-attivita-del-18-luglio-2023\\\/11401\\\/\"},\"wordCount\":463,\"commentCount\":0,\"publisher\":{\"@id\":\"https:\\\/\\\/escalar.it\\\/en\\\/#organization\"},\"image\":{\"@id\":\"https:\\\/\\\/escalar.it\\\/en\\\/news\\\/riflessioni-a-margine-del-web-meeting-in-tema-di-fiscalita-delle-cripto-attivita-del-18-luglio-2023\\\/11401\\\/#primaryimage\"},\"thumbnailUrl\":\"https:\\\/\\\/escalar.it\\\/wp-content\\\/uploads\\\/2021\\\/09\\\/criptovalute.jpg\",\"keywords\":[\"blockchain\",\"cripto-asset\",\"criptoattivit\u00e0\",\"criptovalute\",\"ethereum\",\"nft\",\"security token\"],\"articleSection\":[\"Gli Eventi\"],\"inLanguage\":\"en-US\",\"potentialAction\":[{\"@type\":\"CommentAction\",\"name\":\"Comment\",\"target\":[\"https:\\\/\\\/escalar.it\\\/en\\\/news\\\/riflessioni-a-margine-del-web-meeting-in-tema-di-fiscalita-delle-cripto-attivita-del-18-luglio-2023\\\/11401\\\/#respond\"]}]},{\"@type\":\"WebPage\",\"@id\":\"https:\\\/\\\/escalar.it\\\/en\\\/news\\\/riflessioni-a-margine-del-web-meeting-in-tema-di-fiscalita-delle-cripto-attivita-del-18-luglio-2023\\\/11401\\\/\",\"url\":\"https:\\\/\\\/escalar.it\\\/en\\\/news\\\/riflessioni-a-margine-del-web-meeting-in-tema-di-fiscalita-delle-cripto-attivita-del-18-luglio-2023\\\/11401\\\/\",\"name\":\"Riflessioni a margine del Web Meeting in tema di fiscalit\u00e0 delle Cripto-Attivit\u00e0 del 18 luglio 2023 &#8211; Escalar e Associati\",\"isPartOf\":{\"@id\":\"https:\\\/\\\/escalar.it\\\/en\\\/#website\"},\"primaryImageOfPage\":{\"@id\":\"https:\\\/\\\/escalar.it\\\/en\\\/news\\\/riflessioni-a-margine-del-web-meeting-in-tema-di-fiscalita-delle-cripto-attivita-del-18-luglio-2023\\\/11401\\\/#primaryimage\"},\"image\":{\"@id\":\"https:\\\/\\\/escalar.it\\\/en\\\/news\\\/riflessioni-a-margine-del-web-meeting-in-tema-di-fiscalita-delle-cripto-attivita-del-18-luglio-2023\\\/11401\\\/#primaryimage\"},\"thumbnailUrl\":\"https:\\\/\\\/escalar.it\\\/wp-content\\\/uploads\\\/2021\\\/09\\\/criptovalute.jpg\",\"datePublished\":\"2023-07-19T09:16:02+00:00\",\"dateModified\":\"2023-07-19T10:13:16+00:00\",\"description\":\"Questioni risolte e irrisolte sulla fiscalit\u00e0 per i privati di security token, strumenti digitali, criptovalute e NFT alla luce della circolare dell\u2019AdE.\",\"breadcrumb\":{\"@id\":\"https:\\\/\\\/escalar.it\\\/en\\\/news\\\/riflessioni-a-margine-del-web-meeting-in-tema-di-fiscalita-delle-cripto-attivita-del-18-luglio-2023\\\/11401\\\/#breadcrumb\"},\"inLanguage\":\"en-US\",\"potentialAction\":[{\"@type\":\"ReadAction\",\"target\":[\"https:\\\/\\\/escalar.it\\\/en\\\/news\\\/riflessioni-a-margine-del-web-meeting-in-tema-di-fiscalita-delle-cripto-attivita-del-18-luglio-2023\\\/11401\\\/\"]}]},{\"@type\":\"ImageObject\",\"inLanguage\":\"en-US\",\"@id\":\"https:\\\/\\\/escalar.it\\\/en\\\/news\\\/riflessioni-a-margine-del-web-meeting-in-tema-di-fiscalita-delle-cripto-attivita-del-18-luglio-2023\\\/11401\\\/#primaryimage\",\"url\":\"https:\\\/\\\/escalar.it\\\/wp-content\\\/uploads\\\/2021\\\/09\\\/criptovalute.jpg\",\"contentUrl\":\"https:\\\/\\\/escalar.it\\\/wp-content\\\/uploads\\\/2021\\\/09\\\/criptovalute.jpg\",\"width\":1800,\"height\":1014},{\"@type\":\"BreadcrumbList\",\"@id\":\"https:\\\/\\\/escalar.it\\\/en\\\/news\\\/riflessioni-a-margine-del-web-meeting-in-tema-di-fiscalita-delle-cripto-attivita-del-18-luglio-2023\\\/11401\\\/#breadcrumb\",\"itemListElement\":[{\"@type\":\"ListItem\",\"position\":1,\"name\":\"Home\",\"item\":\"https:\\\/\\\/escalar.it\\\/en\\\/\"},{\"@type\":\"ListItem\",\"position\":2,\"name\":\"Riflessioni a margine del Web Meeting in tema di fiscalit\u00e0 delle Cripto-Attivit\u00e0 del 18 luglio 2023\"}]},{\"@type\":\"WebSite\",\"@id\":\"https:\\\/\\\/escalar.it\\\/en\\\/#website\",\"url\":\"https:\\\/\\\/escalar.it\\\/en\\\/\",\"name\":\"Escalar e Associati\",\"description\":\"\",\"publisher\":{\"@id\":\"https:\\\/\\\/escalar.it\\\/en\\\/#organization\"},\"potentialAction\":[{\"@type\":\"SearchAction\",\"target\":{\"@type\":\"EntryPoint\",\"urlTemplate\":\"https:\\\/\\\/escalar.it\\\/en\\\/?s={search_term_string}\"},\"query-input\":{\"@type\":\"PropertyValueSpecification\",\"valueRequired\":true,\"valueName\":\"search_term_string\"}}],\"inLanguage\":\"en-US\"},{\"@type\":\"Organization\",\"@id\":\"https:\\\/\\\/escalar.it\\\/en\\\/#organization\",\"name\":\"Escalar e Associati - Studio Legale e Tributario\",\"url\":\"https:\\\/\\\/escalar.it\\\/en\\\/\",\"logo\":{\"@type\":\"ImageObject\",\"inLanguage\":\"en-US\",\"@id\":\"https:\\\/\\\/escalar.it\\\/en\\\/#\\\/schema\\\/logo\\\/image\\\/\",\"url\":\"https:\\\/\\\/escalar.it\\\/wp-content\\\/uploads\\\/2019\\\/03\\\/logo-big.png\",\"contentUrl\":\"https:\\\/\\\/escalar.it\\\/wp-content\\\/uploads\\\/2019\\\/03\\\/logo-big.png\",\"width\":1592,\"height\":655,\"caption\":\"Escalar e Associati - Studio Legale e Tributario\"},\"image\":{\"@id\":\"https:\\\/\\\/escalar.it\\\/en\\\/#\\\/schema\\\/logo\\\/image\\\/\"},\"sameAs\":[\"https:\\\/\\\/www.facebook.com\\\/escalareassociati\\\/\",\"https:\\\/\\\/www.linkedin.com\\\/company\\\/escalar-e-associati\\\/\"]},{\"@type\":\"Person\",\"@id\":\"https:\\\/\\\/escalar.it\\\/en\\\/#\\\/schema\\\/person\\\/b77edfcf5ba59fe1ab3326f708e27cc3\",\"name\":\"Escalar e Associati\",\"image\":{\"@type\":\"ImageObject\",\"inLanguage\":\"en-US\",\"@id\":\"https:\\\/\\\/secure.gravatar.com\\\/avatar\\\/d5e4e3c75179a28864f62a0be41fe3da1911c3209cd5d9b8df5afa07dc07fb47?s=96&d=mm&r=g\",\"url\":\"https:\\\/\\\/secure.gravatar.com\\\/avatar\\\/d5e4e3c75179a28864f62a0be41fe3da1911c3209cd5d9b8df5afa07dc07fb47?s=96&d=mm&r=g\",\"contentUrl\":\"https:\\\/\\\/secure.gravatar.com\\\/avatar\\\/d5e4e3c75179a28864f62a0be41fe3da1911c3209cd5d9b8df5afa07dc07fb47?s=96&d=mm&r=g\",\"caption\":\"Escalar e Associati\"},\"sameAs\":[\"http:\\\/\\\/escalar.it\"]}]}<\/script>\n<!-- \/ Yoast SEO plugin. -->","yoast_head_json":{"title":"Riflessioni a margine del Web Meeting in tema di fiscalit\u00e0 delle Cripto-Attivit\u00e0 del 18 luglio 2023 &#8211; Escalar e Associati","description":"Questioni risolte e irrisolte sulla fiscalit\u00e0 per i privati di security token, strumenti digitali, criptovalute e NFT alla luce della circolare dell\u2019AdE.","robots":{"index":"index","follow":"follow","max-snippet":"max-snippet:-1","max-image-preview":"max-image-preview:large","max-video-preview":"max-video-preview:-1"},"canonical":"https:\/\/escalar.it\/en\/news\/riflessioni-a-margine-del-web-meeting-in-tema-di-fiscalita-delle-cripto-attivita-del-18-luglio-2023\/11401\/","og_locale":"en_US","og_type":"article","og_title":"Riflessioni a margine del Web Meeting in tema di fiscalit\u00e0 delle Cripto-Attivit\u00e0 del 18 luglio 2023 &#8211; Escalar e Associati","og_description":"Questioni risolte e irrisolte sulla fiscalit\u00e0 per i privati di security token, strumenti digitali, criptovalute e NFT alla luce della circolare dell\u2019AdE.","og_url":"https:\/\/escalar.it\/en\/news\/riflessioni-a-margine-del-web-meeting-in-tema-di-fiscalita-delle-cripto-attivita-del-18-luglio-2023\/11401\/","og_site_name":"Escalar e Associati","article_publisher":"https:\/\/www.facebook.com\/escalareassociati\/","article_published_time":"2023-07-19T09:16:02+00:00","article_modified_time":"2023-07-19T10:13:16+00:00","og_image":[{"width":1800,"height":1014,"url":"https:\/\/escalar.it\/wp-content\/uploads\/2021\/09\/criptovalute.jpg","type":"image\/jpeg"}],"author":"Escalar e Associati","twitter_card":"summary_large_image","twitter_misc":{"Written by":"Escalar e Associati","Est. reading time":"3 minutes"},"schema":{"@context":"https:\/\/schema.org","@graph":[{"@type":"Article","@id":"https:\/\/escalar.it\/en\/news\/riflessioni-a-margine-del-web-meeting-in-tema-di-fiscalita-delle-cripto-attivita-del-18-luglio-2023\/11401\/#article","isPartOf":{"@id":"https:\/\/escalar.it\/en\/news\/riflessioni-a-margine-del-web-meeting-in-tema-di-fiscalita-delle-cripto-attivita-del-18-luglio-2023\/11401\/"},"author":{"name":"Escalar e Associati","@id":"https:\/\/escalar.it\/en\/#\/schema\/person\/b77edfcf5ba59fe1ab3326f708e27cc3"},"headline":"Riflessioni a margine del Web Meeting in tema di fiscalit\u00e0 delle Cripto-Attivit\u00e0 del 18 luglio 2023","datePublished":"2023-07-19T09:16:02+00:00","dateModified":"2023-07-19T10:13:16+00:00","mainEntityOfPage":{"@id":"https:\/\/escalar.it\/en\/news\/riflessioni-a-margine-del-web-meeting-in-tema-di-fiscalita-delle-cripto-attivita-del-18-luglio-2023\/11401\/"},"wordCount":463,"commentCount":0,"publisher":{"@id":"https:\/\/escalar.it\/en\/#organization"},"image":{"@id":"https:\/\/escalar.it\/en\/news\/riflessioni-a-margine-del-web-meeting-in-tema-di-fiscalita-delle-cripto-attivita-del-18-luglio-2023\/11401\/#primaryimage"},"thumbnailUrl":"https:\/\/escalar.it\/wp-content\/uploads\/2021\/09\/criptovalute.jpg","keywords":["blockchain","cripto-asset","criptoattivit\u00e0","criptovalute","ethereum","nft","security token"],"articleSection":["Gli Eventi"],"inLanguage":"en-US","potentialAction":[{"@type":"CommentAction","name":"Comment","target":["https:\/\/escalar.it\/en\/news\/riflessioni-a-margine-del-web-meeting-in-tema-di-fiscalita-delle-cripto-attivita-del-18-luglio-2023\/11401\/#respond"]}]},{"@type":"WebPage","@id":"https:\/\/escalar.it\/en\/news\/riflessioni-a-margine-del-web-meeting-in-tema-di-fiscalita-delle-cripto-attivita-del-18-luglio-2023\/11401\/","url":"https:\/\/escalar.it\/en\/news\/riflessioni-a-margine-del-web-meeting-in-tema-di-fiscalita-delle-cripto-attivita-del-18-luglio-2023\/11401\/","name":"Riflessioni a margine del Web Meeting in tema di fiscalit\u00e0 delle Cripto-Attivit\u00e0 del 18 luglio 2023 &#8211; Escalar e Associati","isPartOf":{"@id":"https:\/\/escalar.it\/en\/#website"},"primaryImageOfPage":{"@id":"https:\/\/escalar.it\/en\/news\/riflessioni-a-margine-del-web-meeting-in-tema-di-fiscalita-delle-cripto-attivita-del-18-luglio-2023\/11401\/#primaryimage"},"image":{"@id":"https:\/\/escalar.it\/en\/news\/riflessioni-a-margine-del-web-meeting-in-tema-di-fiscalita-delle-cripto-attivita-del-18-luglio-2023\/11401\/#primaryimage"},"thumbnailUrl":"https:\/\/escalar.it\/wp-content\/uploads\/2021\/09\/criptovalute.jpg","datePublished":"2023-07-19T09:16:02+00:00","dateModified":"2023-07-19T10:13:16+00:00","description":"Questioni risolte e irrisolte sulla fiscalit\u00e0 per i privati di security token, strumenti digitali, criptovalute e NFT alla luce della circolare dell\u2019AdE.","breadcrumb":{"@id":"https:\/\/escalar.it\/en\/news\/riflessioni-a-margine-del-web-meeting-in-tema-di-fiscalita-delle-cripto-attivita-del-18-luglio-2023\/11401\/#breadcrumb"},"inLanguage":"en-US","potentialAction":[{"@type":"ReadAction","target":["https:\/\/escalar.it\/en\/news\/riflessioni-a-margine-del-web-meeting-in-tema-di-fiscalita-delle-cripto-attivita-del-18-luglio-2023\/11401\/"]}]},{"@type":"ImageObject","inLanguage":"en-US","@id":"https:\/\/escalar.it\/en\/news\/riflessioni-a-margine-del-web-meeting-in-tema-di-fiscalita-delle-cripto-attivita-del-18-luglio-2023\/11401\/#primaryimage","url":"https:\/\/escalar.it\/wp-content\/uploads\/2021\/09\/criptovalute.jpg","contentUrl":"https:\/\/escalar.it\/wp-content\/uploads\/2021\/09\/criptovalute.jpg","width":1800,"height":1014},{"@type":"BreadcrumbList","@id":"https:\/\/escalar.it\/en\/news\/riflessioni-a-margine-del-web-meeting-in-tema-di-fiscalita-delle-cripto-attivita-del-18-luglio-2023\/11401\/#breadcrumb","itemListElement":[{"@type":"ListItem","position":1,"name":"Home","item":"https:\/\/escalar.it\/en\/"},{"@type":"ListItem","position":2,"name":"Riflessioni a margine del Web Meeting in tema di fiscalit\u00e0 delle Cripto-Attivit\u00e0 del 18 luglio 2023"}]},{"@type":"WebSite","@id":"https:\/\/escalar.it\/en\/#website","url":"https:\/\/escalar.it\/en\/","name":"Escalar e Associati","description":"","publisher":{"@id":"https:\/\/escalar.it\/en\/#organization"},"potentialAction":[{"@type":"SearchAction","target":{"@type":"EntryPoint","urlTemplate":"https:\/\/escalar.it\/en\/?s={search_term_string}"},"query-input":{"@type":"PropertyValueSpecification","valueRequired":true,"valueName":"search_term_string"}}],"inLanguage":"en-US"},{"@type":"Organization","@id":"https:\/\/escalar.it\/en\/#organization","name":"Escalar e Associati - Studio Legale e Tributario","url":"https:\/\/escalar.it\/en\/","logo":{"@type":"ImageObject","inLanguage":"en-US","@id":"https:\/\/escalar.it\/en\/#\/schema\/logo\/image\/","url":"https:\/\/escalar.it\/wp-content\/uploads\/2019\/03\/logo-big.png","contentUrl":"https:\/\/escalar.it\/wp-content\/uploads\/2019\/03\/logo-big.png","width":1592,"height":655,"caption":"Escalar e Associati - Studio Legale e Tributario"},"image":{"@id":"https:\/\/escalar.it\/en\/#\/schema\/logo\/image\/"},"sameAs":["https:\/\/www.facebook.com\/escalareassociati\/","https:\/\/www.linkedin.com\/company\/escalar-e-associati\/"]},{"@type":"Person","@id":"https:\/\/escalar.it\/en\/#\/schema\/person\/b77edfcf5ba59fe1ab3326f708e27cc3","name":"Escalar e Associati","image":{"@type":"ImageObject","inLanguage":"en-US","@id":"https:\/\/secure.gravatar.com\/avatar\/d5e4e3c75179a28864f62a0be41fe3da1911c3209cd5d9b8df5afa07dc07fb47?s=96&d=mm&r=g","url":"https:\/\/secure.gravatar.com\/avatar\/d5e4e3c75179a28864f62a0be41fe3da1911c3209cd5d9b8df5afa07dc07fb47?s=96&d=mm&r=g","contentUrl":"https:\/\/secure.gravatar.com\/avatar\/d5e4e3c75179a28864f62a0be41fe3da1911c3209cd5d9b8df5afa07dc07fb47?s=96&d=mm&r=g","caption":"Escalar e Associati"},"sameAs":["http:\/\/escalar.it"]}]}},"_links":{"self":[{"href":"https:\/\/escalar.it\/en\/wp-json\/wp\/v2\/posts\/11401","targetHints":{"allow":["GET"]}}],"collection":[{"href":"https:\/\/escalar.it\/en\/wp-json\/wp\/v2\/posts"}],"about":[{"href":"https:\/\/escalar.it\/en\/wp-json\/wp\/v2\/types\/post"}],"author":[{"embeddable":true,"href":"https:\/\/escalar.it\/en\/wp-json\/wp\/v2\/users\/6"}],"replies":[{"embeddable":true,"href":"https:\/\/escalar.it\/en\/wp-json\/wp\/v2\/comments?post=11401"}],"version-history":[{"count":2,"href":"https:\/\/escalar.it\/en\/wp-json\/wp\/v2\/posts\/11401\/revisions"}],"predecessor-version":[{"id":11404,"href":"https:\/\/escalar.it\/en\/wp-json\/wp\/v2\/posts\/11401\/revisions\/11404"}],"wp:featuredmedia":[{"embeddable":true,"href":"https:\/\/escalar.it\/en\/wp-json\/wp\/v2\/media\/10550"}],"wp:attachment":[{"href":"https:\/\/escalar.it\/en\/wp-json\/wp\/v2\/media?parent=11401"}],"wp:term":[{"taxonomy":"category","embeddable":true,"href":"https:\/\/escalar.it\/en\/wp-json\/wp\/v2\/categories?post=11401"},{"taxonomy":"post_tag","embeddable":true,"href":"https:\/\/escalar.it\/en\/wp-json\/wp\/v2\/tags?post=11401"}],"curies":[{"name":"wp","href":"https:\/\/api.w.org\/{rel}","templated":true}]}}