{"id":11305,"date":"2023-07-07T09:32:50","date_gmt":"2023-07-07T08:32:50","guid":{"rendered":"https:\/\/escalar.it\/?p=11305"},"modified":"2023-07-07T09:34:40","modified_gmt":"2023-07-07T08:34:40","slug":"ottenuta-la-conferma-che-liva-versata-per-aderire-alla-definizione-agevolata-delle-controversie-tributarie-qualora-non-sia-rivalsabile-nei-confronti-del-committente-o-del-cessionario-e-inte","status":"publish","type":"post","link":"https:\/\/escalar.it\/en\/giurisprudenza\/ottenuta-la-conferma-che-liva-versata-per-aderire-alla-definizione-agevolata-delle-controversie-tributarie-qualora-non-sia-rivalsabile-nei-confronti-del-committente-o-del-cessionario-e-inte\/11305\/","title":{"rendered":"Ottenuta la conferma che l\u2019IVA versata per aderire alla definizione agevolata delle controversie tributarie, qualora non sia rivalsabile nei confronti del committente o del cessionario, \u00e8 integralmente deducibile dall\u2019imponibile IRAP"},"content":{"rendered":"<style type=\"text\/css\" data-type=\"vc_cmsms_shortcodes-custom-css\"><\/style>\n<p>Con sentenza n. 496\/2023 del 15 giugno 2023 la CGT di Torino ha riconosciuto la deducibilit\u00e0 dall\u2019imponibile IRAP dell\u2019IVA che una societ\u00e0 italiana aveva versato per la definizione agevolata di una controversia instaurata avverso la contestazione di mancato assoggettamento a tale imposta di servizi pubblicitari e che l\u2019Agenzia delle Entrate aveva ritenuto non rivalsabile nei confronti del committente ai sensi del comma 7 dell\u2019art. 60 del d.P.R. n. 633\/1972.<\/p>\n\n\n\n<p>Nel caso oggetto del giudizio la societ\u00e0 italiana aveva reso tali servizi a favore di committenti residenti in un altro Stato dell\u2019UE, senza assoggettarle ad IVA, per carenza del necessario requisito di territorialit\u00e0.<\/p>\n\n\n\n<p>L\u2019Agenzia delle Entrate mediante la notifica di appositi avvisi di accertamento aveva recuperato l\u2019IVA sulle prestazioni cos\u00ec individuate, sostenendo che le societ\u00e0 unionali sarebbero state interposte e gli effettivi committenti sarebbero stati residenti in Italia.<\/p>\n\n\n\n<p>La predetta societ\u00e0, ritenendo la contestazione cos\u00ec formulata a suo carico del tutto infondata, aveva impugnato tali avvisi di accertamento davanti alla competente commissione tributaria.<\/p>\n\n\n\n<p>Senonch\u00e9 la societ\u00e0 italiana, avendo ritenuto preferibile avvalersi della definizione agevolata dei giudizi cos\u00ec instaurati e non potendo recuperare l\u2019IVA versata per fruire della definizione agevolata tramite l\u2019esercizio della rivalsa accordata dal comma 7 dell\u2019art. 60 del d.P.R. n. 633\/1972 nei confronti degli effettivi committenti, ha presentato all\u2019Agenzia delle Entrate un\u2019istanza di interpello per sapere se poteva dedurre dall\u2019imponibile IRES e IRAP, oltre agli interessi passivi versati per fruire della definizione agevolata, anche le perdite su crediti derivanti dall\u2019impossibilit\u00e0 di esercitare la rivalsa per l\u2019insolvenza dei committenti ovvero, in caso contrario, l\u2019IVA rimasta a suo carico.<\/p>\n\n\n\n<p>Ebbene, l\u2019Agenzia delle Entrate ha confermato la deducibilit\u00e0 dei predetti interessi passivi in quanto di natura compensativa, ma ha negato la deducibilit\u00e0 tanto della perdita su crediti derivante dal mancato esercizio della rivalsa, poich\u00e9 la rivalsa non sarebbe stata esercitabile in presenza di una condotta di evasione dell\u2019IVA, quanto dell\u2019IVA asseritamente non rivalsabile ai sensi dell\u2019art. 99 TUIR e dell\u2019art. 5 del d.lgs. n. 446\/1997 poich\u00e9 l\u2019IVA non rivalsabile non sarebbe qualificabile come un costo relativo all\u2019attivit\u00e0 d\u2019impresa, bens\u00ec come una sanzione impropria applicabile per la violazione commessa.<\/p>\n\n\n\n<p>La societ\u00e0 italiana, uniformandosi ai pareri rilasciati dall\u2019Agenzia delle Entrate, ha dunque ripreso a tassazione, nella dichiarazione dei redditi e dell\u2019IRAP l\u2019IVA non rivalsata che aveva incluso nella voce relativa agli \u201c<em>Altri Costi<\/em>\u201d del conto economico, ma ha poi richiesto il rimborso delle maggiori imposte versate per effetto della mancata deduzione ed ha successivamente impugnato davanti alla competente commissione tributaria il silenzio-rifiuto opposto dall\u2019Agenzia delle Entrate.<\/p>\n\n\n\n<p>Con la sentenza allegata la CGT di Torino, accogliendo le argomentazioni formulate nel nostro ricorso, ha annullato il silenzio-rifiuto opposto dall\u2019Agenzia delle Entrate all\u2019erogazione del rimborso non solo perch\u00e9 ha riconosciuto la correttezza dell\u2019inclusione del relativo controvalore nella voce relativa agli \u201c<em>Altri costi<\/em>\u201d, comprendendo tale voce anche le imposte relative ad esercizi precedenti non costituenti oneri accessori di acquisto di beni o servizi, ma anche perch\u00e9 l\u2019IVA, anche qualora non fosse rivalsabile, per il principio di legalit\u00e0, non pu\u00f2 risultare configurabile come una sanzione impropria in difetto di un\u2019espressa disposizione di legge che la consideri tale.<\/p>\n\n\n\n<p>Ed infatti, tale Corte ha correttamente concluso che, in difetto della \u201c<em>necessaria previsione di legge \u2026 l\u2019indeducibilit\u00e0 dalla base imponibile IRAP di quanto versato dalla ricorrente per IVA in sede di definizione delle controversie non pu\u00f2 \u2026 essere giustificata attribuendo a ci\u00f2 natura sanzionatoria<\/em>\u201d.<\/p>\n\n\n\n<div class=\"wp-block-file\"><a href=\"https:\/\/escalar.it\/wp-content\/uploads\/2023\/07\/Sentenza-n.-469-2023-CGT-I-grado-Torino.pdf\">Scarica la Sentenza<\/a><a href=\"https:\/\/escalar.it\/wp-content\/uploads\/2023\/07\/Sentenza-n.-469-2023-CGT-I-grado-Torino.pdf\" class=\"wp-block-file__button\" download=\"\">Download<\/a><\/div>\n","protected":false},"excerpt":{"rendered":"<p>Con sentenza n. 496\/2023 del 15 giugno 2023 la CGT di Torino ha riconosciuto la deducibilit\u00e0 dall\u2019imponibile IRAP dell\u2019IVA che una societ\u00e0 italiana aveva versato per la definizione agevolata di una controversia instaurata avverso la contestazione di mancato assoggettamento a tale imposta di servizi pubblicitari e che l\u2019Agenzia delle Entrate aveva ritenuto non rivalsabile nei&#8230;<\/p>\n","protected":false},"author":6,"featured_media":11310,"comment_status":"open","ping_status":"closed","sticky":false,"template":"","format":"standard","meta":{"footnotes":""},"categories":[32],"tags":[291,65,62,292],"class_list":["post-11305","post","type-post","status-publish","format-standard","has-post-thumbnail","hentry","category-giurisprudenza","tag-definizione-agevolata","tag-irap","tag-iva","tag-rivalsa-iva"],"yoast_head":"<!-- This site is optimized with the Yoast SEO plugin v27.5 - https:\/\/yoast.com\/product\/yoast-seo-wordpress\/ -->\n<title>Ottenuta la conferma che l\u2019IVA versata per aderire alla definizione agevolata delle controversie tributarie, qualora non sia rivalsabile nei confronti del committente o del cessionario, \u00e8 integralmente deducibile dall\u2019imponibile IRAP &#8211; Escalar e Associati<\/title>\n<meta name=\"description\" content=\"Con sentenza n. 496\/2023 del 15 giugno 2023 la CGT di Torino ha riconosciuto la deducibilit\u00e0 dall\u2019imponibile IRAP dell\u2019IVA non rivalsabile.\" \/>\n<meta name=\"robots\" content=\"index, follow, max-snippet:-1, max-image-preview:large, max-video-preview:-1\" \/>\n<link rel=\"canonical\" href=\"https:\/\/escalar.it\/en\/giurisprudenza\/ottenuta-la-conferma-che-liva-versata-per-aderire-alla-definizione-agevolata-delle-controversie-tributarie-qualora-non-sia-rivalsabile-nei-confronti-del-committente-o-del-cessionario-e-inte\/11305\/\" \/>\n<meta property=\"og:locale\" content=\"en_US\" \/>\n<meta property=\"og:type\" content=\"article\" \/>\n<meta property=\"og:title\" content=\"Ottenuta la conferma che l\u2019IVA versata per aderire alla definizione agevolata delle controversie tributarie, qualora non sia rivalsabile nei confronti del committente o del cessionario, \u00e8 integralmente deducibile dall\u2019imponibile IRAP &#8211; Escalar e Associati\" \/>\n<meta property=\"og:description\" content=\"Con sentenza n. 496\/2023 del 15 giugno 2023 la CGT di Torino ha riconosciuto la deducibilit\u00e0 dall\u2019imponibile IRAP dell\u2019IVA non rivalsabile.\" \/>\n<meta property=\"og:url\" content=\"https:\/\/escalar.it\/en\/giurisprudenza\/ottenuta-la-conferma-che-liva-versata-per-aderire-alla-definizione-agevolata-delle-controversie-tributarie-qualora-non-sia-rivalsabile-nei-confronti-del-committente-o-del-cessionario-e-inte\/11305\/\" \/>\n<meta property=\"og:site_name\" content=\"Escalar e Associati\" \/>\n<meta property=\"article:publisher\" content=\"https:\/\/www.facebook.com\/escalareassociati\/\" \/>\n<meta property=\"article:published_time\" content=\"2023-07-07T08:32:50+00:00\" \/>\n<meta property=\"article:modified_time\" content=\"2023-07-07T08:34:40+00:00\" \/>\n<meta property=\"og:image\" content=\"https:\/\/escalar.it\/wp-content\/uploads\/2023\/07\/1545047538571.jpeg\" \/>\n\t<meta property=\"og:image:width\" content=\"800\" \/>\n\t<meta property=\"og:image:height\" content=\"533\" \/>\n\t<meta property=\"og:image:type\" content=\"image\/jpeg\" \/>\n<meta name=\"author\" content=\"Escalar e Associati\" \/>\n<meta name=\"twitter:card\" content=\"summary_large_image\" \/>\n<meta name=\"twitter:label1\" content=\"Written by\" \/>\n\t<meta name=\"twitter:data1\" content=\"Escalar e Associati\" \/>\n\t<meta name=\"twitter:label2\" content=\"Est. reading time\" \/>\n\t<meta name=\"twitter:data2\" content=\"3 minutes\" \/>\n<script type=\"application\/ld+json\" class=\"yoast-schema-graph\">{\"@context\":\"https:\\\/\\\/schema.org\",\"@graph\":[{\"@type\":\"Article\",\"@id\":\"https:\\\/\\\/escalar.it\\\/en\\\/giurisprudenza\\\/ottenuta-la-conferma-che-liva-versata-per-aderire-alla-definizione-agevolata-delle-controversie-tributarie-qualora-non-sia-rivalsabile-nei-confronti-del-committente-o-del-cessionario-e-inte\\\/11305\\\/#article\",\"isPartOf\":{\"@id\":\"https:\\\/\\\/escalar.it\\\/en\\\/giurisprudenza\\\/ottenuta-la-conferma-che-liva-versata-per-aderire-alla-definizione-agevolata-delle-controversie-tributarie-qualora-non-sia-rivalsabile-nei-confronti-del-committente-o-del-cessionario-e-inte\\\/11305\\\/\"},\"author\":{\"name\":\"Escalar e Associati\",\"@id\":\"https:\\\/\\\/escalar.it\\\/en\\\/#\\\/schema\\\/person\\\/b77edfcf5ba59fe1ab3326f708e27cc3\"},\"headline\":\"Ottenuta la conferma che l\u2019IVA versata per aderire alla definizione agevolata delle controversie tributarie, qualora non sia rivalsabile nei confronti del committente o del cessionario, \u00e8 integralmente deducibile dall\u2019imponibile IRAP\",\"datePublished\":\"2023-07-07T08:32:50+00:00\",\"dateModified\":\"2023-07-07T08:34:40+00:00\",\"mainEntityOfPage\":{\"@id\":\"https:\\\/\\\/escalar.it\\\/en\\\/giurisprudenza\\\/ottenuta-la-conferma-che-liva-versata-per-aderire-alla-definizione-agevolata-delle-controversie-tributarie-qualora-non-sia-rivalsabile-nei-confronti-del-committente-o-del-cessionario-e-inte\\\/11305\\\/\"},\"wordCount\":612,\"commentCount\":0,\"publisher\":{\"@id\":\"https:\\\/\\\/escalar.it\\\/en\\\/#organization\"},\"image\":{\"@id\":\"https:\\\/\\\/escalar.it\\\/en\\\/giurisprudenza\\\/ottenuta-la-conferma-che-liva-versata-per-aderire-alla-definizione-agevolata-delle-controversie-tributarie-qualora-non-sia-rivalsabile-nei-confronti-del-committente-o-del-cessionario-e-inte\\\/11305\\\/#primaryimage\"},\"thumbnailUrl\":\"https:\\\/\\\/escalar.it\\\/wp-content\\\/uploads\\\/2023\\\/07\\\/1545047538571.jpeg\",\"keywords\":[\"definizione agevolata\",\"irap\",\"iva\",\"rivalsa iva\"],\"articleSection\":[\"Le Sentenze\"],\"inLanguage\":\"en-US\",\"potentialAction\":[{\"@type\":\"CommentAction\",\"name\":\"Comment\",\"target\":[\"https:\\\/\\\/escalar.it\\\/en\\\/giurisprudenza\\\/ottenuta-la-conferma-che-liva-versata-per-aderire-alla-definizione-agevolata-delle-controversie-tributarie-qualora-non-sia-rivalsabile-nei-confronti-del-committente-o-del-cessionario-e-inte\\\/11305\\\/#respond\"]}]},{\"@type\":\"WebPage\",\"@id\":\"https:\\\/\\\/escalar.it\\\/en\\\/giurisprudenza\\\/ottenuta-la-conferma-che-liva-versata-per-aderire-alla-definizione-agevolata-delle-controversie-tributarie-qualora-non-sia-rivalsabile-nei-confronti-del-committente-o-del-cessionario-e-inte\\\/11305\\\/\",\"url\":\"https:\\\/\\\/escalar.it\\\/en\\\/giurisprudenza\\\/ottenuta-la-conferma-che-liva-versata-per-aderire-alla-definizione-agevolata-delle-controversie-tributarie-qualora-non-sia-rivalsabile-nei-confronti-del-committente-o-del-cessionario-e-inte\\\/11305\\\/\",\"name\":\"Ottenuta la conferma che l\u2019IVA versata per aderire alla definizione agevolata delle controversie tributarie, qualora non sia rivalsabile nei confronti del committente o del cessionario, \u00e8 integralmente deducibile dall\u2019imponibile IRAP &#8211; Escalar e Associati\",\"isPartOf\":{\"@id\":\"https:\\\/\\\/escalar.it\\\/en\\\/#website\"},\"primaryImageOfPage\":{\"@id\":\"https:\\\/\\\/escalar.it\\\/en\\\/giurisprudenza\\\/ottenuta-la-conferma-che-liva-versata-per-aderire-alla-definizione-agevolata-delle-controversie-tributarie-qualora-non-sia-rivalsabile-nei-confronti-del-committente-o-del-cessionario-e-inte\\\/11305\\\/#primaryimage\"},\"image\":{\"@id\":\"https:\\\/\\\/escalar.it\\\/en\\\/giurisprudenza\\\/ottenuta-la-conferma-che-liva-versata-per-aderire-alla-definizione-agevolata-delle-controversie-tributarie-qualora-non-sia-rivalsabile-nei-confronti-del-committente-o-del-cessionario-e-inte\\\/11305\\\/#primaryimage\"},\"thumbnailUrl\":\"https:\\\/\\\/escalar.it\\\/wp-content\\\/uploads\\\/2023\\\/07\\\/1545047538571.jpeg\",\"datePublished\":\"2023-07-07T08:32:50+00:00\",\"dateModified\":\"2023-07-07T08:34:40+00:00\",\"description\":\"Con sentenza n. 496\\\/2023 del 15 giugno 2023 la CGT di Torino ha riconosciuto la deducibilit\u00e0 dall\u2019imponibile IRAP dell\u2019IVA non rivalsabile.\",\"breadcrumb\":{\"@id\":\"https:\\\/\\\/escalar.it\\\/en\\\/giurisprudenza\\\/ottenuta-la-conferma-che-liva-versata-per-aderire-alla-definizione-agevolata-delle-controversie-tributarie-qualora-non-sia-rivalsabile-nei-confronti-del-committente-o-del-cessionario-e-inte\\\/11305\\\/#breadcrumb\"},\"inLanguage\":\"en-US\",\"potentialAction\":[{\"@type\":\"ReadAction\",\"target\":[\"https:\\\/\\\/escalar.it\\\/en\\\/giurisprudenza\\\/ottenuta-la-conferma-che-liva-versata-per-aderire-alla-definizione-agevolata-delle-controversie-tributarie-qualora-non-sia-rivalsabile-nei-confronti-del-committente-o-del-cessionario-e-inte\\\/11305\\\/\"]}]},{\"@type\":\"ImageObject\",\"inLanguage\":\"en-US\",\"@id\":\"https:\\\/\\\/escalar.it\\\/en\\\/giurisprudenza\\\/ottenuta-la-conferma-che-liva-versata-per-aderire-alla-definizione-agevolata-delle-controversie-tributarie-qualora-non-sia-rivalsabile-nei-confronti-del-committente-o-del-cessionario-e-inte\\\/11305\\\/#primaryimage\",\"url\":\"https:\\\/\\\/escalar.it\\\/wp-content\\\/uploads\\\/2023\\\/07\\\/1545047538571.jpeg\",\"contentUrl\":\"https:\\\/\\\/escalar.it\\\/wp-content\\\/uploads\\\/2023\\\/07\\\/1545047538571.jpeg\",\"width\":800,\"height\":533},{\"@type\":\"BreadcrumbList\",\"@id\":\"https:\\\/\\\/escalar.it\\\/en\\\/giurisprudenza\\\/ottenuta-la-conferma-che-liva-versata-per-aderire-alla-definizione-agevolata-delle-controversie-tributarie-qualora-non-sia-rivalsabile-nei-confronti-del-committente-o-del-cessionario-e-inte\\\/11305\\\/#breadcrumb\",\"itemListElement\":[{\"@type\":\"ListItem\",\"position\":1,\"name\":\"Home\",\"item\":\"https:\\\/\\\/escalar.it\\\/en\\\/\"},{\"@type\":\"ListItem\",\"position\":2,\"name\":\"Ottenuta la conferma che l\u2019IVA versata per aderire alla definizione agevolata delle controversie tributarie, qualora non sia rivalsabile nei confronti del committente o del cessionario, \u00e8 integralmente deducibile dall\u2019imponibile IRAP\"}]},{\"@type\":\"WebSite\",\"@id\":\"https:\\\/\\\/escalar.it\\\/en\\\/#website\",\"url\":\"https:\\\/\\\/escalar.it\\\/en\\\/\",\"name\":\"Escalar e Associati\",\"description\":\"\",\"publisher\":{\"@id\":\"https:\\\/\\\/escalar.it\\\/en\\\/#organization\"},\"potentialAction\":[{\"@type\":\"SearchAction\",\"target\":{\"@type\":\"EntryPoint\",\"urlTemplate\":\"https:\\\/\\\/escalar.it\\\/en\\\/?s={search_term_string}\"},\"query-input\":{\"@type\":\"PropertyValueSpecification\",\"valueRequired\":true,\"valueName\":\"search_term_string\"}}],\"inLanguage\":\"en-US\"},{\"@type\":\"Organization\",\"@id\":\"https:\\\/\\\/escalar.it\\\/en\\\/#organization\",\"name\":\"Escalar e Associati - Studio Legale e Tributario\",\"url\":\"https:\\\/\\\/escalar.it\\\/en\\\/\",\"logo\":{\"@type\":\"ImageObject\",\"inLanguage\":\"en-US\",\"@id\":\"https:\\\/\\\/escalar.it\\\/en\\\/#\\\/schema\\\/logo\\\/image\\\/\",\"url\":\"https:\\\/\\\/escalar.it\\\/wp-content\\\/uploads\\\/2019\\\/03\\\/logo-big.png\",\"contentUrl\":\"https:\\\/\\\/escalar.it\\\/wp-content\\\/uploads\\\/2019\\\/03\\\/logo-big.png\",\"width\":1592,\"height\":655,\"caption\":\"Escalar e Associati - Studio Legale e Tributario\"},\"image\":{\"@id\":\"https:\\\/\\\/escalar.it\\\/en\\\/#\\\/schema\\\/logo\\\/image\\\/\"},\"sameAs\":[\"https:\\\/\\\/www.facebook.com\\\/escalareassociati\\\/\",\"https:\\\/\\\/www.linkedin.com\\\/company\\\/escalar-e-associati\\\/\"]},{\"@type\":\"Person\",\"@id\":\"https:\\\/\\\/escalar.it\\\/en\\\/#\\\/schema\\\/person\\\/b77edfcf5ba59fe1ab3326f708e27cc3\",\"name\":\"Escalar e Associati\",\"image\":{\"@type\":\"ImageObject\",\"inLanguage\":\"en-US\",\"@id\":\"https:\\\/\\\/secure.gravatar.com\\\/avatar\\\/d5e4e3c75179a28864f62a0be41fe3da1911c3209cd5d9b8df5afa07dc07fb47?s=96&d=mm&r=g\",\"url\":\"https:\\\/\\\/secure.gravatar.com\\\/avatar\\\/d5e4e3c75179a28864f62a0be41fe3da1911c3209cd5d9b8df5afa07dc07fb47?s=96&d=mm&r=g\",\"contentUrl\":\"https:\\\/\\\/secure.gravatar.com\\\/avatar\\\/d5e4e3c75179a28864f62a0be41fe3da1911c3209cd5d9b8df5afa07dc07fb47?s=96&d=mm&r=g\",\"caption\":\"Escalar e Associati\"},\"sameAs\":[\"http:\\\/\\\/escalar.it\"]}]}<\/script>\n<!-- \/ Yoast SEO plugin. -->","yoast_head_json":{"title":"Ottenuta la conferma che l\u2019IVA versata per aderire alla definizione agevolata delle controversie tributarie, qualora non sia rivalsabile nei confronti del committente o del cessionario, \u00e8 integralmente deducibile dall\u2019imponibile IRAP &#8211; Escalar e Associati","description":"Con sentenza n. 496\/2023 del 15 giugno 2023 la CGT di Torino ha riconosciuto la deducibilit\u00e0 dall\u2019imponibile IRAP dell\u2019IVA non rivalsabile.","robots":{"index":"index","follow":"follow","max-snippet":"max-snippet:-1","max-image-preview":"max-image-preview:large","max-video-preview":"max-video-preview:-1"},"canonical":"https:\/\/escalar.it\/en\/giurisprudenza\/ottenuta-la-conferma-che-liva-versata-per-aderire-alla-definizione-agevolata-delle-controversie-tributarie-qualora-non-sia-rivalsabile-nei-confronti-del-committente-o-del-cessionario-e-inte\/11305\/","og_locale":"en_US","og_type":"article","og_title":"Ottenuta la conferma che l\u2019IVA versata per aderire alla definizione agevolata delle controversie tributarie, qualora non sia rivalsabile nei confronti del committente o del cessionario, \u00e8 integralmente deducibile dall\u2019imponibile IRAP &#8211; Escalar e Associati","og_description":"Con sentenza n. 496\/2023 del 15 giugno 2023 la CGT di Torino ha riconosciuto la deducibilit\u00e0 dall\u2019imponibile IRAP dell\u2019IVA non rivalsabile.","og_url":"https:\/\/escalar.it\/en\/giurisprudenza\/ottenuta-la-conferma-che-liva-versata-per-aderire-alla-definizione-agevolata-delle-controversie-tributarie-qualora-non-sia-rivalsabile-nei-confronti-del-committente-o-del-cessionario-e-inte\/11305\/","og_site_name":"Escalar e Associati","article_publisher":"https:\/\/www.facebook.com\/escalareassociati\/","article_published_time":"2023-07-07T08:32:50+00:00","article_modified_time":"2023-07-07T08:34:40+00:00","og_image":[{"width":800,"height":533,"url":"https:\/\/escalar.it\/wp-content\/uploads\/2023\/07\/1545047538571.jpeg","type":"image\/jpeg"}],"author":"Escalar e Associati","twitter_card":"summary_large_image","twitter_misc":{"Written by":"Escalar e Associati","Est. reading time":"3 minutes"},"schema":{"@context":"https:\/\/schema.org","@graph":[{"@type":"Article","@id":"https:\/\/escalar.it\/en\/giurisprudenza\/ottenuta-la-conferma-che-liva-versata-per-aderire-alla-definizione-agevolata-delle-controversie-tributarie-qualora-non-sia-rivalsabile-nei-confronti-del-committente-o-del-cessionario-e-inte\/11305\/#article","isPartOf":{"@id":"https:\/\/escalar.it\/en\/giurisprudenza\/ottenuta-la-conferma-che-liva-versata-per-aderire-alla-definizione-agevolata-delle-controversie-tributarie-qualora-non-sia-rivalsabile-nei-confronti-del-committente-o-del-cessionario-e-inte\/11305\/"},"author":{"name":"Escalar e Associati","@id":"https:\/\/escalar.it\/en\/#\/schema\/person\/b77edfcf5ba59fe1ab3326f708e27cc3"},"headline":"Ottenuta la conferma che l\u2019IVA versata per aderire alla definizione agevolata delle controversie tributarie, qualora non sia rivalsabile nei confronti del committente o del cessionario, \u00e8 integralmente deducibile dall\u2019imponibile IRAP","datePublished":"2023-07-07T08:32:50+00:00","dateModified":"2023-07-07T08:34:40+00:00","mainEntityOfPage":{"@id":"https:\/\/escalar.it\/en\/giurisprudenza\/ottenuta-la-conferma-che-liva-versata-per-aderire-alla-definizione-agevolata-delle-controversie-tributarie-qualora-non-sia-rivalsabile-nei-confronti-del-committente-o-del-cessionario-e-inte\/11305\/"},"wordCount":612,"commentCount":0,"publisher":{"@id":"https:\/\/escalar.it\/en\/#organization"},"image":{"@id":"https:\/\/escalar.it\/en\/giurisprudenza\/ottenuta-la-conferma-che-liva-versata-per-aderire-alla-definizione-agevolata-delle-controversie-tributarie-qualora-non-sia-rivalsabile-nei-confronti-del-committente-o-del-cessionario-e-inte\/11305\/#primaryimage"},"thumbnailUrl":"https:\/\/escalar.it\/wp-content\/uploads\/2023\/07\/1545047538571.jpeg","keywords":["definizione agevolata","irap","iva","rivalsa iva"],"articleSection":["Le Sentenze"],"inLanguage":"en-US","potentialAction":[{"@type":"CommentAction","name":"Comment","target":["https:\/\/escalar.it\/en\/giurisprudenza\/ottenuta-la-conferma-che-liva-versata-per-aderire-alla-definizione-agevolata-delle-controversie-tributarie-qualora-non-sia-rivalsabile-nei-confronti-del-committente-o-del-cessionario-e-inte\/11305\/#respond"]}]},{"@type":"WebPage","@id":"https:\/\/escalar.it\/en\/giurisprudenza\/ottenuta-la-conferma-che-liva-versata-per-aderire-alla-definizione-agevolata-delle-controversie-tributarie-qualora-non-sia-rivalsabile-nei-confronti-del-committente-o-del-cessionario-e-inte\/11305\/","url":"https:\/\/escalar.it\/en\/giurisprudenza\/ottenuta-la-conferma-che-liva-versata-per-aderire-alla-definizione-agevolata-delle-controversie-tributarie-qualora-non-sia-rivalsabile-nei-confronti-del-committente-o-del-cessionario-e-inte\/11305\/","name":"Ottenuta la conferma che l\u2019IVA versata per aderire alla definizione agevolata delle controversie tributarie, qualora non sia rivalsabile nei confronti del committente o del cessionario, \u00e8 integralmente deducibile dall\u2019imponibile IRAP &#8211; Escalar e Associati","isPartOf":{"@id":"https:\/\/escalar.it\/en\/#website"},"primaryImageOfPage":{"@id":"https:\/\/escalar.it\/en\/giurisprudenza\/ottenuta-la-conferma-che-liva-versata-per-aderire-alla-definizione-agevolata-delle-controversie-tributarie-qualora-non-sia-rivalsabile-nei-confronti-del-committente-o-del-cessionario-e-inte\/11305\/#primaryimage"},"image":{"@id":"https:\/\/escalar.it\/en\/giurisprudenza\/ottenuta-la-conferma-che-liva-versata-per-aderire-alla-definizione-agevolata-delle-controversie-tributarie-qualora-non-sia-rivalsabile-nei-confronti-del-committente-o-del-cessionario-e-inte\/11305\/#primaryimage"},"thumbnailUrl":"https:\/\/escalar.it\/wp-content\/uploads\/2023\/07\/1545047538571.jpeg","datePublished":"2023-07-07T08:32:50+00:00","dateModified":"2023-07-07T08:34:40+00:00","description":"Con sentenza n. 496\/2023 del 15 giugno 2023 la CGT di Torino ha riconosciuto la deducibilit\u00e0 dall\u2019imponibile IRAP dell\u2019IVA non rivalsabile.","breadcrumb":{"@id":"https:\/\/escalar.it\/en\/giurisprudenza\/ottenuta-la-conferma-che-liva-versata-per-aderire-alla-definizione-agevolata-delle-controversie-tributarie-qualora-non-sia-rivalsabile-nei-confronti-del-committente-o-del-cessionario-e-inte\/11305\/#breadcrumb"},"inLanguage":"en-US","potentialAction":[{"@type":"ReadAction","target":["https:\/\/escalar.it\/en\/giurisprudenza\/ottenuta-la-conferma-che-liva-versata-per-aderire-alla-definizione-agevolata-delle-controversie-tributarie-qualora-non-sia-rivalsabile-nei-confronti-del-committente-o-del-cessionario-e-inte\/11305\/"]}]},{"@type":"ImageObject","inLanguage":"en-US","@id":"https:\/\/escalar.it\/en\/giurisprudenza\/ottenuta-la-conferma-che-liva-versata-per-aderire-alla-definizione-agevolata-delle-controversie-tributarie-qualora-non-sia-rivalsabile-nei-confronti-del-committente-o-del-cessionario-e-inte\/11305\/#primaryimage","url":"https:\/\/escalar.it\/wp-content\/uploads\/2023\/07\/1545047538571.jpeg","contentUrl":"https:\/\/escalar.it\/wp-content\/uploads\/2023\/07\/1545047538571.jpeg","width":800,"height":533},{"@type":"BreadcrumbList","@id":"https:\/\/escalar.it\/en\/giurisprudenza\/ottenuta-la-conferma-che-liva-versata-per-aderire-alla-definizione-agevolata-delle-controversie-tributarie-qualora-non-sia-rivalsabile-nei-confronti-del-committente-o-del-cessionario-e-inte\/11305\/#breadcrumb","itemListElement":[{"@type":"ListItem","position":1,"name":"Home","item":"https:\/\/escalar.it\/en\/"},{"@type":"ListItem","position":2,"name":"Ottenuta la conferma che l\u2019IVA versata per aderire alla definizione agevolata delle controversie tributarie, qualora non sia rivalsabile nei confronti del committente o del cessionario, \u00e8 integralmente deducibile dall\u2019imponibile IRAP"}]},{"@type":"WebSite","@id":"https:\/\/escalar.it\/en\/#website","url":"https:\/\/escalar.it\/en\/","name":"Escalar e Associati","description":"","publisher":{"@id":"https:\/\/escalar.it\/en\/#organization"},"potentialAction":[{"@type":"SearchAction","target":{"@type":"EntryPoint","urlTemplate":"https:\/\/escalar.it\/en\/?s={search_term_string}"},"query-input":{"@type":"PropertyValueSpecification","valueRequired":true,"valueName":"search_term_string"}}],"inLanguage":"en-US"},{"@type":"Organization","@id":"https:\/\/escalar.it\/en\/#organization","name":"Escalar e Associati - Studio Legale e Tributario","url":"https:\/\/escalar.it\/en\/","logo":{"@type":"ImageObject","inLanguage":"en-US","@id":"https:\/\/escalar.it\/en\/#\/schema\/logo\/image\/","url":"https:\/\/escalar.it\/wp-content\/uploads\/2019\/03\/logo-big.png","contentUrl":"https:\/\/escalar.it\/wp-content\/uploads\/2019\/03\/logo-big.png","width":1592,"height":655,"caption":"Escalar e Associati - Studio Legale e Tributario"},"image":{"@id":"https:\/\/escalar.it\/en\/#\/schema\/logo\/image\/"},"sameAs":["https:\/\/www.facebook.com\/escalareassociati\/","https:\/\/www.linkedin.com\/company\/escalar-e-associati\/"]},{"@type":"Person","@id":"https:\/\/escalar.it\/en\/#\/schema\/person\/b77edfcf5ba59fe1ab3326f708e27cc3","name":"Escalar e Associati","image":{"@type":"ImageObject","inLanguage":"en-US","@id":"https:\/\/secure.gravatar.com\/avatar\/d5e4e3c75179a28864f62a0be41fe3da1911c3209cd5d9b8df5afa07dc07fb47?s=96&d=mm&r=g","url":"https:\/\/secure.gravatar.com\/avatar\/d5e4e3c75179a28864f62a0be41fe3da1911c3209cd5d9b8df5afa07dc07fb47?s=96&d=mm&r=g","contentUrl":"https:\/\/secure.gravatar.com\/avatar\/d5e4e3c75179a28864f62a0be41fe3da1911c3209cd5d9b8df5afa07dc07fb47?s=96&d=mm&r=g","caption":"Escalar e Associati"},"sameAs":["http:\/\/escalar.it"]}]}},"_links":{"self":[{"href":"https:\/\/escalar.it\/en\/wp-json\/wp\/v2\/posts\/11305","targetHints":{"allow":["GET"]}}],"collection":[{"href":"https:\/\/escalar.it\/en\/wp-json\/wp\/v2\/posts"}],"about":[{"href":"https:\/\/escalar.it\/en\/wp-json\/wp\/v2\/types\/post"}],"author":[{"embeddable":true,"href":"https:\/\/escalar.it\/en\/wp-json\/wp\/v2\/users\/6"}],"replies":[{"embeddable":true,"href":"https:\/\/escalar.it\/en\/wp-json\/wp\/v2\/comments?post=11305"}],"version-history":[{"count":2,"href":"https:\/\/escalar.it\/en\/wp-json\/wp\/v2\/posts\/11305\/revisions"}],"predecessor-version":[{"id":11313,"href":"https:\/\/escalar.it\/en\/wp-json\/wp\/v2\/posts\/11305\/revisions\/11313"}],"wp:featuredmedia":[{"embeddable":true,"href":"https:\/\/escalar.it\/en\/wp-json\/wp\/v2\/media\/11310"}],"wp:attachment":[{"href":"https:\/\/escalar.it\/en\/wp-json\/wp\/v2\/media?parent=11305"}],"wp:term":[{"taxonomy":"category","embeddable":true,"href":"https:\/\/escalar.it\/en\/wp-json\/wp\/v2\/categories?post=11305"},{"taxonomy":"post_tag","embeddable":true,"href":"https:\/\/escalar.it\/en\/wp-json\/wp\/v2\/tags?post=11305"}],"curies":[{"name":"wp","href":"https:\/\/api.w.org\/{rel}","templated":true}]}}