{"id":11221,"date":"2023-06-27T17:23:28","date_gmt":"2023-06-27T16:23:28","guid":{"rendered":"https:\/\/escalar.it\/?p=11221"},"modified":"2023-07-06T09:23:39","modified_gmt":"2023-07-06T08:23:39","slug":"web-meeting-su-questioni-risolte-e-ancora-irrisolte-sulla-fiscalita-per-i-privati-di-security-token-strumenti-digitali-criptovalute-ed-nft-nella-bozza-di-circolare-dellade","status":"publish","type":"post","link":"https:\/\/escalar.it\/en\/news\/web-meeting-su-questioni-risolte-e-ancora-irrisolte-sulla-fiscalita-per-i-privati-di-security-token-strumenti-digitali-criptovalute-ed-nft-nella-bozza-di-circolare-dellade\/11221\/","title":{"rendered":"Web Meeting su &#8220;Questioni risolte e irrisolte sulla fiscalit\u00e0 per i privati di security token, strumenti digitali, criptovalute e NFT alla luce della circolare dell\u2019AdE in consultazione&#8221;"},"content":{"rendered":"<style type=\"text\/css\" data-type=\"vc_cmsms_shortcodes-custom-css\"><\/style>\n<p>Lo Studio Escalar e Associati \u00e8 lieto di annunciare che il 18 luglio 2023 dalle ore 9:30 alle ore 12:00 terr\u00e0 un seminario in videoconferenza che avr\u00e0 ad oggetto<strong> le questioni risolte e irrisolte sulla fiscalit\u00e0 per i privati di security token, strumenti digitali, criptovalute e NFT alla luce della circolare dell\u2019Agenzia delle Entrate in consultazione<\/strong>.<\/p>\n\n\n\n<h4 class=\"wp-block-heading\"><strong>Programma<\/strong><\/h4>\n\n\n\n<p><strong>9.30 &#8211; Introduzione<\/strong><\/p>\n\n\n\n<p><a href=\"https:\/\/escalar.it\/gabriele-escalar\/\">Avv. Gabriele Escalar<\/a> &#8211; E&amp;A e Docente a contratto Universit\u00e0 LUISS<\/p>\n\n\n\n<p><strong>9.35 &#8211; I Diversi modelli di registro distribuito e la gestione informatica delle cripto-attivit\u00e0<\/strong><\/p>\n\n\n\n<ul class=\"wp-block-list\">\n<li>I modelli di registro distribuito nativi: le configurazioni, i token, le criptovalute, gli smart contract ed i wallet;<\/li>\n\n\n\n<li>La gestione informatica dei security token e degli NFT;<\/li>\n\n\n\n<li>Il modello di registro distribuito del regime pilota: intermediari gestori, e-money token o valuta fiat, i subdepositi;<\/li>\n\n\n\n<li>La gestione informatica degli strumenti finanziari digitali.<\/li>\n<\/ul>\n\n\n\n<p><a href=\"https:\/\/escalar.it\/professionisti\/agostino-aurelio-sarzana\/\">Avv. Agostino Aurelio Sarzana<\/a> &#8211; E&amp;A<\/p>\n\n\n\n<p><strong>10.00 &#8211; Le questioni di qualificazione fiscale di security token, strumenti digitali, NFT e criptovalute<\/strong><\/p>\n\n\n\n<ul class=\"wp-block-list\">\n<li>I security token come strumenti finanziari e gli strumenti digitali come titoli;<\/li>\n\n\n\n<li>Gli NFT come rappresentazioni digitali di licenze di utilizzazione personale od economica di diritti di autore, diritti connessi od altri diritti;<\/li>\n\n\n\n<li>La qualificazione fiscale delle criptovalute, degli e-money token e delle valute digitali.<\/li>\n<\/ul>\n\n\n\n<p><a href=\"https:\/\/escalar.it\/gabriele-escalar\/\">Avv. Gabriele Escalar<\/a> &#8211; E&amp;A e Docente a contratto Universit\u00e0 LUISS<\/p>\n\n\n\n<p><strong>10.30 &#8211; Le questioni relative al prelievo dell&#8217;imposta sui proventi delle cripto-attivit\u00e0<\/strong><\/p>\n\n\n\n<ul class=\"wp-block-list\">\n<li>Le modalit\u00e0 d\u2019imposizione dei redditi derivanti da security token, strumenti finanziari digitali ed NFT;<\/li>\n\n\n\n<li>La tassazione in dichiarazione dei redditi delle cripto-attivit\u00e0;<\/li>\n\n\n\n<li>Il risparmio amministrato e gestito sui redditi delle cripto-attivit\u00e0.<\/li>\n<\/ul>\n\n\n\n<p><a href=\"https:\/\/escalar.it\/professionisti\/alessandro-siragusa\/\">Avv. Alessandro Siragusa<\/a> &#8211; E&amp;A<\/p>\n\n\n\n<p><strong>10.55 &#8211; Le questioni aperte per gli intermediari finanziari<\/strong><\/p>\n\n\n\n<ul class=\"wp-block-list\">\n<li>Il regime impositivo degli strumenti finanziari digitali;<\/li>\n\n\n\n<li>Il risparmio amministrato e gestito sui redditi degli strumenti digitali e delle criptovalute.<\/li>\n<\/ul>\n\n\n\n<p><a href=\"https:\/\/www.intesasanpaolo.com\/\">Dott.ssa Paola Flora<\/a> \u2013 Servizio fiscale di Intesa Sanpaolo S.p.A.<\/p>\n\n\n\n<p><strong>11.15 &#8211; Le questioni aperte per gli intermediari non finanziari<\/strong><\/p>\n\n\n\n<ul class=\"wp-block-list\">\n<li>Il risparmio amministrato sui redditi delle criptovalute.<\/li>\n<\/ul>\n\n\n\n<p><a href=\"https:\/\/www.conio.com\/\">Dott. Christian Miccoli<\/a> \u2013 Amministratore Delegato Conio s.r.l.<\/p>\n\n\n\n<p><strong>11.35 &#8211; Dibattito e Conclusioni<\/strong><\/p>\n\n\n\n<p>Solo 200 posti disponibili, per partecipare si prega di inviare una richiesta all\u2019indirizzo&nbsp;<a href=\"mailto:segreteriage@escalar.it\">segreteriage@escalar.it<\/a>.<\/p>\n","protected":false},"excerpt":{"rendered":"<p>Lo Studio Escalar e Associati \u00e8 lieto di annunciare che il 18 luglio 2023 dalle ore 9:30 alle ore 12:00 terr\u00e0 un seminario in videoconferenza che avr\u00e0 ad oggetto le questioni risolte e irrisolte sulla fiscalit\u00e0 per i privati di security token, strumenti digitali, criptovalute e NFT alla luce della circolare dell\u2019Agenzia delle Entrate in&#8230;<\/p>\n","protected":false},"author":6,"featured_media":11229,"comment_status":"open","ping_status":"closed","sticky":false,"template":"","format":"standard","meta":{"footnotes":""},"categories":[33],"tags":[279,276,142,203,277,278],"class_list":["post-11221","post","type-post","status-publish","format-standard","has-post-thumbnail","hentry","category-news","tag-circolare","tag-cirptoattivita","tag-criptovalute","tag-nft","tag-strumenti-digitali","tag-web-meeting"],"yoast_head":"<!-- This site is optimized with the Yoast SEO plugin v27.5 - https:\/\/yoast.com\/product\/yoast-seo-wordpress\/ -->\n<title>Web Meeting su &quot;Questioni risolte e irrisolte sulla fiscalit\u00e0 per i privati di security token, strumenti digitali, criptovalute e NFT alla luce della circolare dell\u2019AdE in consultazione&quot; &#8211; Escalar e Associati<\/title>\n<meta name=\"description\" content=\"Escalar e Associati terr\u00e0 il 18 luglio 2023 un seminario sulla bozza di circolare dell&#039;AdE sulla riforma delle Criptoattivit\u00e0.\" \/>\n<meta name=\"robots\" content=\"index, follow, max-snippet:-1, max-image-preview:large, max-video-preview:-1\" \/>\n<link rel=\"canonical\" href=\"https:\/\/escalar.it\/en\/news\/web-meeting-su-questioni-risolte-e-ancora-irrisolte-sulla-fiscalita-per-i-privati-di-security-token-strumenti-digitali-criptovalute-ed-nft-nella-bozza-di-circolare-dellade\/11221\/\" \/>\n<meta property=\"og:locale\" content=\"en_US\" \/>\n<meta property=\"og:type\" content=\"article\" \/>\n<meta property=\"og:title\" content=\"Web Meeting su &quot;Questioni risolte e irrisolte sulla fiscalit\u00e0 per i privati di security token, strumenti digitali, criptovalute e NFT alla luce della circolare dell\u2019AdE in consultazione&quot; &#8211; Escalar e Associati\" \/>\n<meta property=\"og:description\" content=\"Escalar e Associati terr\u00e0 il 18 luglio 2023 un seminario sulla bozza di circolare dell&#039;AdE sulla riforma delle Criptoattivit\u00e0.\" \/>\n<meta property=\"og:url\" content=\"https:\/\/escalar.it\/en\/news\/web-meeting-su-questioni-risolte-e-ancora-irrisolte-sulla-fiscalita-per-i-privati-di-security-token-strumenti-digitali-criptovalute-ed-nft-nella-bozza-di-circolare-dellade\/11221\/\" \/>\n<meta property=\"og:site_name\" content=\"Escalar e Associati\" \/>\n<meta property=\"article:publisher\" content=\"https:\/\/www.facebook.com\/escalareassociati\/\" \/>\n<meta property=\"article:published_time\" content=\"2023-06-27T16:23:28+00:00\" \/>\n<meta property=\"article:modified_time\" content=\"2023-07-06T08:23:39+00:00\" \/>\n<meta property=\"og:image\" content=\"https:\/\/escalar.it\/wp-content\/uploads\/2023\/06\/LocCrypto-bisLB23-3-scaled.jpg\" \/>\n\t<meta property=\"og:image:width\" content=\"2560\" \/>\n\t<meta property=\"og:image:height\" content=\"1437\" \/>\n\t<meta property=\"og:image:type\" content=\"image\/jpeg\" \/>\n<meta name=\"author\" content=\"Escalar e Associati\" \/>\n<meta name=\"twitter:card\" content=\"summary_large_image\" \/>\n<meta name=\"twitter:label1\" content=\"Written by\" \/>\n\t<meta name=\"twitter:data1\" content=\"Escalar e Associati\" \/>\n\t<meta name=\"twitter:label2\" content=\"Est. reading time\" \/>\n\t<meta name=\"twitter:data2\" content=\"2 minutes\" \/>\n<script type=\"application\/ld+json\" class=\"yoast-schema-graph\">{\"@context\":\"https:\\\/\\\/schema.org\",\"@graph\":[{\"@type\":\"Article\",\"@id\":\"https:\\\/\\\/escalar.it\\\/en\\\/news\\\/web-meeting-su-questioni-risolte-e-ancora-irrisolte-sulla-fiscalita-per-i-privati-di-security-token-strumenti-digitali-criptovalute-ed-nft-nella-bozza-di-circolare-dellade\\\/11221\\\/#article\",\"isPartOf\":{\"@id\":\"https:\\\/\\\/escalar.it\\\/en\\\/news\\\/web-meeting-su-questioni-risolte-e-ancora-irrisolte-sulla-fiscalita-per-i-privati-di-security-token-strumenti-digitali-criptovalute-ed-nft-nella-bozza-di-circolare-dellade\\\/11221\\\/\"},\"author\":{\"name\":\"Escalar e Associati\",\"@id\":\"https:\\\/\\\/escalar.it\\\/en\\\/#\\\/schema\\\/person\\\/b77edfcf5ba59fe1ab3326f708e27cc3\"},\"headline\":\"Web Meeting su &#8220;Questioni risolte e irrisolte sulla fiscalit\u00e0 per i privati di security token, strumenti digitali, criptovalute e NFT alla luce della circolare dell\u2019AdE in consultazione&#8221;\",\"datePublished\":\"2023-06-27T16:23:28+00:00\",\"dateModified\":\"2023-07-06T08:23:39+00:00\",\"mainEntityOfPage\":{\"@id\":\"https:\\\/\\\/escalar.it\\\/en\\\/news\\\/web-meeting-su-questioni-risolte-e-ancora-irrisolte-sulla-fiscalita-per-i-privati-di-security-token-strumenti-digitali-criptovalute-ed-nft-nella-bozza-di-circolare-dellade\\\/11221\\\/\"},\"wordCount\":377,\"commentCount\":0,\"publisher\":{\"@id\":\"https:\\\/\\\/escalar.it\\\/en\\\/#organization\"},\"image\":{\"@id\":\"https:\\\/\\\/escalar.it\\\/en\\\/news\\\/web-meeting-su-questioni-risolte-e-ancora-irrisolte-sulla-fiscalita-per-i-privati-di-security-token-strumenti-digitali-criptovalute-ed-nft-nella-bozza-di-circolare-dellade\\\/11221\\\/#primaryimage\"},\"thumbnailUrl\":\"https:\\\/\\\/escalar.it\\\/wp-content\\\/uploads\\\/2023\\\/06\\\/LocCrypto-bisLB23-3-scaled.jpg\",\"keywords\":[\"circolare\",\"cirptoattivit\u00e0\",\"criptovalute\",\"nft\",\"strumenti digitali\",\"web meeting\"],\"articleSection\":[\"Gli Eventi\"],\"inLanguage\":\"en-US\",\"potentialAction\":[{\"@type\":\"CommentAction\",\"name\":\"Comment\",\"target\":[\"https:\\\/\\\/escalar.it\\\/en\\\/news\\\/web-meeting-su-questioni-risolte-e-ancora-irrisolte-sulla-fiscalita-per-i-privati-di-security-token-strumenti-digitali-criptovalute-ed-nft-nella-bozza-di-circolare-dellade\\\/11221\\\/#respond\"]}]},{\"@type\":\"WebPage\",\"@id\":\"https:\\\/\\\/escalar.it\\\/en\\\/news\\\/web-meeting-su-questioni-risolte-e-ancora-irrisolte-sulla-fiscalita-per-i-privati-di-security-token-strumenti-digitali-criptovalute-ed-nft-nella-bozza-di-circolare-dellade\\\/11221\\\/\",\"url\":\"https:\\\/\\\/escalar.it\\\/en\\\/news\\\/web-meeting-su-questioni-risolte-e-ancora-irrisolte-sulla-fiscalita-per-i-privati-di-security-token-strumenti-digitali-criptovalute-ed-nft-nella-bozza-di-circolare-dellade\\\/11221\\\/\",\"name\":\"Web Meeting su \\\"Questioni risolte e irrisolte sulla fiscalit\u00e0 per i privati di security token, strumenti digitali, criptovalute e NFT alla luce della circolare dell\u2019AdE in consultazione\\\" &#8211; Escalar e Associati\",\"isPartOf\":{\"@id\":\"https:\\\/\\\/escalar.it\\\/en\\\/#website\"},\"primaryImageOfPage\":{\"@id\":\"https:\\\/\\\/escalar.it\\\/en\\\/news\\\/web-meeting-su-questioni-risolte-e-ancora-irrisolte-sulla-fiscalita-per-i-privati-di-security-token-strumenti-digitali-criptovalute-ed-nft-nella-bozza-di-circolare-dellade\\\/11221\\\/#primaryimage\"},\"image\":{\"@id\":\"https:\\\/\\\/escalar.it\\\/en\\\/news\\\/web-meeting-su-questioni-risolte-e-ancora-irrisolte-sulla-fiscalita-per-i-privati-di-security-token-strumenti-digitali-criptovalute-ed-nft-nella-bozza-di-circolare-dellade\\\/11221\\\/#primaryimage\"},\"thumbnailUrl\":\"https:\\\/\\\/escalar.it\\\/wp-content\\\/uploads\\\/2023\\\/06\\\/LocCrypto-bisLB23-3-scaled.jpg\",\"datePublished\":\"2023-06-27T16:23:28+00:00\",\"dateModified\":\"2023-07-06T08:23:39+00:00\",\"description\":\"Escalar e Associati terr\u00e0 il 18 luglio 2023 un seminario sulla bozza di circolare dell'AdE sulla riforma delle Criptoattivit\u00e0.\",\"breadcrumb\":{\"@id\":\"https:\\\/\\\/escalar.it\\\/en\\\/news\\\/web-meeting-su-questioni-risolte-e-ancora-irrisolte-sulla-fiscalita-per-i-privati-di-security-token-strumenti-digitali-criptovalute-ed-nft-nella-bozza-di-circolare-dellade\\\/11221\\\/#breadcrumb\"},\"inLanguage\":\"en-US\",\"potentialAction\":[{\"@type\":\"ReadAction\",\"target\":[\"https:\\\/\\\/escalar.it\\\/en\\\/news\\\/web-meeting-su-questioni-risolte-e-ancora-irrisolte-sulla-fiscalita-per-i-privati-di-security-token-strumenti-digitali-criptovalute-ed-nft-nella-bozza-di-circolare-dellade\\\/11221\\\/\"]}]},{\"@type\":\"ImageObject\",\"inLanguage\":\"en-US\",\"@id\":\"https:\\\/\\\/escalar.it\\\/en\\\/news\\\/web-meeting-su-questioni-risolte-e-ancora-irrisolte-sulla-fiscalita-per-i-privati-di-security-token-strumenti-digitali-criptovalute-ed-nft-nella-bozza-di-circolare-dellade\\\/11221\\\/#primaryimage\",\"url\":\"https:\\\/\\\/escalar.it\\\/wp-content\\\/uploads\\\/2023\\\/06\\\/LocCrypto-bisLB23-3-scaled.jpg\",\"contentUrl\":\"https:\\\/\\\/escalar.it\\\/wp-content\\\/uploads\\\/2023\\\/06\\\/LocCrypto-bisLB23-3-scaled.jpg\",\"width\":2560,\"height\":1437},{\"@type\":\"BreadcrumbList\",\"@id\":\"https:\\\/\\\/escalar.it\\\/en\\\/news\\\/web-meeting-su-questioni-risolte-e-ancora-irrisolte-sulla-fiscalita-per-i-privati-di-security-token-strumenti-digitali-criptovalute-ed-nft-nella-bozza-di-circolare-dellade\\\/11221\\\/#breadcrumb\",\"itemListElement\":[{\"@type\":\"ListItem\",\"position\":1,\"name\":\"Home\",\"item\":\"https:\\\/\\\/escalar.it\\\/en\\\/\"},{\"@type\":\"ListItem\",\"position\":2,\"name\":\"Web Meeting su &#8220;Questioni risolte e irrisolte sulla fiscalit\u00e0 per i privati di security token, strumenti digitali, criptovalute e NFT alla luce della circolare dell\u2019AdE in consultazione&#8221;\"}]},{\"@type\":\"WebSite\",\"@id\":\"https:\\\/\\\/escalar.it\\\/en\\\/#website\",\"url\":\"https:\\\/\\\/escalar.it\\\/en\\\/\",\"name\":\"Escalar e Associati\",\"description\":\"\",\"publisher\":{\"@id\":\"https:\\\/\\\/escalar.it\\\/en\\\/#organization\"},\"potentialAction\":[{\"@type\":\"SearchAction\",\"target\":{\"@type\":\"EntryPoint\",\"urlTemplate\":\"https:\\\/\\\/escalar.it\\\/en\\\/?s={search_term_string}\"},\"query-input\":{\"@type\":\"PropertyValueSpecification\",\"valueRequired\":true,\"valueName\":\"search_term_string\"}}],\"inLanguage\":\"en-US\"},{\"@type\":\"Organization\",\"@id\":\"https:\\\/\\\/escalar.it\\\/en\\\/#organization\",\"name\":\"Escalar e Associati - Studio Legale e Tributario\",\"url\":\"https:\\\/\\\/escalar.it\\\/en\\\/\",\"logo\":{\"@type\":\"ImageObject\",\"inLanguage\":\"en-US\",\"@id\":\"https:\\\/\\\/escalar.it\\\/en\\\/#\\\/schema\\\/logo\\\/image\\\/\",\"url\":\"https:\\\/\\\/escalar.it\\\/wp-content\\\/uploads\\\/2019\\\/03\\\/logo-big.png\",\"contentUrl\":\"https:\\\/\\\/escalar.it\\\/wp-content\\\/uploads\\\/2019\\\/03\\\/logo-big.png\",\"width\":1592,\"height\":655,\"caption\":\"Escalar e Associati - Studio Legale e Tributario\"},\"image\":{\"@id\":\"https:\\\/\\\/escalar.it\\\/en\\\/#\\\/schema\\\/logo\\\/image\\\/\"},\"sameAs\":[\"https:\\\/\\\/www.facebook.com\\\/escalareassociati\\\/\",\"https:\\\/\\\/www.linkedin.com\\\/company\\\/escalar-e-associati\\\/\"]},{\"@type\":\"Person\",\"@id\":\"https:\\\/\\\/escalar.it\\\/en\\\/#\\\/schema\\\/person\\\/b77edfcf5ba59fe1ab3326f708e27cc3\",\"name\":\"Escalar e Associati\",\"image\":{\"@type\":\"ImageObject\",\"inLanguage\":\"en-US\",\"@id\":\"https:\\\/\\\/secure.gravatar.com\\\/avatar\\\/d5e4e3c75179a28864f62a0be41fe3da1911c3209cd5d9b8df5afa07dc07fb47?s=96&d=mm&r=g\",\"url\":\"https:\\\/\\\/secure.gravatar.com\\\/avatar\\\/d5e4e3c75179a28864f62a0be41fe3da1911c3209cd5d9b8df5afa07dc07fb47?s=96&d=mm&r=g\",\"contentUrl\":\"https:\\\/\\\/secure.gravatar.com\\\/avatar\\\/d5e4e3c75179a28864f62a0be41fe3da1911c3209cd5d9b8df5afa07dc07fb47?s=96&d=mm&r=g\",\"caption\":\"Escalar e Associati\"},\"sameAs\":[\"http:\\\/\\\/escalar.it\"]}]}<\/script>\n<!-- \/ Yoast SEO plugin. -->","yoast_head_json":{"title":"Web Meeting su \"Questioni risolte e irrisolte sulla fiscalit\u00e0 per i privati di security token, strumenti digitali, criptovalute e NFT alla luce della circolare dell\u2019AdE in consultazione\" &#8211; Escalar e Associati","description":"Escalar e Associati terr\u00e0 il 18 luglio 2023 un seminario sulla bozza di circolare dell'AdE sulla riforma delle Criptoattivit\u00e0.","robots":{"index":"index","follow":"follow","max-snippet":"max-snippet:-1","max-image-preview":"max-image-preview:large","max-video-preview":"max-video-preview:-1"},"canonical":"https:\/\/escalar.it\/en\/news\/web-meeting-su-questioni-risolte-e-ancora-irrisolte-sulla-fiscalita-per-i-privati-di-security-token-strumenti-digitali-criptovalute-ed-nft-nella-bozza-di-circolare-dellade\/11221\/","og_locale":"en_US","og_type":"article","og_title":"Web Meeting su \"Questioni risolte e irrisolte sulla fiscalit\u00e0 per i privati di security token, strumenti digitali, criptovalute e NFT alla luce della circolare dell\u2019AdE in consultazione\" &#8211; Escalar e Associati","og_description":"Escalar e Associati terr\u00e0 il 18 luglio 2023 un seminario sulla bozza di circolare dell'AdE sulla riforma delle Criptoattivit\u00e0.","og_url":"https:\/\/escalar.it\/en\/news\/web-meeting-su-questioni-risolte-e-ancora-irrisolte-sulla-fiscalita-per-i-privati-di-security-token-strumenti-digitali-criptovalute-ed-nft-nella-bozza-di-circolare-dellade\/11221\/","og_site_name":"Escalar e Associati","article_publisher":"https:\/\/www.facebook.com\/escalareassociati\/","article_published_time":"2023-06-27T16:23:28+00:00","article_modified_time":"2023-07-06T08:23:39+00:00","og_image":[{"width":2560,"height":1437,"url":"https:\/\/escalar.it\/wp-content\/uploads\/2023\/06\/LocCrypto-bisLB23-3-scaled.jpg","type":"image\/jpeg"}],"author":"Escalar e Associati","twitter_card":"summary_large_image","twitter_misc":{"Written by":"Escalar e Associati","Est. reading time":"2 minutes"},"schema":{"@context":"https:\/\/schema.org","@graph":[{"@type":"Article","@id":"https:\/\/escalar.it\/en\/news\/web-meeting-su-questioni-risolte-e-ancora-irrisolte-sulla-fiscalita-per-i-privati-di-security-token-strumenti-digitali-criptovalute-ed-nft-nella-bozza-di-circolare-dellade\/11221\/#article","isPartOf":{"@id":"https:\/\/escalar.it\/en\/news\/web-meeting-su-questioni-risolte-e-ancora-irrisolte-sulla-fiscalita-per-i-privati-di-security-token-strumenti-digitali-criptovalute-ed-nft-nella-bozza-di-circolare-dellade\/11221\/"},"author":{"name":"Escalar e Associati","@id":"https:\/\/escalar.it\/en\/#\/schema\/person\/b77edfcf5ba59fe1ab3326f708e27cc3"},"headline":"Web Meeting su &#8220;Questioni risolte e irrisolte sulla fiscalit\u00e0 per i privati di security token, strumenti digitali, criptovalute e NFT alla luce della circolare dell\u2019AdE in consultazione&#8221;","datePublished":"2023-06-27T16:23:28+00:00","dateModified":"2023-07-06T08:23:39+00:00","mainEntityOfPage":{"@id":"https:\/\/escalar.it\/en\/news\/web-meeting-su-questioni-risolte-e-ancora-irrisolte-sulla-fiscalita-per-i-privati-di-security-token-strumenti-digitali-criptovalute-ed-nft-nella-bozza-di-circolare-dellade\/11221\/"},"wordCount":377,"commentCount":0,"publisher":{"@id":"https:\/\/escalar.it\/en\/#organization"},"image":{"@id":"https:\/\/escalar.it\/en\/news\/web-meeting-su-questioni-risolte-e-ancora-irrisolte-sulla-fiscalita-per-i-privati-di-security-token-strumenti-digitali-criptovalute-ed-nft-nella-bozza-di-circolare-dellade\/11221\/#primaryimage"},"thumbnailUrl":"https:\/\/escalar.it\/wp-content\/uploads\/2023\/06\/LocCrypto-bisLB23-3-scaled.jpg","keywords":["circolare","cirptoattivit\u00e0","criptovalute","nft","strumenti digitali","web meeting"],"articleSection":["Gli Eventi"],"inLanguage":"en-US","potentialAction":[{"@type":"CommentAction","name":"Comment","target":["https:\/\/escalar.it\/en\/news\/web-meeting-su-questioni-risolte-e-ancora-irrisolte-sulla-fiscalita-per-i-privati-di-security-token-strumenti-digitali-criptovalute-ed-nft-nella-bozza-di-circolare-dellade\/11221\/#respond"]}]},{"@type":"WebPage","@id":"https:\/\/escalar.it\/en\/news\/web-meeting-su-questioni-risolte-e-ancora-irrisolte-sulla-fiscalita-per-i-privati-di-security-token-strumenti-digitali-criptovalute-ed-nft-nella-bozza-di-circolare-dellade\/11221\/","url":"https:\/\/escalar.it\/en\/news\/web-meeting-su-questioni-risolte-e-ancora-irrisolte-sulla-fiscalita-per-i-privati-di-security-token-strumenti-digitali-criptovalute-ed-nft-nella-bozza-di-circolare-dellade\/11221\/","name":"Web Meeting su \"Questioni risolte e irrisolte sulla fiscalit\u00e0 per i privati di security token, strumenti digitali, criptovalute e NFT alla luce della circolare dell\u2019AdE in consultazione\" &#8211; Escalar e Associati","isPartOf":{"@id":"https:\/\/escalar.it\/en\/#website"},"primaryImageOfPage":{"@id":"https:\/\/escalar.it\/en\/news\/web-meeting-su-questioni-risolte-e-ancora-irrisolte-sulla-fiscalita-per-i-privati-di-security-token-strumenti-digitali-criptovalute-ed-nft-nella-bozza-di-circolare-dellade\/11221\/#primaryimage"},"image":{"@id":"https:\/\/escalar.it\/en\/news\/web-meeting-su-questioni-risolte-e-ancora-irrisolte-sulla-fiscalita-per-i-privati-di-security-token-strumenti-digitali-criptovalute-ed-nft-nella-bozza-di-circolare-dellade\/11221\/#primaryimage"},"thumbnailUrl":"https:\/\/escalar.it\/wp-content\/uploads\/2023\/06\/LocCrypto-bisLB23-3-scaled.jpg","datePublished":"2023-06-27T16:23:28+00:00","dateModified":"2023-07-06T08:23:39+00:00","description":"Escalar e Associati terr\u00e0 il 18 luglio 2023 un seminario sulla bozza di circolare dell'AdE sulla riforma delle Criptoattivit\u00e0.","breadcrumb":{"@id":"https:\/\/escalar.it\/en\/news\/web-meeting-su-questioni-risolte-e-ancora-irrisolte-sulla-fiscalita-per-i-privati-di-security-token-strumenti-digitali-criptovalute-ed-nft-nella-bozza-di-circolare-dellade\/11221\/#breadcrumb"},"inLanguage":"en-US","potentialAction":[{"@type":"ReadAction","target":["https:\/\/escalar.it\/en\/news\/web-meeting-su-questioni-risolte-e-ancora-irrisolte-sulla-fiscalita-per-i-privati-di-security-token-strumenti-digitali-criptovalute-ed-nft-nella-bozza-di-circolare-dellade\/11221\/"]}]},{"@type":"ImageObject","inLanguage":"en-US","@id":"https:\/\/escalar.it\/en\/news\/web-meeting-su-questioni-risolte-e-ancora-irrisolte-sulla-fiscalita-per-i-privati-di-security-token-strumenti-digitali-criptovalute-ed-nft-nella-bozza-di-circolare-dellade\/11221\/#primaryimage","url":"https:\/\/escalar.it\/wp-content\/uploads\/2023\/06\/LocCrypto-bisLB23-3-scaled.jpg","contentUrl":"https:\/\/escalar.it\/wp-content\/uploads\/2023\/06\/LocCrypto-bisLB23-3-scaled.jpg","width":2560,"height":1437},{"@type":"BreadcrumbList","@id":"https:\/\/escalar.it\/en\/news\/web-meeting-su-questioni-risolte-e-ancora-irrisolte-sulla-fiscalita-per-i-privati-di-security-token-strumenti-digitali-criptovalute-ed-nft-nella-bozza-di-circolare-dellade\/11221\/#breadcrumb","itemListElement":[{"@type":"ListItem","position":1,"name":"Home","item":"https:\/\/escalar.it\/en\/"},{"@type":"ListItem","position":2,"name":"Web Meeting su &#8220;Questioni risolte e irrisolte sulla fiscalit\u00e0 per i privati di security token, strumenti digitali, criptovalute e NFT alla luce della circolare dell\u2019AdE in consultazione&#8221;"}]},{"@type":"WebSite","@id":"https:\/\/escalar.it\/en\/#website","url":"https:\/\/escalar.it\/en\/","name":"Escalar e Associati","description":"","publisher":{"@id":"https:\/\/escalar.it\/en\/#organization"},"potentialAction":[{"@type":"SearchAction","target":{"@type":"EntryPoint","urlTemplate":"https:\/\/escalar.it\/en\/?s={search_term_string}"},"query-input":{"@type":"PropertyValueSpecification","valueRequired":true,"valueName":"search_term_string"}}],"inLanguage":"en-US"},{"@type":"Organization","@id":"https:\/\/escalar.it\/en\/#organization","name":"Escalar e Associati - Studio Legale e Tributario","url":"https:\/\/escalar.it\/en\/","logo":{"@type":"ImageObject","inLanguage":"en-US","@id":"https:\/\/escalar.it\/en\/#\/schema\/logo\/image\/","url":"https:\/\/escalar.it\/wp-content\/uploads\/2019\/03\/logo-big.png","contentUrl":"https:\/\/escalar.it\/wp-content\/uploads\/2019\/03\/logo-big.png","width":1592,"height":655,"caption":"Escalar e Associati - Studio Legale e Tributario"},"image":{"@id":"https:\/\/escalar.it\/en\/#\/schema\/logo\/image\/"},"sameAs":["https:\/\/www.facebook.com\/escalareassociati\/","https:\/\/www.linkedin.com\/company\/escalar-e-associati\/"]},{"@type":"Person","@id":"https:\/\/escalar.it\/en\/#\/schema\/person\/b77edfcf5ba59fe1ab3326f708e27cc3","name":"Escalar e Associati","image":{"@type":"ImageObject","inLanguage":"en-US","@id":"https:\/\/secure.gravatar.com\/avatar\/d5e4e3c75179a28864f62a0be41fe3da1911c3209cd5d9b8df5afa07dc07fb47?s=96&d=mm&r=g","url":"https:\/\/secure.gravatar.com\/avatar\/d5e4e3c75179a28864f62a0be41fe3da1911c3209cd5d9b8df5afa07dc07fb47?s=96&d=mm&r=g","contentUrl":"https:\/\/secure.gravatar.com\/avatar\/d5e4e3c75179a28864f62a0be41fe3da1911c3209cd5d9b8df5afa07dc07fb47?s=96&d=mm&r=g","caption":"Escalar e Associati"},"sameAs":["http:\/\/escalar.it"]}]}},"_links":{"self":[{"href":"https:\/\/escalar.it\/en\/wp-json\/wp\/v2\/posts\/11221","targetHints":{"allow":["GET"]}}],"collection":[{"href":"https:\/\/escalar.it\/en\/wp-json\/wp\/v2\/posts"}],"about":[{"href":"https:\/\/escalar.it\/en\/wp-json\/wp\/v2\/types\/post"}],"author":[{"embeddable":true,"href":"https:\/\/escalar.it\/en\/wp-json\/wp\/v2\/users\/6"}],"replies":[{"embeddable":true,"href":"https:\/\/escalar.it\/en\/wp-json\/wp\/v2\/comments?post=11221"}],"version-history":[{"count":7,"href":"https:\/\/escalar.it\/en\/wp-json\/wp\/v2\/posts\/11221\/revisions"}],"predecessor-version":[{"id":11292,"href":"https:\/\/escalar.it\/en\/wp-json\/wp\/v2\/posts\/11221\/revisions\/11292"}],"wp:featuredmedia":[{"embeddable":true,"href":"https:\/\/escalar.it\/en\/wp-json\/wp\/v2\/media\/11229"}],"wp:attachment":[{"href":"https:\/\/escalar.it\/en\/wp-json\/wp\/v2\/media?parent=11221"}],"wp:term":[{"taxonomy":"category","embeddable":true,"href":"https:\/\/escalar.it\/en\/wp-json\/wp\/v2\/categories?post=11221"},{"taxonomy":"post_tag","embeddable":true,"href":"https:\/\/escalar.it\/en\/wp-json\/wp\/v2\/tags?post=11221"}],"curies":[{"name":"wp","href":"https:\/\/api.w.org\/{rel}","templated":true}]}}