{"id":11047,"date":"2023-06-08T08:53:01","date_gmt":"2023-06-08T07:53:01","guid":{"rendered":"https:\/\/escalar.it\/?p=11047"},"modified":"2023-06-08T08:53:03","modified_gmt":"2023-06-08T07:53:03","slug":"ottenuta-conferma-in-sede-di-revocazione-che-il-giudicato-a-favore-di-unincorporata-vale-anche-per-le-altre-incorporate","status":"publish","type":"post","link":"https:\/\/escalar.it\/en\/giurisprudenza\/ottenuta-conferma-in-sede-di-revocazione-che-il-giudicato-a-favore-di-unincorporata-vale-anche-per-le-altre-incorporate\/11047\/","title":{"rendered":"Ottenuta conferma in sede di revocazione che il giudicato a favore di un\u2019incorporata vale anche per le altre incorporate"},"content":{"rendered":"<style type=\"text\/css\" data-type=\"vc_cmsms_shortcodes-custom-css\"><\/style>\n<p>Con la sentenza 1\u00b0 settembre 2022, n. 25746 (Presidente Cirillo, Relatore Federici) la Corte di Cassazione ha fissato due importanti principi di diritto.<\/p>\n\n\n\n<p>Essa, infatti, non solo ha ribadito che la pretermissione di un\u2019eccezione di sopravvenuto giudicato esterno formulata con memoria depositata nel giudizio di legittimit\u00e0 costituisce un vizio tale da giustificare la revocazione della sentenza che ne sia affetta (cos\u00ec gi\u00e0 Cass. 24\/07\/2015, n. 15608), ma ha anche per la prima volta statuito che il giudicato ottenuto dalla societ\u00e0 incorporante in esito ad un giudizio tributario instaurato da una societ\u00e0 incorporata produce gli effetti del giudicato esterno anche nei giudizi tributari instaurati da altre societ\u00e0 incorporate dalla medesima societ\u00e0 incorporante relativamente alle questioni comuni a tali giudizi.<\/p>\n\n\n\n<p>In particolare, il caso prospettato riguarda una banca che, avendo incorporato altra banca che aveva precedentemente ottenuto nei giudizi di primo e secondo grado l\u2019annullamento della contestazione dell\u2019AdE di aver applicato l\u2019IRAP relativa al 2003 con l\u2019aliquota del 4,25 per cento, invece che con quella del 5,25 per cento, aveva resistito con proprio controricorso, in qualit\u00e0 di incorporante, al ricorso presentato dall\u2019AdE alla Corte di Cassazione.<\/p>\n\n\n\n<p>Senonch\u00e9 la banca incorporante, avendo incorporato anche altre banche che avevano chiesto l\u2019annullamento della medesima contestazione nei giudizi tributari da loro autonomamente instaurati, aveva ottenuto pi\u00f9 sentenze favorevoli a favore delle banche incorporate che erano passate in giudicato soltanto dopo la sua costituzione nel giudizio di legittimit\u00e0.<\/p>\n\n\n\n<p>Pertanto la banca incorporante aveva eccepito nel giudizio di legittimit\u00e0 l\u2019esistenza di tali giudicati esterni con la memoria depositata prima dell\u2019udienza del predetto giudizio, ma poich\u00e9 la Corte di Cassazione con la sentenza n. 2885 del 25 febbraio 2015 (Presidente e relatore Cicala) aveva inspiegabilmente omesso di pronunciarsi su tale eccezione senza neppure dare conto della predetta memoria, ritenendo applicabile l\u2019IRAP con l\u2019aliquota intermedia del 4,75 per cento, aveva presentato ricorso per revocazione sempre davanti alla stessa Corte di Cassazione.<\/p>\n\n\n\n<p>Ebbene, con la predetta sentenza la Corte di Cassazione ha innanzitutto confermato che anche la mera \u201c<em>pretermissione di un\u2019eccezione di giudicato esterno<\/em>\u201d formulata nella memoria depositata prima dell\u2019udienza costituisce come tale un vizio revocatorio in quanto si traduce in un errore di fatto sull\u2019avvenuta formulazione di tale eccezione e non risulta configurabile come un rigetto implicito di tale eccezione (tuttavia nel senso che occorra la pretermissione della memoria e non solo di un\u2019eccezione, pur senza per\u00f2 rimettere la questione alle sezioni unite Cass. 31 ottobre 2022, n. 32144).<\/p>\n\n\n\n<p>Inoltre, la Suprema Corte ha stabilito che la banca incorporante era legittimata ad invocare con gli effetti del giudicato esterno nel giudizio di legittimit\u00e0 instaurato per una societ\u00e0 incorporata le sentenze passate in giudicato dopo la sua costituzione nel predetto giudizio a favore delle altre societ\u00e0 incorporate in quanto, \u201c<em>trattandosi di soggetto giuridico che prosegue in tutti i rapporti, anche processuali, anteriori alla fusione, ex art. 2504 bis c.p.c., non pu\u00f2 negarsi che quanto meno \u2026 ci si trovi di fronte al medesimo soggetto giuridico quale debitore contribuente<\/em>\u201d.<\/p>\n\n\n\n<p>Pertanto la Corte di Cassazione con la sentenza qui commentata ha accolto il ricorso per revocazione presentato dalla banca incorporante, confermando la sentenza del giudice di secondo grado che aveva ritenuto applicabile l\u2019IRAP con l\u2019aliquota del 4,25 per cento, invece che con quelle del 4,75 e 5,25 per cento. <em>Vincit qui patitur<\/em>!<\/p>\n","protected":false},"excerpt":{"rendered":"<p>Con la sentenza 1\u00b0 settembre 2022, n. 25746 (Presidente Cirillo, Relatore Federici) la Corte di Cassazione ha fissato due importanti principi di diritto. Essa, infatti, non solo ha ribadito che la pretermissione di un\u2019eccezione di sopravvenuto giudicato esterno formulata con memoria depositata nel giudizio di legittimit\u00e0 costituisce un vizio tale da giustificare la revocazione della&#8230;<\/p>\n","protected":false},"author":7,"featured_media":9766,"comment_status":"open","ping_status":"closed","sticky":false,"template":"","format":"standard","meta":{"footnotes":""},"categories":[32],"tags":[101,76],"class_list":["post-11047","post","type-post","status-publish","format-standard","has-post-thumbnail","hentry","category-giurisprudenza","tag-cassazione","tag-giudicato"],"yoast_head":"<!-- This site is optimized with the Yoast SEO plugin v27.5 - https:\/\/yoast.com\/product\/yoast-seo-wordpress\/ -->\n<title>Ottenuta conferma in sede di revocazione che il giudicato a favore di un\u2019incorporata vale anche per le altre incorporate &#8211; Escalar e Associati<\/title>\n<meta name=\"description\" content=\"Il giudicato ottenuto dalla societ\u00e0 incorporante in esito ad un giudizio instaurato da una societ\u00e0 incorporata ha effetto di giudicato esterno.\" \/>\n<meta name=\"robots\" content=\"index, follow, max-snippet:-1, max-image-preview:large, max-video-preview:-1\" \/>\n<link rel=\"canonical\" href=\"https:\/\/escalar.it\/en\/giurisprudenza\/ottenuta-conferma-in-sede-di-revocazione-che-il-giudicato-a-favore-di-unincorporata-vale-anche-per-le-altre-incorporate\/11047\/\" \/>\n<meta property=\"og:locale\" content=\"en_US\" \/>\n<meta property=\"og:type\" content=\"article\" \/>\n<meta property=\"og:title\" content=\"Ottenuta conferma in sede di revocazione che il giudicato a favore di un\u2019incorporata vale anche per le altre incorporate &#8211; Escalar e Associati\" \/>\n<meta property=\"og:description\" content=\"Il giudicato ottenuto dalla societ\u00e0 incorporante in esito ad un giudizio instaurato da una societ\u00e0 incorporata ha effetto di giudicato esterno.\" \/>\n<meta property=\"og:url\" content=\"https:\/\/escalar.it\/en\/giurisprudenza\/ottenuta-conferma-in-sede-di-revocazione-che-il-giudicato-a-favore-di-unincorporata-vale-anche-per-le-altre-incorporate\/11047\/\" \/>\n<meta property=\"og:site_name\" content=\"Escalar e Associati\" \/>\n<meta property=\"article:publisher\" content=\"https:\/\/www.facebook.com\/escalareassociati\/\" \/>\n<meta property=\"article:published_time\" content=\"2023-06-08T07:53:01+00:00\" \/>\n<meta property=\"article:modified_time\" content=\"2023-06-08T07:53:03+00:00\" \/>\n<meta property=\"og:image\" content=\"https:\/\/escalar.it\/wp-content\/uploads\/2019\/11\/Roma_2011_08_07_Palazzo_di_Giustizia.jpg\" \/>\n\t<meta property=\"og:image:width\" content=\"2820\" \/>\n\t<meta property=\"og:image:height\" content=\"1880\" \/>\n\t<meta property=\"og:image:type\" content=\"image\/jpeg\" \/>\n<meta name=\"author\" content=\"Gabriele Escalar\" \/>\n<meta name=\"twitter:card\" content=\"summary_large_image\" \/>\n<meta name=\"twitter:label1\" content=\"Written by\" \/>\n\t<meta name=\"twitter:data1\" content=\"Gabriele Escalar\" \/>\n\t<meta name=\"twitter:label2\" content=\"Est. reading time\" \/>\n\t<meta name=\"twitter:data2\" content=\"3 minutes\" \/>\n<script type=\"application\/ld+json\" class=\"yoast-schema-graph\">{\"@context\":\"https:\\\/\\\/schema.org\",\"@graph\":[{\"@type\":\"Article\",\"@id\":\"https:\\\/\\\/escalar.it\\\/en\\\/giurisprudenza\\\/ottenuta-conferma-in-sede-di-revocazione-che-il-giudicato-a-favore-di-unincorporata-vale-anche-per-le-altre-incorporate\\\/11047\\\/#article\",\"isPartOf\":{\"@id\":\"https:\\\/\\\/escalar.it\\\/en\\\/giurisprudenza\\\/ottenuta-conferma-in-sede-di-revocazione-che-il-giudicato-a-favore-di-unincorporata-vale-anche-per-le-altre-incorporate\\\/11047\\\/\"},\"author\":{\"name\":\"Gabriele Escalar\",\"@id\":\"https:\\\/\\\/escalar.it\\\/en\\\/#\\\/schema\\\/person\\\/e00c7366376815b1cb1ab944c020656e\"},\"headline\":\"Ottenuta conferma in sede di revocazione che il giudicato a favore di un\u2019incorporata vale anche per le altre incorporate\",\"datePublished\":\"2023-06-08T07:53:01+00:00\",\"dateModified\":\"2023-06-08T07:53:03+00:00\",\"mainEntityOfPage\":{\"@id\":\"https:\\\/\\\/escalar.it\\\/en\\\/giurisprudenza\\\/ottenuta-conferma-in-sede-di-revocazione-che-il-giudicato-a-favore-di-unincorporata-vale-anche-per-le-altre-incorporate\\\/11047\\\/\"},\"wordCount\":558,\"commentCount\":0,\"publisher\":{\"@id\":\"https:\\\/\\\/escalar.it\\\/en\\\/#organization\"},\"image\":{\"@id\":\"https:\\\/\\\/escalar.it\\\/en\\\/giurisprudenza\\\/ottenuta-conferma-in-sede-di-revocazione-che-il-giudicato-a-favore-di-unincorporata-vale-anche-per-le-altre-incorporate\\\/11047\\\/#primaryimage\"},\"thumbnailUrl\":\"https:\\\/\\\/escalar.it\\\/wp-content\\\/uploads\\\/2019\\\/11\\\/Roma_2011_08_07_Palazzo_di_Giustizia.jpg\",\"keywords\":[\"cassazione\",\"giudicato\"],\"articleSection\":[\"Le Sentenze\"],\"inLanguage\":\"en-US\",\"potentialAction\":[{\"@type\":\"CommentAction\",\"name\":\"Comment\",\"target\":[\"https:\\\/\\\/escalar.it\\\/en\\\/giurisprudenza\\\/ottenuta-conferma-in-sede-di-revocazione-che-il-giudicato-a-favore-di-unincorporata-vale-anche-per-le-altre-incorporate\\\/11047\\\/#respond\"]}]},{\"@type\":\"WebPage\",\"@id\":\"https:\\\/\\\/escalar.it\\\/en\\\/giurisprudenza\\\/ottenuta-conferma-in-sede-di-revocazione-che-il-giudicato-a-favore-di-unincorporata-vale-anche-per-le-altre-incorporate\\\/11047\\\/\",\"url\":\"https:\\\/\\\/escalar.it\\\/en\\\/giurisprudenza\\\/ottenuta-conferma-in-sede-di-revocazione-che-il-giudicato-a-favore-di-unincorporata-vale-anche-per-le-altre-incorporate\\\/11047\\\/\",\"name\":\"Ottenuta conferma in sede di revocazione che il giudicato a favore di un\u2019incorporata vale anche per le altre incorporate &#8211; Escalar e Associati\",\"isPartOf\":{\"@id\":\"https:\\\/\\\/escalar.it\\\/en\\\/#website\"},\"primaryImageOfPage\":{\"@id\":\"https:\\\/\\\/escalar.it\\\/en\\\/giurisprudenza\\\/ottenuta-conferma-in-sede-di-revocazione-che-il-giudicato-a-favore-di-unincorporata-vale-anche-per-le-altre-incorporate\\\/11047\\\/#primaryimage\"},\"image\":{\"@id\":\"https:\\\/\\\/escalar.it\\\/en\\\/giurisprudenza\\\/ottenuta-conferma-in-sede-di-revocazione-che-il-giudicato-a-favore-di-unincorporata-vale-anche-per-le-altre-incorporate\\\/11047\\\/#primaryimage\"},\"thumbnailUrl\":\"https:\\\/\\\/escalar.it\\\/wp-content\\\/uploads\\\/2019\\\/11\\\/Roma_2011_08_07_Palazzo_di_Giustizia.jpg\",\"datePublished\":\"2023-06-08T07:53:01+00:00\",\"dateModified\":\"2023-06-08T07:53:03+00:00\",\"description\":\"Il giudicato ottenuto dalla societ\u00e0 incorporante in esito ad un giudizio instaurato da una societ\u00e0 incorporata ha effetto di giudicato esterno.\",\"breadcrumb\":{\"@id\":\"https:\\\/\\\/escalar.it\\\/en\\\/giurisprudenza\\\/ottenuta-conferma-in-sede-di-revocazione-che-il-giudicato-a-favore-di-unincorporata-vale-anche-per-le-altre-incorporate\\\/11047\\\/#breadcrumb\"},\"inLanguage\":\"en-US\",\"potentialAction\":[{\"@type\":\"ReadAction\",\"target\":[\"https:\\\/\\\/escalar.it\\\/en\\\/giurisprudenza\\\/ottenuta-conferma-in-sede-di-revocazione-che-il-giudicato-a-favore-di-unincorporata-vale-anche-per-le-altre-incorporate\\\/11047\\\/\"]}]},{\"@type\":\"ImageObject\",\"inLanguage\":\"en-US\",\"@id\":\"https:\\\/\\\/escalar.it\\\/en\\\/giurisprudenza\\\/ottenuta-conferma-in-sede-di-revocazione-che-il-giudicato-a-favore-di-unincorporata-vale-anche-per-le-altre-incorporate\\\/11047\\\/#primaryimage\",\"url\":\"https:\\\/\\\/escalar.it\\\/wp-content\\\/uploads\\\/2019\\\/11\\\/Roma_2011_08_07_Palazzo_di_Giustizia.jpg\",\"contentUrl\":\"https:\\\/\\\/escalar.it\\\/wp-content\\\/uploads\\\/2019\\\/11\\\/Roma_2011_08_07_Palazzo_di_Giustizia.jpg\",\"width\":2820,\"height\":1880},{\"@type\":\"BreadcrumbList\",\"@id\":\"https:\\\/\\\/escalar.it\\\/en\\\/giurisprudenza\\\/ottenuta-conferma-in-sede-di-revocazione-che-il-giudicato-a-favore-di-unincorporata-vale-anche-per-le-altre-incorporate\\\/11047\\\/#breadcrumb\",\"itemListElement\":[{\"@type\":\"ListItem\",\"position\":1,\"name\":\"Home\",\"item\":\"https:\\\/\\\/escalar.it\\\/en\\\/\"},{\"@type\":\"ListItem\",\"position\":2,\"name\":\"Ottenuta conferma in sede di revocazione che il giudicato a favore di un\u2019incorporata vale anche per le altre incorporate\"}]},{\"@type\":\"WebSite\",\"@id\":\"https:\\\/\\\/escalar.it\\\/en\\\/#website\",\"url\":\"https:\\\/\\\/escalar.it\\\/en\\\/\",\"name\":\"Escalar e Associati\",\"description\":\"\",\"publisher\":{\"@id\":\"https:\\\/\\\/escalar.it\\\/en\\\/#organization\"},\"potentialAction\":[{\"@type\":\"SearchAction\",\"target\":{\"@type\":\"EntryPoint\",\"urlTemplate\":\"https:\\\/\\\/escalar.it\\\/en\\\/?s={search_term_string}\"},\"query-input\":{\"@type\":\"PropertyValueSpecification\",\"valueRequired\":true,\"valueName\":\"search_term_string\"}}],\"inLanguage\":\"en-US\"},{\"@type\":\"Organization\",\"@id\":\"https:\\\/\\\/escalar.it\\\/en\\\/#organization\",\"name\":\"Escalar e Associati - Studio Legale e Tributario\",\"url\":\"https:\\\/\\\/escalar.it\\\/en\\\/\",\"logo\":{\"@type\":\"ImageObject\",\"inLanguage\":\"en-US\",\"@id\":\"https:\\\/\\\/escalar.it\\\/en\\\/#\\\/schema\\\/logo\\\/image\\\/\",\"url\":\"https:\\\/\\\/escalar.it\\\/wp-content\\\/uploads\\\/2019\\\/03\\\/logo-big.png\",\"contentUrl\":\"https:\\\/\\\/escalar.it\\\/wp-content\\\/uploads\\\/2019\\\/03\\\/logo-big.png\",\"width\":1592,\"height\":655,\"caption\":\"Escalar e Associati - Studio Legale e Tributario\"},\"image\":{\"@id\":\"https:\\\/\\\/escalar.it\\\/en\\\/#\\\/schema\\\/logo\\\/image\\\/\"},\"sameAs\":[\"https:\\\/\\\/www.facebook.com\\\/escalareassociati\\\/\",\"https:\\\/\\\/www.linkedin.com\\\/company\\\/escalar-e-associati\\\/\"]},{\"@type\":\"Person\",\"@id\":\"https:\\\/\\\/escalar.it\\\/en\\\/#\\\/schema\\\/person\\\/e00c7366376815b1cb1ab944c020656e\",\"name\":\"Gabriele Escalar\",\"image\":{\"@type\":\"ImageObject\",\"inLanguage\":\"en-US\",\"@id\":\"https:\\\/\\\/secure.gravatar.com\\\/avatar\\\/8006b7b0c6427c005e94b0e87be29d673c0c2aab50614b1e0656598220bfa0fc?s=96&d=mm&r=g\",\"url\":\"https:\\\/\\\/secure.gravatar.com\\\/avatar\\\/8006b7b0c6427c005e94b0e87be29d673c0c2aab50614b1e0656598220bfa0fc?s=96&d=mm&r=g\",\"contentUrl\":\"https:\\\/\\\/secure.gravatar.com\\\/avatar\\\/8006b7b0c6427c005e94b0e87be29d673c0c2aab50614b1e0656598220bfa0fc?s=96&d=mm&r=g\",\"caption\":\"Gabriele Escalar\"},\"sameAs\":[\"http:\\\/\\\/escalar.it\"]}]}<\/script>\n<!-- \/ Yoast SEO plugin. -->","yoast_head_json":{"title":"Ottenuta conferma in sede di revocazione che il giudicato a favore di un\u2019incorporata vale anche per le altre incorporate &#8211; Escalar e Associati","description":"Il giudicato ottenuto dalla societ\u00e0 incorporante in esito ad un giudizio instaurato da una societ\u00e0 incorporata ha effetto di giudicato esterno.","robots":{"index":"index","follow":"follow","max-snippet":"max-snippet:-1","max-image-preview":"max-image-preview:large","max-video-preview":"max-video-preview:-1"},"canonical":"https:\/\/escalar.it\/en\/giurisprudenza\/ottenuta-conferma-in-sede-di-revocazione-che-il-giudicato-a-favore-di-unincorporata-vale-anche-per-le-altre-incorporate\/11047\/","og_locale":"en_US","og_type":"article","og_title":"Ottenuta conferma in sede di revocazione che il giudicato a favore di un\u2019incorporata vale anche per le altre incorporate &#8211; Escalar e Associati","og_description":"Il giudicato ottenuto dalla societ\u00e0 incorporante in esito ad un giudizio instaurato da una societ\u00e0 incorporata ha effetto di giudicato esterno.","og_url":"https:\/\/escalar.it\/en\/giurisprudenza\/ottenuta-conferma-in-sede-di-revocazione-che-il-giudicato-a-favore-di-unincorporata-vale-anche-per-le-altre-incorporate\/11047\/","og_site_name":"Escalar e Associati","article_publisher":"https:\/\/www.facebook.com\/escalareassociati\/","article_published_time":"2023-06-08T07:53:01+00:00","article_modified_time":"2023-06-08T07:53:03+00:00","og_image":[{"width":2820,"height":1880,"url":"https:\/\/escalar.it\/wp-content\/uploads\/2019\/11\/Roma_2011_08_07_Palazzo_di_Giustizia.jpg","type":"image\/jpeg"}],"author":"Gabriele Escalar","twitter_card":"summary_large_image","twitter_misc":{"Written by":"Gabriele Escalar","Est. reading time":"3 minutes"},"schema":{"@context":"https:\/\/schema.org","@graph":[{"@type":"Article","@id":"https:\/\/escalar.it\/en\/giurisprudenza\/ottenuta-conferma-in-sede-di-revocazione-che-il-giudicato-a-favore-di-unincorporata-vale-anche-per-le-altre-incorporate\/11047\/#article","isPartOf":{"@id":"https:\/\/escalar.it\/en\/giurisprudenza\/ottenuta-conferma-in-sede-di-revocazione-che-il-giudicato-a-favore-di-unincorporata-vale-anche-per-le-altre-incorporate\/11047\/"},"author":{"name":"Gabriele Escalar","@id":"https:\/\/escalar.it\/en\/#\/schema\/person\/e00c7366376815b1cb1ab944c020656e"},"headline":"Ottenuta conferma in sede di revocazione che il giudicato a favore di un\u2019incorporata vale anche per le altre incorporate","datePublished":"2023-06-08T07:53:01+00:00","dateModified":"2023-06-08T07:53:03+00:00","mainEntityOfPage":{"@id":"https:\/\/escalar.it\/en\/giurisprudenza\/ottenuta-conferma-in-sede-di-revocazione-che-il-giudicato-a-favore-di-unincorporata-vale-anche-per-le-altre-incorporate\/11047\/"},"wordCount":558,"commentCount":0,"publisher":{"@id":"https:\/\/escalar.it\/en\/#organization"},"image":{"@id":"https:\/\/escalar.it\/en\/giurisprudenza\/ottenuta-conferma-in-sede-di-revocazione-che-il-giudicato-a-favore-di-unincorporata-vale-anche-per-le-altre-incorporate\/11047\/#primaryimage"},"thumbnailUrl":"https:\/\/escalar.it\/wp-content\/uploads\/2019\/11\/Roma_2011_08_07_Palazzo_di_Giustizia.jpg","keywords":["cassazione","giudicato"],"articleSection":["Le Sentenze"],"inLanguage":"en-US","potentialAction":[{"@type":"CommentAction","name":"Comment","target":["https:\/\/escalar.it\/en\/giurisprudenza\/ottenuta-conferma-in-sede-di-revocazione-che-il-giudicato-a-favore-di-unincorporata-vale-anche-per-le-altre-incorporate\/11047\/#respond"]}]},{"@type":"WebPage","@id":"https:\/\/escalar.it\/en\/giurisprudenza\/ottenuta-conferma-in-sede-di-revocazione-che-il-giudicato-a-favore-di-unincorporata-vale-anche-per-le-altre-incorporate\/11047\/","url":"https:\/\/escalar.it\/en\/giurisprudenza\/ottenuta-conferma-in-sede-di-revocazione-che-il-giudicato-a-favore-di-unincorporata-vale-anche-per-le-altre-incorporate\/11047\/","name":"Ottenuta conferma in sede di revocazione che il giudicato a favore di un\u2019incorporata vale anche per le altre incorporate &#8211; Escalar e Associati","isPartOf":{"@id":"https:\/\/escalar.it\/en\/#website"},"primaryImageOfPage":{"@id":"https:\/\/escalar.it\/en\/giurisprudenza\/ottenuta-conferma-in-sede-di-revocazione-che-il-giudicato-a-favore-di-unincorporata-vale-anche-per-le-altre-incorporate\/11047\/#primaryimage"},"image":{"@id":"https:\/\/escalar.it\/en\/giurisprudenza\/ottenuta-conferma-in-sede-di-revocazione-che-il-giudicato-a-favore-di-unincorporata-vale-anche-per-le-altre-incorporate\/11047\/#primaryimage"},"thumbnailUrl":"https:\/\/escalar.it\/wp-content\/uploads\/2019\/11\/Roma_2011_08_07_Palazzo_di_Giustizia.jpg","datePublished":"2023-06-08T07:53:01+00:00","dateModified":"2023-06-08T07:53:03+00:00","description":"Il giudicato ottenuto dalla societ\u00e0 incorporante in esito ad un giudizio instaurato da una societ\u00e0 incorporata ha effetto di giudicato esterno.","breadcrumb":{"@id":"https:\/\/escalar.it\/en\/giurisprudenza\/ottenuta-conferma-in-sede-di-revocazione-che-il-giudicato-a-favore-di-unincorporata-vale-anche-per-le-altre-incorporate\/11047\/#breadcrumb"},"inLanguage":"en-US","potentialAction":[{"@type":"ReadAction","target":["https:\/\/escalar.it\/en\/giurisprudenza\/ottenuta-conferma-in-sede-di-revocazione-che-il-giudicato-a-favore-di-unincorporata-vale-anche-per-le-altre-incorporate\/11047\/"]}]},{"@type":"ImageObject","inLanguage":"en-US","@id":"https:\/\/escalar.it\/en\/giurisprudenza\/ottenuta-conferma-in-sede-di-revocazione-che-il-giudicato-a-favore-di-unincorporata-vale-anche-per-le-altre-incorporate\/11047\/#primaryimage","url":"https:\/\/escalar.it\/wp-content\/uploads\/2019\/11\/Roma_2011_08_07_Palazzo_di_Giustizia.jpg","contentUrl":"https:\/\/escalar.it\/wp-content\/uploads\/2019\/11\/Roma_2011_08_07_Palazzo_di_Giustizia.jpg","width":2820,"height":1880},{"@type":"BreadcrumbList","@id":"https:\/\/escalar.it\/en\/giurisprudenza\/ottenuta-conferma-in-sede-di-revocazione-che-il-giudicato-a-favore-di-unincorporata-vale-anche-per-le-altre-incorporate\/11047\/#breadcrumb","itemListElement":[{"@type":"ListItem","position":1,"name":"Home","item":"https:\/\/escalar.it\/en\/"},{"@type":"ListItem","position":2,"name":"Ottenuta conferma in sede di revocazione che il giudicato a favore di un\u2019incorporata vale anche per le altre incorporate"}]},{"@type":"WebSite","@id":"https:\/\/escalar.it\/en\/#website","url":"https:\/\/escalar.it\/en\/","name":"Escalar e Associati","description":"","publisher":{"@id":"https:\/\/escalar.it\/en\/#organization"},"potentialAction":[{"@type":"SearchAction","target":{"@type":"EntryPoint","urlTemplate":"https:\/\/escalar.it\/en\/?s={search_term_string}"},"query-input":{"@type":"PropertyValueSpecification","valueRequired":true,"valueName":"search_term_string"}}],"inLanguage":"en-US"},{"@type":"Organization","@id":"https:\/\/escalar.it\/en\/#organization","name":"Escalar e Associati - Studio Legale e Tributario","url":"https:\/\/escalar.it\/en\/","logo":{"@type":"ImageObject","inLanguage":"en-US","@id":"https:\/\/escalar.it\/en\/#\/schema\/logo\/image\/","url":"https:\/\/escalar.it\/wp-content\/uploads\/2019\/03\/logo-big.png","contentUrl":"https:\/\/escalar.it\/wp-content\/uploads\/2019\/03\/logo-big.png","width":1592,"height":655,"caption":"Escalar e Associati - Studio Legale e Tributario"},"image":{"@id":"https:\/\/escalar.it\/en\/#\/schema\/logo\/image\/"},"sameAs":["https:\/\/www.facebook.com\/escalareassociati\/","https:\/\/www.linkedin.com\/company\/escalar-e-associati\/"]},{"@type":"Person","@id":"https:\/\/escalar.it\/en\/#\/schema\/person\/e00c7366376815b1cb1ab944c020656e","name":"Gabriele Escalar","image":{"@type":"ImageObject","inLanguage":"en-US","@id":"https:\/\/secure.gravatar.com\/avatar\/8006b7b0c6427c005e94b0e87be29d673c0c2aab50614b1e0656598220bfa0fc?s=96&d=mm&r=g","url":"https:\/\/secure.gravatar.com\/avatar\/8006b7b0c6427c005e94b0e87be29d673c0c2aab50614b1e0656598220bfa0fc?s=96&d=mm&r=g","contentUrl":"https:\/\/secure.gravatar.com\/avatar\/8006b7b0c6427c005e94b0e87be29d673c0c2aab50614b1e0656598220bfa0fc?s=96&d=mm&r=g","caption":"Gabriele Escalar"},"sameAs":["http:\/\/escalar.it"]}]}},"_links":{"self":[{"href":"https:\/\/escalar.it\/en\/wp-json\/wp\/v2\/posts\/11047","targetHints":{"allow":["GET"]}}],"collection":[{"href":"https:\/\/escalar.it\/en\/wp-json\/wp\/v2\/posts"}],"about":[{"href":"https:\/\/escalar.it\/en\/wp-json\/wp\/v2\/types\/post"}],"author":[{"embeddable":true,"href":"https:\/\/escalar.it\/en\/wp-json\/wp\/v2\/users\/7"}],"replies":[{"embeddable":true,"href":"https:\/\/escalar.it\/en\/wp-json\/wp\/v2\/comments?post=11047"}],"version-history":[{"count":1,"href":"https:\/\/escalar.it\/en\/wp-json\/wp\/v2\/posts\/11047\/revisions"}],"predecessor-version":[{"id":11048,"href":"https:\/\/escalar.it\/en\/wp-json\/wp\/v2\/posts\/11047\/revisions\/11048"}],"wp:featuredmedia":[{"embeddable":true,"href":"https:\/\/escalar.it\/en\/wp-json\/wp\/v2\/media\/9766"}],"wp:attachment":[{"href":"https:\/\/escalar.it\/en\/wp-json\/wp\/v2\/media?parent=11047"}],"wp:term":[{"taxonomy":"category","embeddable":true,"href":"https:\/\/escalar.it\/en\/wp-json\/wp\/v2\/categories?post=11047"},{"taxonomy":"post_tag","embeddable":true,"href":"https:\/\/escalar.it\/en\/wp-json\/wp\/v2\/tags?post=11047"}],"curies":[{"name":"wp","href":"https:\/\/api.w.org\/{rel}","templated":true}]}}