{"id":10910,"date":"2023-03-02T11:42:44","date_gmt":"2023-03-02T10:42:44","guid":{"rendered":"https:\/\/escalar.it\/?p=10910"},"modified":"2023-03-02T11:42:45","modified_gmt":"2023-03-02T10:42:45","slug":"per-uneffettiva-tutela-dei-diritti-fondamentali-delle-imprese-e-dei-professionisti-in-sede-di-verifica-fiscale","status":"publish","type":"post","link":"https:\/\/escalar.it\/en\/comunicazioni\/per-uneffettiva-tutela-dei-diritti-fondamentali-delle-imprese-e-dei-professionisti-in-sede-di-verifica-fiscale\/10910\/","title":{"rendered":"Per un\u2019effettiva tutela dei diritti fondamentali delle imprese e dei professionisti in sede di verifica fiscale"},"content":{"rendered":"<style type=\"text\/css\" data-type=\"vc_cmsms_shortcodes-custom-css\"><\/style>\n<p>Lo Statuto dei diritti del contribuente non \u00e8 finora riuscito ad accrescere il livello di tutela dei diritti fondamentali di imprese e professionisti in sede di verifica fiscale. Le nuove garanzie assicurate da tale statuto sono finora risultate meramente illusorie poich\u00e9 la pi\u00f9 recente giurisprudenza di legittimit\u00e0 ha ritenuto che il disconoscimento di tali garanzie non sia sanzionabile con l\u2019inutilizzabilit\u00e0 delle prove acquisite in sede di verifica fiscale ovvero con la nullit\u00e0 degli atti successivamente emessi. Ed infatti, secondo tale giurisprudenza, tali sanzioni potrebbero essere comminate soltanto se siano state espressamente sancite dalla legge ovvero se siano violati diritti costituzionalmente garantiti.<\/p>\n\n\n\n<p>Senonch\u00e9 le garanzie accordate in materia di verifica fiscale non solo non sono espressamente sancite dalla legge a pena di nullit\u00e0, ma non sarebbero neppure poste a tutela di diritti costituzionalmente garantiti. Pertanto la giurisprudenza di legittimit\u00e0 ha stabilito che imprese e professionisti non hanno titolo a contestare in giudizio la nullit\u00e0 degli atti impositivi emessi a loro carico nel caso in cui in sede di verifica fiscale, l\u2019A.F.: \u00a0<\/p>\n\n\n\n<ul class=\"wp-block-list\"><li>ha eseguito l\u2019accesso presso i locali aziendali o professionali senza la preventiva autorizzazione del Capo dell\u2019Ufficio;<\/li><li>ha omesso di informare il contribuente dei suoi diritti ed obblighi in caso di verifica fiscale nonch\u00e9 della facolt\u00e0 di farsi assistere da un professionista abilitato alla difesa dinanzi agli organi di giustizia tributaria;<\/li><li>non ha previamente comunicato le ragioni che giustificano la verifica fiscale, salvo che il contribuente non sia riuscito a dimostrare che tale omessa comunicazione gli ha arrecato un effettivo pregiudizio;<\/li><li>ha omesso di comunicare l\u2019oggetto della verifica fiscale e l\u2019ha estesa ad altri periodi d\u2019imposta ovvero ad altri tributi senza la previa autorizzazione del Capo dell\u2019Ufficio;<\/li><li>ha prolungato la durata della verifica fiscale oltre il termine massimo di sessanta giorni di effettiva presenza nei locali aziendali stabilito dalla legge;\u00a0<\/li><li>ha proceduto all\u2019apertura di pieghi sigillati, borse, casseforti, mobili, ripostigli e simili\u00a0rinvenuti nei locali aziendali senza l\u2019autorizzazione del PM in quanto il contribuente non si \u00e8 opposto;<\/li><li>ha eseguito copia degli hard disk e l\u2019ha asportata fuori dei locali aziendali in quanto il contribuente non si \u00e8 opposto.<\/li><\/ul>\n\n\n\n<p>La nullit\u00e0 degli atti impositivi pu\u00f2 essere contestata in giudizio soltanto nel caso in cui l\u2019AF li abbia emessi prima del decorso di sessanta giorni dalla notifica del processo verbale di chiusura delle operazioni di controllo.<\/p>\n\n\n\n<p>Senonch\u00e9, al fine di accordare un\u2019effettiva tutela in sede di verifica fiscale dei diritti fondamentali di imprese e professionisti, occorre sollecitare un complessivo ripensamento dell\u2019orientamento che \u00e8 finora prevalso nella giurisprudenza di legittimit\u00e0. Ed infatti le garanzie riconosciute in sede di verifica fiscale dallo Statuto del contribuente e dalle altre leggi in materia di accertamento sono poste a tutela del diritto all\u2019inviolabilit\u00e0 del domicilio riconosciuto anche a favore di imprese e professionisti dall\u2019art. 14 della Costituzione, dall\u2019art. 7 della Carta Europea dei Diritti Fondamentali, per quanto attiene alle materie regolamentate dal diritto Unionale, e dall\u2019art. 8 della Convenzione Europea dei Diritti dell\u2019Uomo. Di conseguenza, il disconoscimento delle predette garanzie ben potrebbe comportare la violazione di un diritto garantito dalla Costituzione e dal diritto Unionale e quindi, per conseguenza, anche l\u2019inutilizzabilit\u00e0 delle prove acquisite in sede di verifica fiscale ovvero la nullit\u00e0 degli atti successivamente emessi.<\/p>\n\n\n\n<p>Del resto, non ci si pu\u00f2 rassegnare a pensare che il Parlamento, dopo aver solennemente proclamato che lo Statuto dei diritti del contribuente \u00e8 \u201c<em>la Carta dei doveri della Amministrazione finanziaria che non deve vessare il contribuente ma rispettarlo, assisterlo, sostenerlo, aiutarlo a progredire, a lavorare<\/em>\u2026\u201d (cfr. Relazione Commissione Finanze del Senato), possa poi aver accordato in sede di verifica fiscale ad imprese o professionisti garanzie meramente illusorie.<\/p>\n","protected":false},"excerpt":{"rendered":"<p>Lo Statuto dei diritti del contribuente non \u00e8 finora riuscito ad accrescere il livello di tutela dei diritti fondamentali di imprese e professionisti in sede di verifica fiscale. Le nuove garanzie assicurate da tale statuto sono finora risultate meramente illusorie poich\u00e9 la pi\u00f9 recente giurisprudenza di legittimit\u00e0 ha ritenuto che il disconoscimento di tali garanzie&#8230;<\/p>\n","protected":false},"author":6,"featured_media":10281,"comment_status":"open","ping_status":"closed","sticky":false,"template":"","format":"standard","meta":{"footnotes":""},"categories":[95],"tags":[233,235,234],"class_list":["post-10910","post","type-post","status-publish","format-standard","has-post-thumbnail","hentry","category-comunicazioni","tag-accessi-ispezioni-e-verifiche","tag-statuto-del-contribuente","tag-tutela-diritti-fondamentali"],"yoast_head":"<!-- This site is optimized with the Yoast SEO plugin v27.5 - https:\/\/yoast.com\/product\/yoast-seo-wordpress\/ -->\n<title>Per un\u2019effettiva tutela dei diritti fondamentali delle imprese e dei professionisti in sede di verifica fiscale &#8211; Escalar e Associati<\/title>\n<meta name=\"description\" content=\"Lo Statuto dei diritti del contribuente non \u00e8 riuscito ad accrescere la tutela dei diritti fondamentali in sede di verifica fiscale.\" \/>\n<meta name=\"robots\" content=\"index, follow, max-snippet:-1, max-image-preview:large, max-video-preview:-1\" \/>\n<link rel=\"canonical\" href=\"https:\/\/escalar.it\/en\/comunicazioni\/per-uneffettiva-tutela-dei-diritti-fondamentali-delle-imprese-e-dei-professionisti-in-sede-di-verifica-fiscale\/10910\/\" \/>\n<meta property=\"og:locale\" content=\"en_US\" \/>\n<meta property=\"og:type\" content=\"article\" \/>\n<meta property=\"og:title\" content=\"Per un\u2019effettiva tutela dei diritti fondamentali delle imprese e dei professionisti in sede di verifica fiscale &#8211; Escalar e Associati\" \/>\n<meta property=\"og:description\" content=\"Lo Statuto dei diritti del contribuente non \u00e8 riuscito ad accrescere la tutela dei diritti fondamentali in sede di verifica fiscale.\" \/>\n<meta property=\"og:url\" content=\"https:\/\/escalar.it\/en\/comunicazioni\/per-uneffettiva-tutela-dei-diritti-fondamentali-delle-imprese-e-dei-professionisti-in-sede-di-verifica-fiscale\/10910\/\" \/>\n<meta property=\"og:site_name\" content=\"Escalar e Associati\" \/>\n<meta property=\"article:publisher\" content=\"https:\/\/www.facebook.com\/escalareassociati\/\" \/>\n<meta property=\"article:published_time\" content=\"2023-03-02T10:42:44+00:00\" \/>\n<meta property=\"article:modified_time\" content=\"2023-03-02T10:42:45+00:00\" \/>\n<meta property=\"og:image\" content=\"https:\/\/escalar.it\/wp-content\/uploads\/2021\/01\/Via-Tazzoli.png\" \/>\n\t<meta property=\"og:image:width\" content=\"1033\" \/>\n\t<meta property=\"og:image:height\" content=\"662\" \/>\n\t<meta property=\"og:image:type\" content=\"image\/png\" \/>\n<meta name=\"author\" content=\"Escalar e Associati\" \/>\n<meta name=\"twitter:card\" content=\"summary_large_image\" \/>\n<meta name=\"twitter:label1\" content=\"Written by\" \/>\n\t<meta name=\"twitter:data1\" content=\"Escalar e Associati\" \/>\n\t<meta name=\"twitter:label2\" content=\"Est. reading time\" \/>\n\t<meta name=\"twitter:data2\" content=\"4 minutes\" \/>\n<script type=\"application\/ld+json\" class=\"yoast-schema-graph\">{\"@context\":\"https:\\\/\\\/schema.org\",\"@graph\":[{\"@type\":\"Article\",\"@id\":\"https:\\\/\\\/escalar.it\\\/en\\\/comunicazioni\\\/per-uneffettiva-tutela-dei-diritti-fondamentali-delle-imprese-e-dei-professionisti-in-sede-di-verifica-fiscale\\\/10910\\\/#article\",\"isPartOf\":{\"@id\":\"https:\\\/\\\/escalar.it\\\/en\\\/comunicazioni\\\/per-uneffettiva-tutela-dei-diritti-fondamentali-delle-imprese-e-dei-professionisti-in-sede-di-verifica-fiscale\\\/10910\\\/\"},\"author\":{\"name\":\"Escalar e Associati\",\"@id\":\"https:\\\/\\\/escalar.it\\\/en\\\/#\\\/schema\\\/person\\\/b77edfcf5ba59fe1ab3326f708e27cc3\"},\"headline\":\"Per un\u2019effettiva tutela dei diritti fondamentali delle imprese e dei professionisti in sede di verifica fiscale\",\"datePublished\":\"2023-03-02T10:42:44+00:00\",\"dateModified\":\"2023-03-02T10:42:45+00:00\",\"mainEntityOfPage\":{\"@id\":\"https:\\\/\\\/escalar.it\\\/en\\\/comunicazioni\\\/per-uneffettiva-tutela-dei-diritti-fondamentali-delle-imprese-e-dei-professionisti-in-sede-di-verifica-fiscale\\\/10910\\\/\"},\"wordCount\":627,\"commentCount\":0,\"publisher\":{\"@id\":\"https:\\\/\\\/escalar.it\\\/en\\\/#organization\"},\"image\":{\"@id\":\"https:\\\/\\\/escalar.it\\\/en\\\/comunicazioni\\\/per-uneffettiva-tutela-dei-diritti-fondamentali-delle-imprese-e-dei-professionisti-in-sede-di-verifica-fiscale\\\/10910\\\/#primaryimage\"},\"thumbnailUrl\":\"https:\\\/\\\/escalar.it\\\/wp-content\\\/uploads\\\/2021\\\/01\\\/Via-Tazzoli.png\",\"keywords\":[\"accessi ispezioni e verifiche\",\"statuto del contribuente\",\"tutela diritti fondamentali\"],\"articleSection\":[\"Le Comunicazioni\"],\"inLanguage\":\"en-US\",\"potentialAction\":[{\"@type\":\"CommentAction\",\"name\":\"Comment\",\"target\":[\"https:\\\/\\\/escalar.it\\\/en\\\/comunicazioni\\\/per-uneffettiva-tutela-dei-diritti-fondamentali-delle-imprese-e-dei-professionisti-in-sede-di-verifica-fiscale\\\/10910\\\/#respond\"]}]},{\"@type\":\"WebPage\",\"@id\":\"https:\\\/\\\/escalar.it\\\/en\\\/comunicazioni\\\/per-uneffettiva-tutela-dei-diritti-fondamentali-delle-imprese-e-dei-professionisti-in-sede-di-verifica-fiscale\\\/10910\\\/\",\"url\":\"https:\\\/\\\/escalar.it\\\/en\\\/comunicazioni\\\/per-uneffettiva-tutela-dei-diritti-fondamentali-delle-imprese-e-dei-professionisti-in-sede-di-verifica-fiscale\\\/10910\\\/\",\"name\":\"Per un\u2019effettiva tutela dei diritti fondamentali delle imprese e dei professionisti in sede di verifica fiscale &#8211; Escalar e Associati\",\"isPartOf\":{\"@id\":\"https:\\\/\\\/escalar.it\\\/en\\\/#website\"},\"primaryImageOfPage\":{\"@id\":\"https:\\\/\\\/escalar.it\\\/en\\\/comunicazioni\\\/per-uneffettiva-tutela-dei-diritti-fondamentali-delle-imprese-e-dei-professionisti-in-sede-di-verifica-fiscale\\\/10910\\\/#primaryimage\"},\"image\":{\"@id\":\"https:\\\/\\\/escalar.it\\\/en\\\/comunicazioni\\\/per-uneffettiva-tutela-dei-diritti-fondamentali-delle-imprese-e-dei-professionisti-in-sede-di-verifica-fiscale\\\/10910\\\/#primaryimage\"},\"thumbnailUrl\":\"https:\\\/\\\/escalar.it\\\/wp-content\\\/uploads\\\/2021\\\/01\\\/Via-Tazzoli.png\",\"datePublished\":\"2023-03-02T10:42:44+00:00\",\"dateModified\":\"2023-03-02T10:42:45+00:00\",\"description\":\"Lo Statuto dei diritti del contribuente non \u00e8 riuscito ad accrescere la tutela dei diritti fondamentali in sede di verifica fiscale.\",\"breadcrumb\":{\"@id\":\"https:\\\/\\\/escalar.it\\\/en\\\/comunicazioni\\\/per-uneffettiva-tutela-dei-diritti-fondamentali-delle-imprese-e-dei-professionisti-in-sede-di-verifica-fiscale\\\/10910\\\/#breadcrumb\"},\"inLanguage\":\"en-US\",\"potentialAction\":[{\"@type\":\"ReadAction\",\"target\":[\"https:\\\/\\\/escalar.it\\\/en\\\/comunicazioni\\\/per-uneffettiva-tutela-dei-diritti-fondamentali-delle-imprese-e-dei-professionisti-in-sede-di-verifica-fiscale\\\/10910\\\/\"]}]},{\"@type\":\"ImageObject\",\"inLanguage\":\"en-US\",\"@id\":\"https:\\\/\\\/escalar.it\\\/en\\\/comunicazioni\\\/per-uneffettiva-tutela-dei-diritti-fondamentali-delle-imprese-e-dei-professionisti-in-sede-di-verifica-fiscale\\\/10910\\\/#primaryimage\",\"url\":\"https:\\\/\\\/escalar.it\\\/wp-content\\\/uploads\\\/2021\\\/01\\\/Via-Tazzoli.png\",\"contentUrl\":\"https:\\\/\\\/escalar.it\\\/wp-content\\\/uploads\\\/2021\\\/01\\\/Via-Tazzoli.png\",\"width\":1033,\"height\":662},{\"@type\":\"BreadcrumbList\",\"@id\":\"https:\\\/\\\/escalar.it\\\/en\\\/comunicazioni\\\/per-uneffettiva-tutela-dei-diritti-fondamentali-delle-imprese-e-dei-professionisti-in-sede-di-verifica-fiscale\\\/10910\\\/#breadcrumb\",\"itemListElement\":[{\"@type\":\"ListItem\",\"position\":1,\"name\":\"Home\",\"item\":\"https:\\\/\\\/escalar.it\\\/en\\\/\"},{\"@type\":\"ListItem\",\"position\":2,\"name\":\"Per un\u2019effettiva tutela dei diritti fondamentali delle imprese e dei professionisti in sede di verifica fiscale\"}]},{\"@type\":\"WebSite\",\"@id\":\"https:\\\/\\\/escalar.it\\\/en\\\/#website\",\"url\":\"https:\\\/\\\/escalar.it\\\/en\\\/\",\"name\":\"Escalar e Associati\",\"description\":\"\",\"publisher\":{\"@id\":\"https:\\\/\\\/escalar.it\\\/en\\\/#organization\"},\"potentialAction\":[{\"@type\":\"SearchAction\",\"target\":{\"@type\":\"EntryPoint\",\"urlTemplate\":\"https:\\\/\\\/escalar.it\\\/en\\\/?s={search_term_string}\"},\"query-input\":{\"@type\":\"PropertyValueSpecification\",\"valueRequired\":true,\"valueName\":\"search_term_string\"}}],\"inLanguage\":\"en-US\"},{\"@type\":\"Organization\",\"@id\":\"https:\\\/\\\/escalar.it\\\/en\\\/#organization\",\"name\":\"Escalar e Associati - Studio Legale e Tributario\",\"url\":\"https:\\\/\\\/escalar.it\\\/en\\\/\",\"logo\":{\"@type\":\"ImageObject\",\"inLanguage\":\"en-US\",\"@id\":\"https:\\\/\\\/escalar.it\\\/en\\\/#\\\/schema\\\/logo\\\/image\\\/\",\"url\":\"https:\\\/\\\/escalar.it\\\/wp-content\\\/uploads\\\/2019\\\/03\\\/logo-big.png\",\"contentUrl\":\"https:\\\/\\\/escalar.it\\\/wp-content\\\/uploads\\\/2019\\\/03\\\/logo-big.png\",\"width\":1592,\"height\":655,\"caption\":\"Escalar e Associati - Studio Legale e Tributario\"},\"image\":{\"@id\":\"https:\\\/\\\/escalar.it\\\/en\\\/#\\\/schema\\\/logo\\\/image\\\/\"},\"sameAs\":[\"https:\\\/\\\/www.facebook.com\\\/escalareassociati\\\/\",\"https:\\\/\\\/www.linkedin.com\\\/company\\\/escalar-e-associati\\\/\"]},{\"@type\":\"Person\",\"@id\":\"https:\\\/\\\/escalar.it\\\/en\\\/#\\\/schema\\\/person\\\/b77edfcf5ba59fe1ab3326f708e27cc3\",\"name\":\"Escalar e Associati\",\"image\":{\"@type\":\"ImageObject\",\"inLanguage\":\"en-US\",\"@id\":\"https:\\\/\\\/secure.gravatar.com\\\/avatar\\\/d5e4e3c75179a28864f62a0be41fe3da1911c3209cd5d9b8df5afa07dc07fb47?s=96&d=mm&r=g\",\"url\":\"https:\\\/\\\/secure.gravatar.com\\\/avatar\\\/d5e4e3c75179a28864f62a0be41fe3da1911c3209cd5d9b8df5afa07dc07fb47?s=96&d=mm&r=g\",\"contentUrl\":\"https:\\\/\\\/secure.gravatar.com\\\/avatar\\\/d5e4e3c75179a28864f62a0be41fe3da1911c3209cd5d9b8df5afa07dc07fb47?s=96&d=mm&r=g\",\"caption\":\"Escalar e Associati\"},\"sameAs\":[\"http:\\\/\\\/escalar.it\"]}]}<\/script>\n<!-- \/ Yoast SEO plugin. -->","yoast_head_json":{"title":"Per un\u2019effettiva tutela dei diritti fondamentali delle imprese e dei professionisti in sede di verifica fiscale &#8211; Escalar e Associati","description":"Lo Statuto dei diritti del contribuente non \u00e8 riuscito ad accrescere la tutela dei diritti fondamentali in sede di verifica fiscale.","robots":{"index":"index","follow":"follow","max-snippet":"max-snippet:-1","max-image-preview":"max-image-preview:large","max-video-preview":"max-video-preview:-1"},"canonical":"https:\/\/escalar.it\/en\/comunicazioni\/per-uneffettiva-tutela-dei-diritti-fondamentali-delle-imprese-e-dei-professionisti-in-sede-di-verifica-fiscale\/10910\/","og_locale":"en_US","og_type":"article","og_title":"Per un\u2019effettiva tutela dei diritti fondamentali delle imprese e dei professionisti in sede di verifica fiscale &#8211; Escalar e Associati","og_description":"Lo Statuto dei diritti del contribuente non \u00e8 riuscito ad accrescere la tutela dei diritti fondamentali in sede di verifica fiscale.","og_url":"https:\/\/escalar.it\/en\/comunicazioni\/per-uneffettiva-tutela-dei-diritti-fondamentali-delle-imprese-e-dei-professionisti-in-sede-di-verifica-fiscale\/10910\/","og_site_name":"Escalar e Associati","article_publisher":"https:\/\/www.facebook.com\/escalareassociati\/","article_published_time":"2023-03-02T10:42:44+00:00","article_modified_time":"2023-03-02T10:42:45+00:00","og_image":[{"width":1033,"height":662,"url":"https:\/\/escalar.it\/wp-content\/uploads\/2021\/01\/Via-Tazzoli.png","type":"image\/png"}],"author":"Escalar e Associati","twitter_card":"summary_large_image","twitter_misc":{"Written by":"Escalar e Associati","Est. reading time":"4 minutes"},"schema":{"@context":"https:\/\/schema.org","@graph":[{"@type":"Article","@id":"https:\/\/escalar.it\/en\/comunicazioni\/per-uneffettiva-tutela-dei-diritti-fondamentali-delle-imprese-e-dei-professionisti-in-sede-di-verifica-fiscale\/10910\/#article","isPartOf":{"@id":"https:\/\/escalar.it\/en\/comunicazioni\/per-uneffettiva-tutela-dei-diritti-fondamentali-delle-imprese-e-dei-professionisti-in-sede-di-verifica-fiscale\/10910\/"},"author":{"name":"Escalar e Associati","@id":"https:\/\/escalar.it\/en\/#\/schema\/person\/b77edfcf5ba59fe1ab3326f708e27cc3"},"headline":"Per un\u2019effettiva tutela dei diritti fondamentali delle imprese e dei professionisti in sede di verifica fiscale","datePublished":"2023-03-02T10:42:44+00:00","dateModified":"2023-03-02T10:42:45+00:00","mainEntityOfPage":{"@id":"https:\/\/escalar.it\/en\/comunicazioni\/per-uneffettiva-tutela-dei-diritti-fondamentali-delle-imprese-e-dei-professionisti-in-sede-di-verifica-fiscale\/10910\/"},"wordCount":627,"commentCount":0,"publisher":{"@id":"https:\/\/escalar.it\/en\/#organization"},"image":{"@id":"https:\/\/escalar.it\/en\/comunicazioni\/per-uneffettiva-tutela-dei-diritti-fondamentali-delle-imprese-e-dei-professionisti-in-sede-di-verifica-fiscale\/10910\/#primaryimage"},"thumbnailUrl":"https:\/\/escalar.it\/wp-content\/uploads\/2021\/01\/Via-Tazzoli.png","keywords":["accessi ispezioni e verifiche","statuto del contribuente","tutela diritti fondamentali"],"articleSection":["Le Comunicazioni"],"inLanguage":"en-US","potentialAction":[{"@type":"CommentAction","name":"Comment","target":["https:\/\/escalar.it\/en\/comunicazioni\/per-uneffettiva-tutela-dei-diritti-fondamentali-delle-imprese-e-dei-professionisti-in-sede-di-verifica-fiscale\/10910\/#respond"]}]},{"@type":"WebPage","@id":"https:\/\/escalar.it\/en\/comunicazioni\/per-uneffettiva-tutela-dei-diritti-fondamentali-delle-imprese-e-dei-professionisti-in-sede-di-verifica-fiscale\/10910\/","url":"https:\/\/escalar.it\/en\/comunicazioni\/per-uneffettiva-tutela-dei-diritti-fondamentali-delle-imprese-e-dei-professionisti-in-sede-di-verifica-fiscale\/10910\/","name":"Per un\u2019effettiva tutela dei diritti fondamentali delle imprese e dei professionisti in sede di verifica fiscale &#8211; Escalar e Associati","isPartOf":{"@id":"https:\/\/escalar.it\/en\/#website"},"primaryImageOfPage":{"@id":"https:\/\/escalar.it\/en\/comunicazioni\/per-uneffettiva-tutela-dei-diritti-fondamentali-delle-imprese-e-dei-professionisti-in-sede-di-verifica-fiscale\/10910\/#primaryimage"},"image":{"@id":"https:\/\/escalar.it\/en\/comunicazioni\/per-uneffettiva-tutela-dei-diritti-fondamentali-delle-imprese-e-dei-professionisti-in-sede-di-verifica-fiscale\/10910\/#primaryimage"},"thumbnailUrl":"https:\/\/escalar.it\/wp-content\/uploads\/2021\/01\/Via-Tazzoli.png","datePublished":"2023-03-02T10:42:44+00:00","dateModified":"2023-03-02T10:42:45+00:00","description":"Lo Statuto dei diritti del contribuente non \u00e8 riuscito ad accrescere la tutela dei diritti fondamentali in sede di verifica fiscale.","breadcrumb":{"@id":"https:\/\/escalar.it\/en\/comunicazioni\/per-uneffettiva-tutela-dei-diritti-fondamentali-delle-imprese-e-dei-professionisti-in-sede-di-verifica-fiscale\/10910\/#breadcrumb"},"inLanguage":"en-US","potentialAction":[{"@type":"ReadAction","target":["https:\/\/escalar.it\/en\/comunicazioni\/per-uneffettiva-tutela-dei-diritti-fondamentali-delle-imprese-e-dei-professionisti-in-sede-di-verifica-fiscale\/10910\/"]}]},{"@type":"ImageObject","inLanguage":"en-US","@id":"https:\/\/escalar.it\/en\/comunicazioni\/per-uneffettiva-tutela-dei-diritti-fondamentali-delle-imprese-e-dei-professionisti-in-sede-di-verifica-fiscale\/10910\/#primaryimage","url":"https:\/\/escalar.it\/wp-content\/uploads\/2021\/01\/Via-Tazzoli.png","contentUrl":"https:\/\/escalar.it\/wp-content\/uploads\/2021\/01\/Via-Tazzoli.png","width":1033,"height":662},{"@type":"BreadcrumbList","@id":"https:\/\/escalar.it\/en\/comunicazioni\/per-uneffettiva-tutela-dei-diritti-fondamentali-delle-imprese-e-dei-professionisti-in-sede-di-verifica-fiscale\/10910\/#breadcrumb","itemListElement":[{"@type":"ListItem","position":1,"name":"Home","item":"https:\/\/escalar.it\/en\/"},{"@type":"ListItem","position":2,"name":"Per un\u2019effettiva tutela dei diritti fondamentali delle imprese e dei professionisti in sede di verifica fiscale"}]},{"@type":"WebSite","@id":"https:\/\/escalar.it\/en\/#website","url":"https:\/\/escalar.it\/en\/","name":"Escalar e Associati","description":"","publisher":{"@id":"https:\/\/escalar.it\/en\/#organization"},"potentialAction":[{"@type":"SearchAction","target":{"@type":"EntryPoint","urlTemplate":"https:\/\/escalar.it\/en\/?s={search_term_string}"},"query-input":{"@type":"PropertyValueSpecification","valueRequired":true,"valueName":"search_term_string"}}],"inLanguage":"en-US"},{"@type":"Organization","@id":"https:\/\/escalar.it\/en\/#organization","name":"Escalar e Associati - Studio Legale e Tributario","url":"https:\/\/escalar.it\/en\/","logo":{"@type":"ImageObject","inLanguage":"en-US","@id":"https:\/\/escalar.it\/en\/#\/schema\/logo\/image\/","url":"https:\/\/escalar.it\/wp-content\/uploads\/2019\/03\/logo-big.png","contentUrl":"https:\/\/escalar.it\/wp-content\/uploads\/2019\/03\/logo-big.png","width":1592,"height":655,"caption":"Escalar e Associati - Studio Legale e Tributario"},"image":{"@id":"https:\/\/escalar.it\/en\/#\/schema\/logo\/image\/"},"sameAs":["https:\/\/www.facebook.com\/escalareassociati\/","https:\/\/www.linkedin.com\/company\/escalar-e-associati\/"]},{"@type":"Person","@id":"https:\/\/escalar.it\/en\/#\/schema\/person\/b77edfcf5ba59fe1ab3326f708e27cc3","name":"Escalar e Associati","image":{"@type":"ImageObject","inLanguage":"en-US","@id":"https:\/\/secure.gravatar.com\/avatar\/d5e4e3c75179a28864f62a0be41fe3da1911c3209cd5d9b8df5afa07dc07fb47?s=96&d=mm&r=g","url":"https:\/\/secure.gravatar.com\/avatar\/d5e4e3c75179a28864f62a0be41fe3da1911c3209cd5d9b8df5afa07dc07fb47?s=96&d=mm&r=g","contentUrl":"https:\/\/secure.gravatar.com\/avatar\/d5e4e3c75179a28864f62a0be41fe3da1911c3209cd5d9b8df5afa07dc07fb47?s=96&d=mm&r=g","caption":"Escalar e Associati"},"sameAs":["http:\/\/escalar.it"]}]}},"_links":{"self":[{"href":"https:\/\/escalar.it\/en\/wp-json\/wp\/v2\/posts\/10910","targetHints":{"allow":["GET"]}}],"collection":[{"href":"https:\/\/escalar.it\/en\/wp-json\/wp\/v2\/posts"}],"about":[{"href":"https:\/\/escalar.it\/en\/wp-json\/wp\/v2\/types\/post"}],"author":[{"embeddable":true,"href":"https:\/\/escalar.it\/en\/wp-json\/wp\/v2\/users\/6"}],"replies":[{"embeddable":true,"href":"https:\/\/escalar.it\/en\/wp-json\/wp\/v2\/comments?post=10910"}],"version-history":[{"count":0,"href":"https:\/\/escalar.it\/en\/wp-json\/wp\/v2\/posts\/10910\/revisions"}],"wp:featuredmedia":[{"embeddable":true,"href":"https:\/\/escalar.it\/en\/wp-json\/wp\/v2\/media\/10281"}],"wp:attachment":[{"href":"https:\/\/escalar.it\/en\/wp-json\/wp\/v2\/media?parent=10910"}],"wp:term":[{"taxonomy":"category","embeddable":true,"href":"https:\/\/escalar.it\/en\/wp-json\/wp\/v2\/categories?post=10910"},{"taxonomy":"post_tag","embeddable":true,"href":"https:\/\/escalar.it\/en\/wp-json\/wp\/v2\/tags?post=10910"}],"curies":[{"name":"wp","href":"https:\/\/api.w.org\/{rel}","templated":true}]}}