{"id":10866,"date":"2023-01-04T19:14:54","date_gmt":"2023-01-04T18:14:54","guid":{"rendered":"https:\/\/escalar.it\/?p=10866"},"modified":"2023-01-11T16:48:52","modified_gmt":"2023-01-11T15:48:52","slug":"web-meeting-su-la-nuova-fiscalita-delle-criptoattivita-per-i-privati-nella-legge-di-bilancio-2023","status":"publish","type":"post","link":"https:\/\/escalar.it\/en\/news\/web-meeting-su-la-nuova-fiscalita-delle-criptoattivita-per-i-privati-nella-legge-di-bilancio-2023\/10866\/","title":{"rendered":"Web Meeting su &#8220;La Nuova Fiscalit\u00e0 delle Criptoattivit\u00e0 per i privati nella Legge di Bilancio 2023&#8221;"},"content":{"rendered":"<style type=\"text\/css\" data-type=\"vc_cmsms_shortcodes-custom-css\"><\/style>\n<p>Lo Studio Escalar e Associati \u00e8 lieto di annunciare che il 1\u00b0 febbraio 2023 dalle ore 9:30 alle ore 12:00 terr\u00e0 un seminario in videoconferenza che avr\u00e0 ad oggetto<strong> la nuova fiscalit\u00e0 delle Criptoattivit\u00e0 per i privati nella Legge di Bilancio 2023<\/strong>.<\/p>\n\n\n\n<h4 class=\"wp-block-heading\">PROGRAMMA<\/h4>\n\n\n\n<p><strong>9.30 Il regime fiscale dei redditi delle criptoattivit\u00e0 per i privati<\/strong><\/p>\n\n\n\n<ul class=\"wp-block-list\"><li>Il regime fiscale dei redditi delle criptoattivit\u00e0 ante 1\/1\/2023;<\/li><li>Il regime fiscale del <em>mining<\/em>, <em>staking,<\/em> impiego e circolazione di criptovalute;<\/li><li>Il regime fiscale di emissione, impiego e circolazione di <em>security<\/em> e di <em>utility token;<\/em><\/li><li>Il regime fiscale del <em>minting<\/em> di NFT e delle <em>primary <\/em>e <em>secondary sales<\/em>;<\/li><li>La determinazione dei redditi delle criptoattivit\u00e0 e la sostitutiva del 26%.<\/li><\/ul>\n\n\n\n<p><a href=\"https:\/\/escalar.it\/gabriele-escalar\/\">Gabriele Escalar<\/a> &#8211; <em>Escalar e Associati<\/em><\/p>\n\n\n\n<p><strong>10.00 L\u2019opzione per il risparmio amministrato e gestito<\/strong><\/p>\n\n\n\n<ul class=\"wp-block-list\"><li>Il risparmio amministrato: gli intermediari abilitati, i presupposti oggettivi, l\u2019esercizio dell\u2019opzione e gli obblighi per gli intermediari finanziari e non;<\/li><li>Il risparmio gestito: gli intermediari abilitati, i presupposti oggettivi, l\u2019esercizio dell\u2019opzione e gli obblighi per gli intermediari finanziari e non ;<\/li><li>Il regime transitorio.<\/li><\/ul>\n\n\n\n<p><a href=\"https:\/\/escalar.it\/alessandro-siragusa\/\">Alessandro Siragusa<\/a> &#8211; <em>Escalar e Associati<\/em><\/p>\n\n\n\n<p><strong>10.30 I servizi offerti dagli intermediari ed il loro ruolo<\/strong><\/p>\n\n\n\n<ul class=\"wp-block-list\"><li>La custodia delle criptoattivit\u00e0 mediante deposito regolare: il <em>wallet <\/em>multifirma.<\/li><\/ul>\n\n\n\n<p><em>Cristian Miccoli &#8211; Amministratore Delegato <a href=\"https:\/\/www.conio.com\/\">Conio s.r.l.<\/a><\/em><\/p>\n\n\n\n<ul class=\"wp-block-list\"><li>La detenzione delle criptoattivit\u00e0 tramite mandato ad una societ\u00e0 fiduciaria e affidamento in <em>trust<\/em>.<\/li><\/ul>\n\n\n\n<p><em>Fabrizio Vedana &#8211; Amministratore Delegato <a href=\"https:\/\/acrossgroup.it\/\">Across Family Advisors<\/a><\/em><\/p>\n\n\n\n<p><strong>11.00 Gli obblighi di dichiarazione nel Quadro RW<\/strong><\/p>\n\n\n\n<ul class=\"wp-block-list\"><li>Gli obblighi di dichiarazione nel Quadro RW delle criptoattivit\u00e0 ante e post 1\/1\/2023;<\/li><li>L\u2019esonero dagli obblighi di dichiarazione per le criptoattivit\u00e0 in amministrazione;<\/li><li>L\u2019imposta di bollo sulle comunicazioni periodiche alla clientela relative alle criptoattivit\u00e0.<\/li><\/ul>\n\n\n\n<p><a href=\"https:\/\/escalar.it\/agostino-aurelio-sarzana\/\">Agostino Aurelio Sarzana<\/a> &#8211; <em>Escalar e Associati<\/em><\/p>\n\n\n\n<p><strong>11.30 La rideterminazione del costo fiscale e la regolarizzazione delle criptoattivit\u00e0 dei privati<\/strong><\/p>\n\n\n\n<ul class=\"wp-block-list\"><li>La facolt\u00e0 di rideterminazione del costo fiscale delle criptoattivit\u00e0;<\/li><li>La regolarizzazione dell\u2019omessa dichiarazione delle criptoattivit\u00e0 e dei relativi redditi;<\/li><li>Le modalit\u00e0 di dimostrazione della lecita provenienza delle criptoattivit\u00e0;<\/li><li>Gli effetti della regolarizzazione sul piano amministrativo e penale e le esimenti.<\/li><\/ul>\n\n\n\n<p><a href=\"https:\/\/escalar.it\/stefano-selbmann\/\">Stefano Selbmann<\/a> &#8211; <em>Escalar e Associati<\/em><\/p>\n\n\n\n<p><strong>Question Time e Dibattito<\/strong><\/p>\n\n\n\n<p>Solo 200 posti disponibili, per partecipare si prega di inviare una richiesta all&#8217;indirizzo <a href=\"mailto:segreteriage@escalar.it\">segreteriage@escalar.it<\/a>.<\/p>\n\n\n\n<div class=\"wp-block-file\"><a href=\"https:\/\/escalar.it\/wp-content\/uploads\/2023\/01\/ProgrammaFISCALITACRIPTOATTIVITAPRIVATIDEF-1.pdf\">Scarica il Programma<\/a><a href=\"https:\/\/escalar.it\/wp-content\/uploads\/2023\/01\/ProgrammaFISCALITACRIPTOATTIVITAPRIVATIDEF-1.pdf\" class=\"wp-block-file__button\" download=\"\">Download<\/a><\/div>\n","protected":false},"excerpt":{"rendered":"<p>Lo Studio Escalar e Associati \u00e8 lieto di annunciare che il 1\u00b0 febbraio 2023 dalle ore 9:30 alle ore 12:00 terr\u00e0 un seminario in videoconferenza che avr\u00e0 ad oggetto la nuova fiscalit\u00e0 delle Criptoattivit\u00e0 per i privati nella Legge di Bilancio 2023. PROGRAMMA 9.30 Il regime fiscale dei redditi delle criptoattivit\u00e0 per i privati Il&#8230;<\/p>\n","protected":false},"author":6,"featured_media":10867,"comment_status":"open","ping_status":"closed","sticky":false,"template":"","format":"standard","meta":{"footnotes":""},"categories":[33],"tags":[219,142,225,203],"class_list":["post-10866","post","type-post","status-publish","format-standard","has-post-thumbnail","hentry","category-news","tag-criptoattivita","tag-criptovalute","tag-legge-di-bilancio-2023","tag-nft"],"yoast_head":"<!-- This site is optimized with the Yoast SEO plugin v27.5 - https:\/\/yoast.com\/product\/yoast-seo-wordpress\/ -->\n<title>Web Meeting su &quot;La Nuova Fiscalit\u00e0 delle Criptoattivit\u00e0 per i privati nella Legge di Bilancio 2023&quot; &#8211; Escalar e Associati<\/title>\n<meta name=\"description\" content=\"Il 1\/02\/2023 dalle ore 9:30 Escalar e Associati terr\u00e0 un web meeting sulla nuova fiscalit\u00e0 delle Criptoattivit\u00e0 nella Legge di Bilancio 2023.\" \/>\n<meta name=\"robots\" content=\"index, follow, max-snippet:-1, max-image-preview:large, max-video-preview:-1\" \/>\n<link rel=\"canonical\" href=\"https:\/\/escalar.it\/en\/news\/web-meeting-su-la-nuova-fiscalita-delle-criptoattivita-per-i-privati-nella-legge-di-bilancio-2023\/10866\/\" \/>\n<meta property=\"og:locale\" content=\"en_US\" \/>\n<meta property=\"og:type\" content=\"article\" \/>\n<meta property=\"og:title\" content=\"Web Meeting su &quot;La Nuova Fiscalit\u00e0 delle Criptoattivit\u00e0 per i privati nella Legge di Bilancio 2023&quot; &#8211; Escalar e Associati\" \/>\n<meta property=\"og:description\" content=\"Il 1\/02\/2023 dalle ore 9:30 Escalar e Associati terr\u00e0 un web meeting sulla nuova fiscalit\u00e0 delle Criptoattivit\u00e0 nella Legge di Bilancio 2023.\" \/>\n<meta property=\"og:url\" content=\"https:\/\/escalar.it\/en\/news\/web-meeting-su-la-nuova-fiscalita-delle-criptoattivita-per-i-privati-nella-legge-di-bilancio-2023\/10866\/\" \/>\n<meta property=\"og:site_name\" content=\"Escalar e Associati\" \/>\n<meta property=\"article:publisher\" content=\"https:\/\/www.facebook.com\/escalareassociati\/\" \/>\n<meta property=\"article:published_time\" content=\"2023-01-04T18:14:54+00:00\" \/>\n<meta property=\"article:modified_time\" content=\"2023-01-11T15:48:52+00:00\" \/>\n<meta property=\"og:image\" content=\"https:\/\/escalar.it\/wp-content\/uploads\/2023\/01\/LocCryptoLB23-scaled.jpg\" \/>\n\t<meta property=\"og:image:width\" content=\"2560\" \/>\n\t<meta property=\"og:image:height\" content=\"1437\" \/>\n\t<meta property=\"og:image:type\" content=\"image\/jpeg\" \/>\n<meta name=\"author\" content=\"Escalar e Associati\" \/>\n<meta name=\"twitter:card\" content=\"summary_large_image\" \/>\n<meta name=\"twitter:label1\" content=\"Written by\" \/>\n\t<meta name=\"twitter:data1\" content=\"Escalar e Associati\" \/>\n\t<meta name=\"twitter:label2\" content=\"Est. reading time\" \/>\n\t<meta name=\"twitter:data2\" content=\"2 minutes\" \/>\n<script type=\"application\/ld+json\" class=\"yoast-schema-graph\">{\"@context\":\"https:\\\/\\\/schema.org\",\"@graph\":[{\"@type\":\"Article\",\"@id\":\"https:\\\/\\\/escalar.it\\\/en\\\/news\\\/web-meeting-su-la-nuova-fiscalita-delle-criptoattivita-per-i-privati-nella-legge-di-bilancio-2023\\\/10866\\\/#article\",\"isPartOf\":{\"@id\":\"https:\\\/\\\/escalar.it\\\/en\\\/news\\\/web-meeting-su-la-nuova-fiscalita-delle-criptoattivita-per-i-privati-nella-legge-di-bilancio-2023\\\/10866\\\/\"},\"author\":{\"name\":\"Escalar e Associati\",\"@id\":\"https:\\\/\\\/escalar.it\\\/en\\\/#\\\/schema\\\/person\\\/b77edfcf5ba59fe1ab3326f708e27cc3\"},\"headline\":\"Web Meeting su &#8220;La Nuova Fiscalit\u00e0 delle Criptoattivit\u00e0 per i privati nella Legge di Bilancio 2023&#8221;\",\"datePublished\":\"2023-01-04T18:14:54+00:00\",\"dateModified\":\"2023-01-11T15:48:52+00:00\",\"mainEntityOfPage\":{\"@id\":\"https:\\\/\\\/escalar.it\\\/en\\\/news\\\/web-meeting-su-la-nuova-fiscalita-delle-criptoattivita-per-i-privati-nella-legge-di-bilancio-2023\\\/10866\\\/\"},\"wordCount\":367,\"commentCount\":0,\"publisher\":{\"@id\":\"https:\\\/\\\/escalar.it\\\/en\\\/#organization\"},\"image\":{\"@id\":\"https:\\\/\\\/escalar.it\\\/en\\\/news\\\/web-meeting-su-la-nuova-fiscalita-delle-criptoattivita-per-i-privati-nella-legge-di-bilancio-2023\\\/10866\\\/#primaryimage\"},\"thumbnailUrl\":\"https:\\\/\\\/escalar.it\\\/wp-content\\\/uploads\\\/2023\\\/01\\\/LocCryptoLB23-scaled.jpg\",\"keywords\":[\"criptoattivit\u00e0\",\"criptovalute\",\"Legge di Bilancio 2023\",\"nft\"],\"articleSection\":[\"Gli Eventi\"],\"inLanguage\":\"en-US\",\"potentialAction\":[{\"@type\":\"CommentAction\",\"name\":\"Comment\",\"target\":[\"https:\\\/\\\/escalar.it\\\/en\\\/news\\\/web-meeting-su-la-nuova-fiscalita-delle-criptoattivita-per-i-privati-nella-legge-di-bilancio-2023\\\/10866\\\/#respond\"]}]},{\"@type\":\"WebPage\",\"@id\":\"https:\\\/\\\/escalar.it\\\/en\\\/news\\\/web-meeting-su-la-nuova-fiscalita-delle-criptoattivita-per-i-privati-nella-legge-di-bilancio-2023\\\/10866\\\/\",\"url\":\"https:\\\/\\\/escalar.it\\\/en\\\/news\\\/web-meeting-su-la-nuova-fiscalita-delle-criptoattivita-per-i-privati-nella-legge-di-bilancio-2023\\\/10866\\\/\",\"name\":\"Web Meeting su \\\"La Nuova Fiscalit\u00e0 delle Criptoattivit\u00e0 per i privati nella Legge di Bilancio 2023\\\" &#8211; Escalar e Associati\",\"isPartOf\":{\"@id\":\"https:\\\/\\\/escalar.it\\\/en\\\/#website\"},\"primaryImageOfPage\":{\"@id\":\"https:\\\/\\\/escalar.it\\\/en\\\/news\\\/web-meeting-su-la-nuova-fiscalita-delle-criptoattivita-per-i-privati-nella-legge-di-bilancio-2023\\\/10866\\\/#primaryimage\"},\"image\":{\"@id\":\"https:\\\/\\\/escalar.it\\\/en\\\/news\\\/web-meeting-su-la-nuova-fiscalita-delle-criptoattivita-per-i-privati-nella-legge-di-bilancio-2023\\\/10866\\\/#primaryimage\"},\"thumbnailUrl\":\"https:\\\/\\\/escalar.it\\\/wp-content\\\/uploads\\\/2023\\\/01\\\/LocCryptoLB23-scaled.jpg\",\"datePublished\":\"2023-01-04T18:14:54+00:00\",\"dateModified\":\"2023-01-11T15:48:52+00:00\",\"description\":\"Il 1\\\/02\\\/2023 dalle ore 9:30 Escalar e Associati terr\u00e0 un web meeting sulla nuova fiscalit\u00e0 delle Criptoattivit\u00e0 nella Legge di Bilancio 2023.\",\"breadcrumb\":{\"@id\":\"https:\\\/\\\/escalar.it\\\/en\\\/news\\\/web-meeting-su-la-nuova-fiscalita-delle-criptoattivita-per-i-privati-nella-legge-di-bilancio-2023\\\/10866\\\/#breadcrumb\"},\"inLanguage\":\"en-US\",\"potentialAction\":[{\"@type\":\"ReadAction\",\"target\":[\"https:\\\/\\\/escalar.it\\\/en\\\/news\\\/web-meeting-su-la-nuova-fiscalita-delle-criptoattivita-per-i-privati-nella-legge-di-bilancio-2023\\\/10866\\\/\"]}]},{\"@type\":\"ImageObject\",\"inLanguage\":\"en-US\",\"@id\":\"https:\\\/\\\/escalar.it\\\/en\\\/news\\\/web-meeting-su-la-nuova-fiscalita-delle-criptoattivita-per-i-privati-nella-legge-di-bilancio-2023\\\/10866\\\/#primaryimage\",\"url\":\"https:\\\/\\\/escalar.it\\\/wp-content\\\/uploads\\\/2023\\\/01\\\/LocCryptoLB23-scaled.jpg\",\"contentUrl\":\"https:\\\/\\\/escalar.it\\\/wp-content\\\/uploads\\\/2023\\\/01\\\/LocCryptoLB23-scaled.jpg\",\"width\":2560,\"height\":1437},{\"@type\":\"BreadcrumbList\",\"@id\":\"https:\\\/\\\/escalar.it\\\/en\\\/news\\\/web-meeting-su-la-nuova-fiscalita-delle-criptoattivita-per-i-privati-nella-legge-di-bilancio-2023\\\/10866\\\/#breadcrumb\",\"itemListElement\":[{\"@type\":\"ListItem\",\"position\":1,\"name\":\"Home\",\"item\":\"https:\\\/\\\/escalar.it\\\/en\\\/\"},{\"@type\":\"ListItem\",\"position\":2,\"name\":\"Web Meeting su &#8220;La Nuova Fiscalit\u00e0 delle Criptoattivit\u00e0 per i privati nella Legge di Bilancio 2023&#8221;\"}]},{\"@type\":\"WebSite\",\"@id\":\"https:\\\/\\\/escalar.it\\\/en\\\/#website\",\"url\":\"https:\\\/\\\/escalar.it\\\/en\\\/\",\"name\":\"Escalar e Associati\",\"description\":\"\",\"publisher\":{\"@id\":\"https:\\\/\\\/escalar.it\\\/en\\\/#organization\"},\"potentialAction\":[{\"@type\":\"SearchAction\",\"target\":{\"@type\":\"EntryPoint\",\"urlTemplate\":\"https:\\\/\\\/escalar.it\\\/en\\\/?s={search_term_string}\"},\"query-input\":{\"@type\":\"PropertyValueSpecification\",\"valueRequired\":true,\"valueName\":\"search_term_string\"}}],\"inLanguage\":\"en-US\"},{\"@type\":\"Organization\",\"@id\":\"https:\\\/\\\/escalar.it\\\/en\\\/#organization\",\"name\":\"Escalar e Associati - Studio Legale e Tributario\",\"url\":\"https:\\\/\\\/escalar.it\\\/en\\\/\",\"logo\":{\"@type\":\"ImageObject\",\"inLanguage\":\"en-US\",\"@id\":\"https:\\\/\\\/escalar.it\\\/en\\\/#\\\/schema\\\/logo\\\/image\\\/\",\"url\":\"https:\\\/\\\/escalar.it\\\/wp-content\\\/uploads\\\/2019\\\/03\\\/logo-big.png\",\"contentUrl\":\"https:\\\/\\\/escalar.it\\\/wp-content\\\/uploads\\\/2019\\\/03\\\/logo-big.png\",\"width\":1592,\"height\":655,\"caption\":\"Escalar e Associati - Studio Legale e Tributario\"},\"image\":{\"@id\":\"https:\\\/\\\/escalar.it\\\/en\\\/#\\\/schema\\\/logo\\\/image\\\/\"},\"sameAs\":[\"https:\\\/\\\/www.facebook.com\\\/escalareassociati\\\/\",\"https:\\\/\\\/www.linkedin.com\\\/company\\\/escalar-e-associati\\\/\"]},{\"@type\":\"Person\",\"@id\":\"https:\\\/\\\/escalar.it\\\/en\\\/#\\\/schema\\\/person\\\/b77edfcf5ba59fe1ab3326f708e27cc3\",\"name\":\"Escalar e Associati\",\"image\":{\"@type\":\"ImageObject\",\"inLanguage\":\"en-US\",\"@id\":\"https:\\\/\\\/secure.gravatar.com\\\/avatar\\\/d5e4e3c75179a28864f62a0be41fe3da1911c3209cd5d9b8df5afa07dc07fb47?s=96&d=mm&r=g\",\"url\":\"https:\\\/\\\/secure.gravatar.com\\\/avatar\\\/d5e4e3c75179a28864f62a0be41fe3da1911c3209cd5d9b8df5afa07dc07fb47?s=96&d=mm&r=g\",\"contentUrl\":\"https:\\\/\\\/secure.gravatar.com\\\/avatar\\\/d5e4e3c75179a28864f62a0be41fe3da1911c3209cd5d9b8df5afa07dc07fb47?s=96&d=mm&r=g\",\"caption\":\"Escalar e Associati\"},\"sameAs\":[\"http:\\\/\\\/escalar.it\"]}]}<\/script>\n<!-- \/ Yoast SEO plugin. -->","yoast_head_json":{"title":"Web Meeting su \"La Nuova Fiscalit\u00e0 delle Criptoattivit\u00e0 per i privati nella Legge di Bilancio 2023\" &#8211; Escalar e Associati","description":"Il 1\/02\/2023 dalle ore 9:30 Escalar e Associati terr\u00e0 un web meeting sulla nuova fiscalit\u00e0 delle Criptoattivit\u00e0 nella Legge di Bilancio 2023.","robots":{"index":"index","follow":"follow","max-snippet":"max-snippet:-1","max-image-preview":"max-image-preview:large","max-video-preview":"max-video-preview:-1"},"canonical":"https:\/\/escalar.it\/en\/news\/web-meeting-su-la-nuova-fiscalita-delle-criptoattivita-per-i-privati-nella-legge-di-bilancio-2023\/10866\/","og_locale":"en_US","og_type":"article","og_title":"Web Meeting su \"La Nuova Fiscalit\u00e0 delle Criptoattivit\u00e0 per i privati nella Legge di Bilancio 2023\" &#8211; Escalar e Associati","og_description":"Il 1\/02\/2023 dalle ore 9:30 Escalar e Associati terr\u00e0 un web meeting sulla nuova fiscalit\u00e0 delle Criptoattivit\u00e0 nella Legge di Bilancio 2023.","og_url":"https:\/\/escalar.it\/en\/news\/web-meeting-su-la-nuova-fiscalita-delle-criptoattivita-per-i-privati-nella-legge-di-bilancio-2023\/10866\/","og_site_name":"Escalar e Associati","article_publisher":"https:\/\/www.facebook.com\/escalareassociati\/","article_published_time":"2023-01-04T18:14:54+00:00","article_modified_time":"2023-01-11T15:48:52+00:00","og_image":[{"width":2560,"height":1437,"url":"https:\/\/escalar.it\/wp-content\/uploads\/2023\/01\/LocCryptoLB23-scaled.jpg","type":"image\/jpeg"}],"author":"Escalar e Associati","twitter_card":"summary_large_image","twitter_misc":{"Written by":"Escalar e Associati","Est. reading time":"2 minutes"},"schema":{"@context":"https:\/\/schema.org","@graph":[{"@type":"Article","@id":"https:\/\/escalar.it\/en\/news\/web-meeting-su-la-nuova-fiscalita-delle-criptoattivita-per-i-privati-nella-legge-di-bilancio-2023\/10866\/#article","isPartOf":{"@id":"https:\/\/escalar.it\/en\/news\/web-meeting-su-la-nuova-fiscalita-delle-criptoattivita-per-i-privati-nella-legge-di-bilancio-2023\/10866\/"},"author":{"name":"Escalar e Associati","@id":"https:\/\/escalar.it\/en\/#\/schema\/person\/b77edfcf5ba59fe1ab3326f708e27cc3"},"headline":"Web Meeting su &#8220;La Nuova Fiscalit\u00e0 delle Criptoattivit\u00e0 per i privati nella Legge di Bilancio 2023&#8221;","datePublished":"2023-01-04T18:14:54+00:00","dateModified":"2023-01-11T15:48:52+00:00","mainEntityOfPage":{"@id":"https:\/\/escalar.it\/en\/news\/web-meeting-su-la-nuova-fiscalita-delle-criptoattivita-per-i-privati-nella-legge-di-bilancio-2023\/10866\/"},"wordCount":367,"commentCount":0,"publisher":{"@id":"https:\/\/escalar.it\/en\/#organization"},"image":{"@id":"https:\/\/escalar.it\/en\/news\/web-meeting-su-la-nuova-fiscalita-delle-criptoattivita-per-i-privati-nella-legge-di-bilancio-2023\/10866\/#primaryimage"},"thumbnailUrl":"https:\/\/escalar.it\/wp-content\/uploads\/2023\/01\/LocCryptoLB23-scaled.jpg","keywords":["criptoattivit\u00e0","criptovalute","Legge di Bilancio 2023","nft"],"articleSection":["Gli Eventi"],"inLanguage":"en-US","potentialAction":[{"@type":"CommentAction","name":"Comment","target":["https:\/\/escalar.it\/en\/news\/web-meeting-su-la-nuova-fiscalita-delle-criptoattivita-per-i-privati-nella-legge-di-bilancio-2023\/10866\/#respond"]}]},{"@type":"WebPage","@id":"https:\/\/escalar.it\/en\/news\/web-meeting-su-la-nuova-fiscalita-delle-criptoattivita-per-i-privati-nella-legge-di-bilancio-2023\/10866\/","url":"https:\/\/escalar.it\/en\/news\/web-meeting-su-la-nuova-fiscalita-delle-criptoattivita-per-i-privati-nella-legge-di-bilancio-2023\/10866\/","name":"Web Meeting su \"La Nuova Fiscalit\u00e0 delle Criptoattivit\u00e0 per i privati nella Legge di Bilancio 2023\" &#8211; Escalar e Associati","isPartOf":{"@id":"https:\/\/escalar.it\/en\/#website"},"primaryImageOfPage":{"@id":"https:\/\/escalar.it\/en\/news\/web-meeting-su-la-nuova-fiscalita-delle-criptoattivita-per-i-privati-nella-legge-di-bilancio-2023\/10866\/#primaryimage"},"image":{"@id":"https:\/\/escalar.it\/en\/news\/web-meeting-su-la-nuova-fiscalita-delle-criptoattivita-per-i-privati-nella-legge-di-bilancio-2023\/10866\/#primaryimage"},"thumbnailUrl":"https:\/\/escalar.it\/wp-content\/uploads\/2023\/01\/LocCryptoLB23-scaled.jpg","datePublished":"2023-01-04T18:14:54+00:00","dateModified":"2023-01-11T15:48:52+00:00","description":"Il 1\/02\/2023 dalle ore 9:30 Escalar e Associati terr\u00e0 un web meeting sulla nuova fiscalit\u00e0 delle Criptoattivit\u00e0 nella Legge di Bilancio 2023.","breadcrumb":{"@id":"https:\/\/escalar.it\/en\/news\/web-meeting-su-la-nuova-fiscalita-delle-criptoattivita-per-i-privati-nella-legge-di-bilancio-2023\/10866\/#breadcrumb"},"inLanguage":"en-US","potentialAction":[{"@type":"ReadAction","target":["https:\/\/escalar.it\/en\/news\/web-meeting-su-la-nuova-fiscalita-delle-criptoattivita-per-i-privati-nella-legge-di-bilancio-2023\/10866\/"]}]},{"@type":"ImageObject","inLanguage":"en-US","@id":"https:\/\/escalar.it\/en\/news\/web-meeting-su-la-nuova-fiscalita-delle-criptoattivita-per-i-privati-nella-legge-di-bilancio-2023\/10866\/#primaryimage","url":"https:\/\/escalar.it\/wp-content\/uploads\/2023\/01\/LocCryptoLB23-scaled.jpg","contentUrl":"https:\/\/escalar.it\/wp-content\/uploads\/2023\/01\/LocCryptoLB23-scaled.jpg","width":2560,"height":1437},{"@type":"BreadcrumbList","@id":"https:\/\/escalar.it\/en\/news\/web-meeting-su-la-nuova-fiscalita-delle-criptoattivita-per-i-privati-nella-legge-di-bilancio-2023\/10866\/#breadcrumb","itemListElement":[{"@type":"ListItem","position":1,"name":"Home","item":"https:\/\/escalar.it\/en\/"},{"@type":"ListItem","position":2,"name":"Web Meeting su &#8220;La Nuova Fiscalit\u00e0 delle Criptoattivit\u00e0 per i privati nella Legge di Bilancio 2023&#8221;"}]},{"@type":"WebSite","@id":"https:\/\/escalar.it\/en\/#website","url":"https:\/\/escalar.it\/en\/","name":"Escalar e Associati","description":"","publisher":{"@id":"https:\/\/escalar.it\/en\/#organization"},"potentialAction":[{"@type":"SearchAction","target":{"@type":"EntryPoint","urlTemplate":"https:\/\/escalar.it\/en\/?s={search_term_string}"},"query-input":{"@type":"PropertyValueSpecification","valueRequired":true,"valueName":"search_term_string"}}],"inLanguage":"en-US"},{"@type":"Organization","@id":"https:\/\/escalar.it\/en\/#organization","name":"Escalar e Associati - Studio Legale e Tributario","url":"https:\/\/escalar.it\/en\/","logo":{"@type":"ImageObject","inLanguage":"en-US","@id":"https:\/\/escalar.it\/en\/#\/schema\/logo\/image\/","url":"https:\/\/escalar.it\/wp-content\/uploads\/2019\/03\/logo-big.png","contentUrl":"https:\/\/escalar.it\/wp-content\/uploads\/2019\/03\/logo-big.png","width":1592,"height":655,"caption":"Escalar e Associati - Studio Legale e Tributario"},"image":{"@id":"https:\/\/escalar.it\/en\/#\/schema\/logo\/image\/"},"sameAs":["https:\/\/www.facebook.com\/escalareassociati\/","https:\/\/www.linkedin.com\/company\/escalar-e-associati\/"]},{"@type":"Person","@id":"https:\/\/escalar.it\/en\/#\/schema\/person\/b77edfcf5ba59fe1ab3326f708e27cc3","name":"Escalar e Associati","image":{"@type":"ImageObject","inLanguage":"en-US","@id":"https:\/\/secure.gravatar.com\/avatar\/d5e4e3c75179a28864f62a0be41fe3da1911c3209cd5d9b8df5afa07dc07fb47?s=96&d=mm&r=g","url":"https:\/\/secure.gravatar.com\/avatar\/d5e4e3c75179a28864f62a0be41fe3da1911c3209cd5d9b8df5afa07dc07fb47?s=96&d=mm&r=g","contentUrl":"https:\/\/secure.gravatar.com\/avatar\/d5e4e3c75179a28864f62a0be41fe3da1911c3209cd5d9b8df5afa07dc07fb47?s=96&d=mm&r=g","caption":"Escalar e Associati"},"sameAs":["http:\/\/escalar.it"]}]}},"_links":{"self":[{"href":"https:\/\/escalar.it\/en\/wp-json\/wp\/v2\/posts\/10866","targetHints":{"allow":["GET"]}}],"collection":[{"href":"https:\/\/escalar.it\/en\/wp-json\/wp\/v2\/posts"}],"about":[{"href":"https:\/\/escalar.it\/en\/wp-json\/wp\/v2\/types\/post"}],"author":[{"embeddable":true,"href":"https:\/\/escalar.it\/en\/wp-json\/wp\/v2\/users\/6"}],"replies":[{"embeddable":true,"href":"https:\/\/escalar.it\/en\/wp-json\/wp\/v2\/comments?post=10866"}],"version-history":[{"count":0,"href":"https:\/\/escalar.it\/en\/wp-json\/wp\/v2\/posts\/10866\/revisions"}],"wp:featuredmedia":[{"embeddable":true,"href":"https:\/\/escalar.it\/en\/wp-json\/wp\/v2\/media\/10867"}],"wp:attachment":[{"href":"https:\/\/escalar.it\/en\/wp-json\/wp\/v2\/media?parent=10866"}],"wp:term":[{"taxonomy":"category","embeddable":true,"href":"https:\/\/escalar.it\/en\/wp-json\/wp\/v2\/categories?post=10866"},{"taxonomy":"post_tag","embeddable":true,"href":"https:\/\/escalar.it\/en\/wp-json\/wp\/v2\/tags?post=10866"}],"curies":[{"name":"wp","href":"https:\/\/api.w.org\/{rel}","templated":true}]}}