{"id":10862,"date":"2022-12-19T09:30:37","date_gmt":"2022-12-19T08:30:37","guid":{"rendered":"https:\/\/escalar.it\/?p=10862"},"modified":"2022-12-19T09:32:00","modified_gmt":"2022-12-19T08:32:00","slug":"lavv-gabriele-escalar-partecipera-allopen-day-di-diritto-tributario-dellordine-degli-avvocati-di-roma","status":"publish","type":"post","link":"https:\/\/escalar.it\/en\/news\/lavv-gabriele-escalar-partecipera-allopen-day-di-diritto-tributario-dellordine-degli-avvocati-di-roma\/10862\/","title":{"rendered":"L&#8217;Avv. Gabriele Escalar parteciper\u00e0 all&#8217;Open Day di Diritto Tributario dell&#8217;Ordine degli Avvocati di Roma"},"content":{"rendered":"<style type=\"text\/css\" data-type=\"vc_cmsms_shortcodes-custom-css\"><\/style>\n<p>Oggi, 19 dicembre 2022 l\u2019avv. <a href=\"https:\/\/escalar.it\/gabriele-escalar\/\">Gabriele Escalar<\/a> parteciper\u00e0 all\u2019Open Day di diritto tributario organizzato dall\u2019Ordine degli Avvocati di Roma con una relazione sulla tutela dei diritti del contribuente nel diritto unionale nel corso della quale esaminer\u00e0 gli orientamenti della Corte di Giustizia UE sulla tutela del diritto al domicilio e alle comunicazioni, dei diritti di difesa e del diritto ad un ricorso effettivo, nonch\u00e9 sui principi di legalit\u00e0 e di proporzionalit\u00e0 delle sanzioni. \u00a0<\/p>\n","protected":false},"excerpt":{"rendered":"<p>Oggi, 19 dicembre 2022 l\u2019avv. Gabriele Escalar parteciper\u00e0 all\u2019Open Day di diritto tributario organizzato dall\u2019Ordine degli Avvocati di Roma con una relazione sulla tutela dei diritti del contribuente nel diritto unionale nel corso della quale esaminer\u00e0 gli orientamenti della Corte di Giustizia UE sulla tutela del diritto al domicilio e alle comunicazioni, dei diritti di&#8230;<\/p>\n","protected":false},"author":7,"featured_media":10281,"comment_status":"open","ping_status":"closed","sticky":false,"template":"","format":"standard","meta":{"footnotes":""},"categories":[33],"tags":[223,222,224],"class_list":["post-10862","post","type-post","status-publish","format-standard","has-post-thumbnail","hentry","category-news","tag-diritto-al-domicilio","tag-diritto-unionale","tag-proporzionalita-sanzioni"],"yoast_head":"<!-- This site is optimized with the Yoast SEO plugin v27.5 - https:\/\/yoast.com\/product\/yoast-seo-wordpress\/ -->\n<title>L&#039;Avv. Gabriele Escalar parteciper\u00e0 all&#039;Open Day di Diritto Tributario dell&#039;Ordine degli Avvocati di Roma &#8211; Escalar e Associati<\/title>\n<meta name=\"description\" content=\"Il 19 dicembre 2022 l\u2019avv. Gabriele Escalar parteciper\u00e0 all\u2019Open Day di diritto tributario organizzato dall\u2019Ordine degli Avvocati di Roma\" \/>\n<meta name=\"robots\" content=\"index, follow, max-snippet:-1, max-image-preview:large, max-video-preview:-1\" \/>\n<link rel=\"canonical\" href=\"https:\/\/escalar.it\/en\/news\/lavv-gabriele-escalar-partecipera-allopen-day-di-diritto-tributario-dellordine-degli-avvocati-di-roma\/10862\/\" \/>\n<meta property=\"og:locale\" content=\"en_US\" \/>\n<meta property=\"og:type\" content=\"article\" \/>\n<meta property=\"og:title\" content=\"L&#039;Avv. Gabriele Escalar parteciper\u00e0 all&#039;Open Day di Diritto Tributario dell&#039;Ordine degli Avvocati di Roma &#8211; Escalar e Associati\" \/>\n<meta property=\"og:description\" content=\"Il 19 dicembre 2022 l\u2019avv. Gabriele Escalar parteciper\u00e0 all\u2019Open Day di diritto tributario organizzato dall\u2019Ordine degli Avvocati di Roma\" \/>\n<meta property=\"og:url\" content=\"https:\/\/escalar.it\/en\/news\/lavv-gabriele-escalar-partecipera-allopen-day-di-diritto-tributario-dellordine-degli-avvocati-di-roma\/10862\/\" \/>\n<meta property=\"og:site_name\" content=\"Escalar e Associati\" \/>\n<meta property=\"article:publisher\" content=\"https:\/\/www.facebook.com\/escalareassociati\/\" \/>\n<meta property=\"article:published_time\" content=\"2022-12-19T08:30:37+00:00\" \/>\n<meta property=\"article:modified_time\" content=\"2022-12-19T08:32:00+00:00\" \/>\n<meta property=\"og:image\" content=\"https:\/\/escalar.it\/wp-content\/uploads\/2021\/01\/Via-Tazzoli.png\" \/>\n\t<meta property=\"og:image:width\" content=\"1033\" \/>\n\t<meta property=\"og:image:height\" content=\"662\" \/>\n\t<meta property=\"og:image:type\" content=\"image\/png\" \/>\n<meta name=\"author\" content=\"Gabriele Escalar\" \/>\n<meta name=\"twitter:card\" content=\"summary_large_image\" \/>\n<meta name=\"twitter:label1\" content=\"Written by\" \/>\n\t<meta name=\"twitter:data1\" content=\"Gabriele Escalar\" \/>\n\t<meta name=\"twitter:label2\" content=\"Est. reading time\" \/>\n\t<meta name=\"twitter:data2\" content=\"1 minute\" \/>\n<script type=\"application\/ld+json\" class=\"yoast-schema-graph\">{\"@context\":\"https:\\\/\\\/schema.org\",\"@graph\":[{\"@type\":\"Article\",\"@id\":\"https:\\\/\\\/escalar.it\\\/en\\\/news\\\/lavv-gabriele-escalar-partecipera-allopen-day-di-diritto-tributario-dellordine-degli-avvocati-di-roma\\\/10862\\\/#article\",\"isPartOf\":{\"@id\":\"https:\\\/\\\/escalar.it\\\/en\\\/news\\\/lavv-gabriele-escalar-partecipera-allopen-day-di-diritto-tributario-dellordine-degli-avvocati-di-roma\\\/10862\\\/\"},\"author\":{\"name\":\"Gabriele Escalar\",\"@id\":\"https:\\\/\\\/escalar.it\\\/en\\\/#\\\/schema\\\/person\\\/e00c7366376815b1cb1ab944c020656e\"},\"headline\":\"L&#8217;Avv. Gabriele Escalar parteciper\u00e0 all&#8217;Open Day di Diritto Tributario dell&#8217;Ordine degli Avvocati di Roma\",\"datePublished\":\"2022-12-19T08:30:37+00:00\",\"dateModified\":\"2022-12-19T08:32:00+00:00\",\"mainEntityOfPage\":{\"@id\":\"https:\\\/\\\/escalar.it\\\/en\\\/news\\\/lavv-gabriele-escalar-partecipera-allopen-day-di-diritto-tributario-dellordine-degli-avvocati-di-roma\\\/10862\\\/\"},\"wordCount\":91,\"commentCount\":0,\"publisher\":{\"@id\":\"https:\\\/\\\/escalar.it\\\/en\\\/#organization\"},\"image\":{\"@id\":\"https:\\\/\\\/escalar.it\\\/en\\\/news\\\/lavv-gabriele-escalar-partecipera-allopen-day-di-diritto-tributario-dellordine-degli-avvocati-di-roma\\\/10862\\\/#primaryimage\"},\"thumbnailUrl\":\"https:\\\/\\\/escalar.it\\\/wp-content\\\/uploads\\\/2021\\\/01\\\/Via-Tazzoli.png\",\"keywords\":[\"diritto al domicilio\",\"diritto unionale\",\"proporzionalit\u00e0 sanzioni\"],\"articleSection\":[\"Gli Eventi\"],\"inLanguage\":\"en-US\",\"potentialAction\":[{\"@type\":\"CommentAction\",\"name\":\"Comment\",\"target\":[\"https:\\\/\\\/escalar.it\\\/en\\\/news\\\/lavv-gabriele-escalar-partecipera-allopen-day-di-diritto-tributario-dellordine-degli-avvocati-di-roma\\\/10862\\\/#respond\"]}]},{\"@type\":\"WebPage\",\"@id\":\"https:\\\/\\\/escalar.it\\\/en\\\/news\\\/lavv-gabriele-escalar-partecipera-allopen-day-di-diritto-tributario-dellordine-degli-avvocati-di-roma\\\/10862\\\/\",\"url\":\"https:\\\/\\\/escalar.it\\\/en\\\/news\\\/lavv-gabriele-escalar-partecipera-allopen-day-di-diritto-tributario-dellordine-degli-avvocati-di-roma\\\/10862\\\/\",\"name\":\"L'Avv. Gabriele Escalar parteciper\u00e0 all'Open Day di Diritto Tributario dell'Ordine degli Avvocati di Roma &#8211; Escalar e Associati\",\"isPartOf\":{\"@id\":\"https:\\\/\\\/escalar.it\\\/en\\\/#website\"},\"primaryImageOfPage\":{\"@id\":\"https:\\\/\\\/escalar.it\\\/en\\\/news\\\/lavv-gabriele-escalar-partecipera-allopen-day-di-diritto-tributario-dellordine-degli-avvocati-di-roma\\\/10862\\\/#primaryimage\"},\"image\":{\"@id\":\"https:\\\/\\\/escalar.it\\\/en\\\/news\\\/lavv-gabriele-escalar-partecipera-allopen-day-di-diritto-tributario-dellordine-degli-avvocati-di-roma\\\/10862\\\/#primaryimage\"},\"thumbnailUrl\":\"https:\\\/\\\/escalar.it\\\/wp-content\\\/uploads\\\/2021\\\/01\\\/Via-Tazzoli.png\",\"datePublished\":\"2022-12-19T08:30:37+00:00\",\"dateModified\":\"2022-12-19T08:32:00+00:00\",\"description\":\"Il 19 dicembre 2022 l\u2019avv. Gabriele Escalar parteciper\u00e0 all\u2019Open Day di diritto tributario organizzato dall\u2019Ordine degli Avvocati di Roma\",\"breadcrumb\":{\"@id\":\"https:\\\/\\\/escalar.it\\\/en\\\/news\\\/lavv-gabriele-escalar-partecipera-allopen-day-di-diritto-tributario-dellordine-degli-avvocati-di-roma\\\/10862\\\/#breadcrumb\"},\"inLanguage\":\"en-US\",\"potentialAction\":[{\"@type\":\"ReadAction\",\"target\":[\"https:\\\/\\\/escalar.it\\\/en\\\/news\\\/lavv-gabriele-escalar-partecipera-allopen-day-di-diritto-tributario-dellordine-degli-avvocati-di-roma\\\/10862\\\/\"]}]},{\"@type\":\"ImageObject\",\"inLanguage\":\"en-US\",\"@id\":\"https:\\\/\\\/escalar.it\\\/en\\\/news\\\/lavv-gabriele-escalar-partecipera-allopen-day-di-diritto-tributario-dellordine-degli-avvocati-di-roma\\\/10862\\\/#primaryimage\",\"url\":\"https:\\\/\\\/escalar.it\\\/wp-content\\\/uploads\\\/2021\\\/01\\\/Via-Tazzoli.png\",\"contentUrl\":\"https:\\\/\\\/escalar.it\\\/wp-content\\\/uploads\\\/2021\\\/01\\\/Via-Tazzoli.png\",\"width\":1033,\"height\":662},{\"@type\":\"BreadcrumbList\",\"@id\":\"https:\\\/\\\/escalar.it\\\/en\\\/news\\\/lavv-gabriele-escalar-partecipera-allopen-day-di-diritto-tributario-dellordine-degli-avvocati-di-roma\\\/10862\\\/#breadcrumb\",\"itemListElement\":[{\"@type\":\"ListItem\",\"position\":1,\"name\":\"Home\",\"item\":\"https:\\\/\\\/escalar.it\\\/en\\\/\"},{\"@type\":\"ListItem\",\"position\":2,\"name\":\"L&#8217;Avv. Gabriele Escalar parteciper\u00e0 all&#8217;Open Day di Diritto Tributario dell&#8217;Ordine degli Avvocati di Roma\"}]},{\"@type\":\"WebSite\",\"@id\":\"https:\\\/\\\/escalar.it\\\/en\\\/#website\",\"url\":\"https:\\\/\\\/escalar.it\\\/en\\\/\",\"name\":\"Escalar e Associati\",\"description\":\"\",\"publisher\":{\"@id\":\"https:\\\/\\\/escalar.it\\\/en\\\/#organization\"},\"potentialAction\":[{\"@type\":\"SearchAction\",\"target\":{\"@type\":\"EntryPoint\",\"urlTemplate\":\"https:\\\/\\\/escalar.it\\\/en\\\/?s={search_term_string}\"},\"query-input\":{\"@type\":\"PropertyValueSpecification\",\"valueRequired\":true,\"valueName\":\"search_term_string\"}}],\"inLanguage\":\"en-US\"},{\"@type\":\"Organization\",\"@id\":\"https:\\\/\\\/escalar.it\\\/en\\\/#organization\",\"name\":\"Escalar e Associati - Studio Legale e Tributario\",\"url\":\"https:\\\/\\\/escalar.it\\\/en\\\/\",\"logo\":{\"@type\":\"ImageObject\",\"inLanguage\":\"en-US\",\"@id\":\"https:\\\/\\\/escalar.it\\\/en\\\/#\\\/schema\\\/logo\\\/image\\\/\",\"url\":\"https:\\\/\\\/escalar.it\\\/wp-content\\\/uploads\\\/2019\\\/03\\\/logo-big.png\",\"contentUrl\":\"https:\\\/\\\/escalar.it\\\/wp-content\\\/uploads\\\/2019\\\/03\\\/logo-big.png\",\"width\":1592,\"height\":655,\"caption\":\"Escalar e Associati - Studio Legale e Tributario\"},\"image\":{\"@id\":\"https:\\\/\\\/escalar.it\\\/en\\\/#\\\/schema\\\/logo\\\/image\\\/\"},\"sameAs\":[\"https:\\\/\\\/www.facebook.com\\\/escalareassociati\\\/\",\"https:\\\/\\\/www.linkedin.com\\\/company\\\/escalar-e-associati\\\/\"]},{\"@type\":\"Person\",\"@id\":\"https:\\\/\\\/escalar.it\\\/en\\\/#\\\/schema\\\/person\\\/e00c7366376815b1cb1ab944c020656e\",\"name\":\"Gabriele Escalar\",\"image\":{\"@type\":\"ImageObject\",\"inLanguage\":\"en-US\",\"@id\":\"https:\\\/\\\/secure.gravatar.com\\\/avatar\\\/8006b7b0c6427c005e94b0e87be29d673c0c2aab50614b1e0656598220bfa0fc?s=96&d=mm&r=g\",\"url\":\"https:\\\/\\\/secure.gravatar.com\\\/avatar\\\/8006b7b0c6427c005e94b0e87be29d673c0c2aab50614b1e0656598220bfa0fc?s=96&d=mm&r=g\",\"contentUrl\":\"https:\\\/\\\/secure.gravatar.com\\\/avatar\\\/8006b7b0c6427c005e94b0e87be29d673c0c2aab50614b1e0656598220bfa0fc?s=96&d=mm&r=g\",\"caption\":\"Gabriele Escalar\"},\"sameAs\":[\"http:\\\/\\\/escalar.it\"]}]}<\/script>\n<!-- \/ Yoast SEO plugin. -->","yoast_head_json":{"title":"L'Avv. Gabriele Escalar parteciper\u00e0 all'Open Day di Diritto Tributario dell'Ordine degli Avvocati di Roma &#8211; Escalar e Associati","description":"Il 19 dicembre 2022 l\u2019avv. Gabriele Escalar parteciper\u00e0 all\u2019Open Day di diritto tributario organizzato dall\u2019Ordine degli Avvocati di Roma","robots":{"index":"index","follow":"follow","max-snippet":"max-snippet:-1","max-image-preview":"max-image-preview:large","max-video-preview":"max-video-preview:-1"},"canonical":"https:\/\/escalar.it\/en\/news\/lavv-gabriele-escalar-partecipera-allopen-day-di-diritto-tributario-dellordine-degli-avvocati-di-roma\/10862\/","og_locale":"en_US","og_type":"article","og_title":"L'Avv. Gabriele Escalar parteciper\u00e0 all'Open Day di Diritto Tributario dell'Ordine degli Avvocati di Roma &#8211; Escalar e Associati","og_description":"Il 19 dicembre 2022 l\u2019avv. Gabriele Escalar parteciper\u00e0 all\u2019Open Day di diritto tributario organizzato dall\u2019Ordine degli Avvocati di Roma","og_url":"https:\/\/escalar.it\/en\/news\/lavv-gabriele-escalar-partecipera-allopen-day-di-diritto-tributario-dellordine-degli-avvocati-di-roma\/10862\/","og_site_name":"Escalar e Associati","article_publisher":"https:\/\/www.facebook.com\/escalareassociati\/","article_published_time":"2022-12-19T08:30:37+00:00","article_modified_time":"2022-12-19T08:32:00+00:00","og_image":[{"width":1033,"height":662,"url":"https:\/\/escalar.it\/wp-content\/uploads\/2021\/01\/Via-Tazzoli.png","type":"image\/png"}],"author":"Gabriele Escalar","twitter_card":"summary_large_image","twitter_misc":{"Written by":"Gabriele Escalar","Est. reading time":"1 minute"},"schema":{"@context":"https:\/\/schema.org","@graph":[{"@type":"Article","@id":"https:\/\/escalar.it\/en\/news\/lavv-gabriele-escalar-partecipera-allopen-day-di-diritto-tributario-dellordine-degli-avvocati-di-roma\/10862\/#article","isPartOf":{"@id":"https:\/\/escalar.it\/en\/news\/lavv-gabriele-escalar-partecipera-allopen-day-di-diritto-tributario-dellordine-degli-avvocati-di-roma\/10862\/"},"author":{"name":"Gabriele Escalar","@id":"https:\/\/escalar.it\/en\/#\/schema\/person\/e00c7366376815b1cb1ab944c020656e"},"headline":"L&#8217;Avv. Gabriele Escalar parteciper\u00e0 all&#8217;Open Day di Diritto Tributario dell&#8217;Ordine degli Avvocati di Roma","datePublished":"2022-12-19T08:30:37+00:00","dateModified":"2022-12-19T08:32:00+00:00","mainEntityOfPage":{"@id":"https:\/\/escalar.it\/en\/news\/lavv-gabriele-escalar-partecipera-allopen-day-di-diritto-tributario-dellordine-degli-avvocati-di-roma\/10862\/"},"wordCount":91,"commentCount":0,"publisher":{"@id":"https:\/\/escalar.it\/en\/#organization"},"image":{"@id":"https:\/\/escalar.it\/en\/news\/lavv-gabriele-escalar-partecipera-allopen-day-di-diritto-tributario-dellordine-degli-avvocati-di-roma\/10862\/#primaryimage"},"thumbnailUrl":"https:\/\/escalar.it\/wp-content\/uploads\/2021\/01\/Via-Tazzoli.png","keywords":["diritto al domicilio","diritto unionale","proporzionalit\u00e0 sanzioni"],"articleSection":["Gli Eventi"],"inLanguage":"en-US","potentialAction":[{"@type":"CommentAction","name":"Comment","target":["https:\/\/escalar.it\/en\/news\/lavv-gabriele-escalar-partecipera-allopen-day-di-diritto-tributario-dellordine-degli-avvocati-di-roma\/10862\/#respond"]}]},{"@type":"WebPage","@id":"https:\/\/escalar.it\/en\/news\/lavv-gabriele-escalar-partecipera-allopen-day-di-diritto-tributario-dellordine-degli-avvocati-di-roma\/10862\/","url":"https:\/\/escalar.it\/en\/news\/lavv-gabriele-escalar-partecipera-allopen-day-di-diritto-tributario-dellordine-degli-avvocati-di-roma\/10862\/","name":"L'Avv. Gabriele Escalar parteciper\u00e0 all'Open Day di Diritto Tributario dell'Ordine degli Avvocati di Roma &#8211; Escalar e Associati","isPartOf":{"@id":"https:\/\/escalar.it\/en\/#website"},"primaryImageOfPage":{"@id":"https:\/\/escalar.it\/en\/news\/lavv-gabriele-escalar-partecipera-allopen-day-di-diritto-tributario-dellordine-degli-avvocati-di-roma\/10862\/#primaryimage"},"image":{"@id":"https:\/\/escalar.it\/en\/news\/lavv-gabriele-escalar-partecipera-allopen-day-di-diritto-tributario-dellordine-degli-avvocati-di-roma\/10862\/#primaryimage"},"thumbnailUrl":"https:\/\/escalar.it\/wp-content\/uploads\/2021\/01\/Via-Tazzoli.png","datePublished":"2022-12-19T08:30:37+00:00","dateModified":"2022-12-19T08:32:00+00:00","description":"Il 19 dicembre 2022 l\u2019avv. Gabriele Escalar parteciper\u00e0 all\u2019Open Day di diritto tributario organizzato dall\u2019Ordine degli Avvocati di Roma","breadcrumb":{"@id":"https:\/\/escalar.it\/en\/news\/lavv-gabriele-escalar-partecipera-allopen-day-di-diritto-tributario-dellordine-degli-avvocati-di-roma\/10862\/#breadcrumb"},"inLanguage":"en-US","potentialAction":[{"@type":"ReadAction","target":["https:\/\/escalar.it\/en\/news\/lavv-gabriele-escalar-partecipera-allopen-day-di-diritto-tributario-dellordine-degli-avvocati-di-roma\/10862\/"]}]},{"@type":"ImageObject","inLanguage":"en-US","@id":"https:\/\/escalar.it\/en\/news\/lavv-gabriele-escalar-partecipera-allopen-day-di-diritto-tributario-dellordine-degli-avvocati-di-roma\/10862\/#primaryimage","url":"https:\/\/escalar.it\/wp-content\/uploads\/2021\/01\/Via-Tazzoli.png","contentUrl":"https:\/\/escalar.it\/wp-content\/uploads\/2021\/01\/Via-Tazzoli.png","width":1033,"height":662},{"@type":"BreadcrumbList","@id":"https:\/\/escalar.it\/en\/news\/lavv-gabriele-escalar-partecipera-allopen-day-di-diritto-tributario-dellordine-degli-avvocati-di-roma\/10862\/#breadcrumb","itemListElement":[{"@type":"ListItem","position":1,"name":"Home","item":"https:\/\/escalar.it\/en\/"},{"@type":"ListItem","position":2,"name":"L&#8217;Avv. Gabriele Escalar parteciper\u00e0 all&#8217;Open Day di Diritto Tributario dell&#8217;Ordine degli Avvocati di Roma"}]},{"@type":"WebSite","@id":"https:\/\/escalar.it\/en\/#website","url":"https:\/\/escalar.it\/en\/","name":"Escalar e Associati","description":"","publisher":{"@id":"https:\/\/escalar.it\/en\/#organization"},"potentialAction":[{"@type":"SearchAction","target":{"@type":"EntryPoint","urlTemplate":"https:\/\/escalar.it\/en\/?s={search_term_string}"},"query-input":{"@type":"PropertyValueSpecification","valueRequired":true,"valueName":"search_term_string"}}],"inLanguage":"en-US"},{"@type":"Organization","@id":"https:\/\/escalar.it\/en\/#organization","name":"Escalar e Associati - Studio Legale e Tributario","url":"https:\/\/escalar.it\/en\/","logo":{"@type":"ImageObject","inLanguage":"en-US","@id":"https:\/\/escalar.it\/en\/#\/schema\/logo\/image\/","url":"https:\/\/escalar.it\/wp-content\/uploads\/2019\/03\/logo-big.png","contentUrl":"https:\/\/escalar.it\/wp-content\/uploads\/2019\/03\/logo-big.png","width":1592,"height":655,"caption":"Escalar e Associati - Studio Legale e Tributario"},"image":{"@id":"https:\/\/escalar.it\/en\/#\/schema\/logo\/image\/"},"sameAs":["https:\/\/www.facebook.com\/escalareassociati\/","https:\/\/www.linkedin.com\/company\/escalar-e-associati\/"]},{"@type":"Person","@id":"https:\/\/escalar.it\/en\/#\/schema\/person\/e00c7366376815b1cb1ab944c020656e","name":"Gabriele Escalar","image":{"@type":"ImageObject","inLanguage":"en-US","@id":"https:\/\/secure.gravatar.com\/avatar\/8006b7b0c6427c005e94b0e87be29d673c0c2aab50614b1e0656598220bfa0fc?s=96&d=mm&r=g","url":"https:\/\/secure.gravatar.com\/avatar\/8006b7b0c6427c005e94b0e87be29d673c0c2aab50614b1e0656598220bfa0fc?s=96&d=mm&r=g","contentUrl":"https:\/\/secure.gravatar.com\/avatar\/8006b7b0c6427c005e94b0e87be29d673c0c2aab50614b1e0656598220bfa0fc?s=96&d=mm&r=g","caption":"Gabriele Escalar"},"sameAs":["http:\/\/escalar.it"]}]}},"_links":{"self":[{"href":"https:\/\/escalar.it\/en\/wp-json\/wp\/v2\/posts\/10862","targetHints":{"allow":["GET"]}}],"collection":[{"href":"https:\/\/escalar.it\/en\/wp-json\/wp\/v2\/posts"}],"about":[{"href":"https:\/\/escalar.it\/en\/wp-json\/wp\/v2\/types\/post"}],"author":[{"embeddable":true,"href":"https:\/\/escalar.it\/en\/wp-json\/wp\/v2\/users\/7"}],"replies":[{"embeddable":true,"href":"https:\/\/escalar.it\/en\/wp-json\/wp\/v2\/comments?post=10862"}],"version-history":[{"count":0,"href":"https:\/\/escalar.it\/en\/wp-json\/wp\/v2\/posts\/10862\/revisions"}],"wp:featuredmedia":[{"embeddable":true,"href":"https:\/\/escalar.it\/en\/wp-json\/wp\/v2\/media\/10281"}],"wp:attachment":[{"href":"https:\/\/escalar.it\/en\/wp-json\/wp\/v2\/media?parent=10862"}],"wp:term":[{"taxonomy":"category","embeddable":true,"href":"https:\/\/escalar.it\/en\/wp-json\/wp\/v2\/categories?post=10862"},{"taxonomy":"post_tag","embeddable":true,"href":"https:\/\/escalar.it\/en\/wp-json\/wp\/v2\/tags?post=10862"}],"curies":[{"name":"wp","href":"https:\/\/api.w.org\/{rel}","templated":true}]}}