{"id":10791,"date":"2022-07-06T17:57:20","date_gmt":"2022-07-06T16:57:20","guid":{"rendered":"https:\/\/escalar.it\/?p=10791"},"modified":"2022-07-06T17:57:22","modified_gmt":"2022-07-06T16:57:22","slug":"web-meeting-sulle-criticita-delle-nuove-indicazioni-dellade-sulla-responsabilita-in-tema-di-utilizzo-dei-bonus-fiscali","status":"publish","type":"post","link":"https:\/\/escalar.it\/en\/news\/web-meeting-sulle-criticita-delle-nuove-indicazioni-dellade-sulla-responsabilita-in-tema-di-utilizzo-dei-bonus-fiscali\/10791\/","title":{"rendered":"Web Meeting sulle Criticit\u00e0 delle nuove indicazioni dell&#8217;AdE sulla responsabilit\u00e0 in tema di utilizzo dei Bonus Fiscali"},"content":{"rendered":"<style type=\"text\/css\" data-type=\"vc_cmsms_shortcodes-custom-css\"><\/style>\n<p>Siamo lieti di comunicare che il 21 luglio 2022 dalle ore 9:30 alle ore 11:30, si terr\u00e0 in videoconferenza un web meeting avente ad oggetto\u00a0<strong>le Criticit\u00e0 delle nuove indicazioni dell&#8217;AdE sulla responsabilit\u00e0 in tema di utilizzo dei Bonus Fiscali<\/strong><\/p>\n\n\n\n<h4 class=\"wp-block-heading\">Programma<\/h4>\n\n\n\n<p><strong>9.30 &#8211; L\u2019indipendenza del credito d\u2019imposta rispetto alla detrazione<\/strong><\/p>\n\n\n\n<ul class=\"wp-block-list\"><li>Il riconoscimento a titolo originario del credito d\u2019imposta al cessionario;<\/li><li>La violazione di utilizzo di detrazioni non spettanti e il suo momento consumativo;<\/li><li>La non configurabilit\u00e0 di un concorso in una violazione gi\u00e0 consumata.<\/li><\/ul>\n\n\n\n<p><a href=\"https:\/\/escalar.it\/gabriele-escalar\/\">Avv. Gabriele Escalar<\/a><\/p>\n\n\n\n<p><strong>10.00 &#8211; La valutazione della diligenza del cessionario<\/strong><\/p>\n\n\n\n<ul class=\"wp-block-list\"><li>L\u2019autonomia del credito d\u2019imposta rispetto alla detrazione d\u2019imposta;<\/li><li>Il ruolo dell\u2019Agenzia delle Entrate nella cessione dei crediti;<\/li><li>L\u2019eventuale affidamento di controlli ad un soggetto qualificato.<\/li><\/ul>\n\n\n\n<p><a href=\"https:\/\/escalar.it\/stefano-selbmann\/\">Avv. Stefano Selbmann<\/a><\/p>\n\n\n\n<p><strong>10.30 &#8211; Sequestro penale ed utilizzo dei crediti in compensazione<\/strong><\/p>\n\n\n\n<ul class=\"wp-block-list\"><li>I presupposti per il sequestro preventivo dei crediti;<\/li><li>Gli effetti derivanti dal dissequestro dei crediti;<\/li><li>L\u2019utilizzo in compensazione dei crediti dissequestrati.<\/li><\/ul>\n\n\n\n<p><a href=\"#\">Avv. Lorenzo Contrada<\/a><\/p>\n\n\n\n<p><strong>11.00 &#8211; Question-Time e Dibattito<\/strong><\/p>\n\n\n\n<p>Per partecipare si prega di inviare una richiesta all\u2019indirizzo&nbsp;<a href=\"mailto:segreteriage@escalar.it\">segreteriage@escalar.it<\/a>.<\/p>\n\n\n\n<div class=\"wp-block-file\"><a href=\"https:\/\/escalar.it\/wp-content\/uploads\/2022\/07\/Programma.pdf\">Scarica il Programma<\/a><a href=\"https:\/\/escalar.it\/wp-content\/uploads\/2022\/07\/Programma.pdf\" class=\"wp-block-file__button\" download=\"\">Download<\/a><\/div>\n","protected":false},"excerpt":{"rendered":"<p>Siamo lieti di comunicare che il 21 luglio 2022 dalle ore 9:30 alle ore 11:30, si terr\u00e0 in videoconferenza un web meeting avente ad oggetto\u00a0le Criticit\u00e0 delle nuove indicazioni dell&#8217;AdE sulla responsabilit\u00e0 in tema di utilizzo dei Bonus Fiscali Programma 9.30 &#8211; L\u2019indipendenza del credito d\u2019imposta rispetto alla detrazione Il riconoscimento a titolo originario del&#8230;<\/p>\n","protected":false},"author":6,"featured_media":10794,"comment_status":"open","ping_status":"closed","sticky":false,"template":"","format":"standard","meta":{"footnotes":""},"categories":[33],"tags":[212,186,214,215,213,185],"class_list":["post-10791","post","type-post","status-publish","format-standard","has-post-thumbnail","hentry","category-news","tag-212","tag-bonus-fiscali","tag-credito-dimposta","tag-detrazione","tag-sequestro-penale","tag-superbonus"],"yoast_head":"<!-- This site is optimized with the Yoast SEO plugin v27.5 - https:\/\/yoast.com\/product\/yoast-seo-wordpress\/ -->\n<title>Web Meeting sulle Criticit\u00e0 delle nuove indicazioni dell&#039;AdE sulla responsabilit\u00e0 in tema di utilizzo dei Bonus Fiscali &#8211; Escalar e Associati<\/title>\n<meta name=\"description\" content=\"Il 21 luglio 2022 si terr\u00e0 un web meeting sulle Criticit\u00e0 delle nuove indicazioni dell&#039;AdE sulla responsabilit\u00e0 in tema di utilizzo dei Bonus Fiscali.\" \/>\n<meta name=\"robots\" content=\"index, follow, max-snippet:-1, max-image-preview:large, max-video-preview:-1\" \/>\n<link rel=\"canonical\" href=\"https:\/\/escalar.it\/en\/news\/web-meeting-sulle-criticita-delle-nuove-indicazioni-dellade-sulla-responsabilita-in-tema-di-utilizzo-dei-bonus-fiscali\/10791\/\" \/>\n<meta property=\"og:locale\" content=\"en_US\" \/>\n<meta property=\"og:type\" content=\"article\" \/>\n<meta property=\"og:title\" content=\"Web Meeting sulle Criticit\u00e0 delle nuove indicazioni dell&#039;AdE sulla responsabilit\u00e0 in tema di utilizzo dei Bonus Fiscali &#8211; Escalar e Associati\" \/>\n<meta property=\"og:description\" content=\"Il 21 luglio 2022 si terr\u00e0 un web meeting sulle Criticit\u00e0 delle nuove indicazioni dell&#039;AdE sulla responsabilit\u00e0 in tema di utilizzo dei Bonus Fiscali.\" \/>\n<meta property=\"og:url\" content=\"https:\/\/escalar.it\/en\/news\/web-meeting-sulle-criticita-delle-nuove-indicazioni-dellade-sulla-responsabilita-in-tema-di-utilizzo-dei-bonus-fiscali\/10791\/\" \/>\n<meta property=\"og:site_name\" content=\"Escalar e Associati\" \/>\n<meta property=\"article:publisher\" content=\"https:\/\/www.facebook.com\/escalareassociati\/\" \/>\n<meta property=\"article:published_time\" content=\"2022-07-06T16:57:20+00:00\" \/>\n<meta property=\"article:modified_time\" content=\"2022-07-06T16:57:22+00:00\" \/>\n<meta property=\"og:image\" content=\"https:\/\/escalar.it\/wp-content\/uploads\/2022\/07\/superbonus-bis.jpg\" \/>\n\t<meta property=\"og:image:width\" content=\"1920\" \/>\n\t<meta property=\"og:image:height\" content=\"1000\" \/>\n\t<meta property=\"og:image:type\" content=\"image\/jpeg\" \/>\n<meta name=\"author\" content=\"Escalar e Associati\" \/>\n<meta name=\"twitter:card\" content=\"summary_large_image\" \/>\n<meta name=\"twitter:label1\" content=\"Written by\" \/>\n\t<meta name=\"twitter:data1\" content=\"Escalar e Associati\" \/>\n\t<meta name=\"twitter:label2\" content=\"Est. reading time\" \/>\n\t<meta name=\"twitter:data2\" content=\"1 minute\" \/>\n<script type=\"application\/ld+json\" class=\"yoast-schema-graph\">{\"@context\":\"https:\\\/\\\/schema.org\",\"@graph\":[{\"@type\":\"Article\",\"@id\":\"https:\\\/\\\/escalar.it\\\/en\\\/news\\\/web-meeting-sulle-criticita-delle-nuove-indicazioni-dellade-sulla-responsabilita-in-tema-di-utilizzo-dei-bonus-fiscali\\\/10791\\\/#article\",\"isPartOf\":{\"@id\":\"https:\\\/\\\/escalar.it\\\/en\\\/news\\\/web-meeting-sulle-criticita-delle-nuove-indicazioni-dellade-sulla-responsabilita-in-tema-di-utilizzo-dei-bonus-fiscali\\\/10791\\\/\"},\"author\":{\"name\":\"Escalar e Associati\",\"@id\":\"https:\\\/\\\/escalar.it\\\/en\\\/#\\\/schema\\\/person\\\/b77edfcf5ba59fe1ab3326f708e27cc3\"},\"headline\":\"Web Meeting sulle Criticit\u00e0 delle nuove indicazioni dell&#8217;AdE sulla responsabilit\u00e0 in tema di utilizzo dei Bonus Fiscali\",\"datePublished\":\"2022-07-06T16:57:20+00:00\",\"dateModified\":\"2022-07-06T16:57:22+00:00\",\"mainEntityOfPage\":{\"@id\":\"https:\\\/\\\/escalar.it\\\/en\\\/news\\\/web-meeting-sulle-criticita-delle-nuove-indicazioni-dellade-sulla-responsabilita-in-tema-di-utilizzo-dei-bonus-fiscali\\\/10791\\\/\"},\"wordCount\":200,\"commentCount\":0,\"publisher\":{\"@id\":\"https:\\\/\\\/escalar.it\\\/en\\\/#organization\"},\"image\":{\"@id\":\"https:\\\/\\\/escalar.it\\\/en\\\/news\\\/web-meeting-sulle-criticita-delle-nuove-indicazioni-dellade-sulla-responsabilita-in-tema-di-utilizzo-dei-bonus-fiscali\\\/10791\\\/#primaryimage\"},\"thumbnailUrl\":\"https:\\\/\\\/escalar.it\\\/wp-content\\\/uploads\\\/2022\\\/07\\\/superbonus-bis.jpg\",\"keywords\":[\"110%\",\"bonus fiscali\",\"credito d&#039;imposta\",\"detrazione\",\"sequestro penale\",\"superbonus\"],\"articleSection\":[\"Gli Eventi\"],\"inLanguage\":\"en-US\",\"potentialAction\":[{\"@type\":\"CommentAction\",\"name\":\"Comment\",\"target\":[\"https:\\\/\\\/escalar.it\\\/en\\\/news\\\/web-meeting-sulle-criticita-delle-nuove-indicazioni-dellade-sulla-responsabilita-in-tema-di-utilizzo-dei-bonus-fiscali\\\/10791\\\/#respond\"]}]},{\"@type\":\"WebPage\",\"@id\":\"https:\\\/\\\/escalar.it\\\/en\\\/news\\\/web-meeting-sulle-criticita-delle-nuove-indicazioni-dellade-sulla-responsabilita-in-tema-di-utilizzo-dei-bonus-fiscali\\\/10791\\\/\",\"url\":\"https:\\\/\\\/escalar.it\\\/en\\\/news\\\/web-meeting-sulle-criticita-delle-nuove-indicazioni-dellade-sulla-responsabilita-in-tema-di-utilizzo-dei-bonus-fiscali\\\/10791\\\/\",\"name\":\"Web Meeting sulle Criticit\u00e0 delle nuove indicazioni dell'AdE sulla responsabilit\u00e0 in tema di utilizzo dei Bonus Fiscali &#8211; Escalar e Associati\",\"isPartOf\":{\"@id\":\"https:\\\/\\\/escalar.it\\\/en\\\/#website\"},\"primaryImageOfPage\":{\"@id\":\"https:\\\/\\\/escalar.it\\\/en\\\/news\\\/web-meeting-sulle-criticita-delle-nuove-indicazioni-dellade-sulla-responsabilita-in-tema-di-utilizzo-dei-bonus-fiscali\\\/10791\\\/#primaryimage\"},\"image\":{\"@id\":\"https:\\\/\\\/escalar.it\\\/en\\\/news\\\/web-meeting-sulle-criticita-delle-nuove-indicazioni-dellade-sulla-responsabilita-in-tema-di-utilizzo-dei-bonus-fiscali\\\/10791\\\/#primaryimage\"},\"thumbnailUrl\":\"https:\\\/\\\/escalar.it\\\/wp-content\\\/uploads\\\/2022\\\/07\\\/superbonus-bis.jpg\",\"datePublished\":\"2022-07-06T16:57:20+00:00\",\"dateModified\":\"2022-07-06T16:57:22+00:00\",\"description\":\"Il 21 luglio 2022 si terr\u00e0 un web meeting sulle Criticit\u00e0 delle nuove indicazioni dell'AdE sulla responsabilit\u00e0 in tema di utilizzo dei Bonus Fiscali.\",\"breadcrumb\":{\"@id\":\"https:\\\/\\\/escalar.it\\\/en\\\/news\\\/web-meeting-sulle-criticita-delle-nuove-indicazioni-dellade-sulla-responsabilita-in-tema-di-utilizzo-dei-bonus-fiscali\\\/10791\\\/#breadcrumb\"},\"inLanguage\":\"en-US\",\"potentialAction\":[{\"@type\":\"ReadAction\",\"target\":[\"https:\\\/\\\/escalar.it\\\/en\\\/news\\\/web-meeting-sulle-criticita-delle-nuove-indicazioni-dellade-sulla-responsabilita-in-tema-di-utilizzo-dei-bonus-fiscali\\\/10791\\\/\"]}]},{\"@type\":\"ImageObject\",\"inLanguage\":\"en-US\",\"@id\":\"https:\\\/\\\/escalar.it\\\/en\\\/news\\\/web-meeting-sulle-criticita-delle-nuove-indicazioni-dellade-sulla-responsabilita-in-tema-di-utilizzo-dei-bonus-fiscali\\\/10791\\\/#primaryimage\",\"url\":\"https:\\\/\\\/escalar.it\\\/wp-content\\\/uploads\\\/2022\\\/07\\\/superbonus-bis.jpg\",\"contentUrl\":\"https:\\\/\\\/escalar.it\\\/wp-content\\\/uploads\\\/2022\\\/07\\\/superbonus-bis.jpg\",\"width\":1920,\"height\":1000},{\"@type\":\"BreadcrumbList\",\"@id\":\"https:\\\/\\\/escalar.it\\\/en\\\/news\\\/web-meeting-sulle-criticita-delle-nuove-indicazioni-dellade-sulla-responsabilita-in-tema-di-utilizzo-dei-bonus-fiscali\\\/10791\\\/#breadcrumb\",\"itemListElement\":[{\"@type\":\"ListItem\",\"position\":1,\"name\":\"Home\",\"item\":\"https:\\\/\\\/escalar.it\\\/en\\\/\"},{\"@type\":\"ListItem\",\"position\":2,\"name\":\"Web Meeting sulle Criticit\u00e0 delle nuove indicazioni dell&#8217;AdE sulla responsabilit\u00e0 in tema di utilizzo dei Bonus Fiscali\"}]},{\"@type\":\"WebSite\",\"@id\":\"https:\\\/\\\/escalar.it\\\/en\\\/#website\",\"url\":\"https:\\\/\\\/escalar.it\\\/en\\\/\",\"name\":\"Escalar e Associati\",\"description\":\"\",\"publisher\":{\"@id\":\"https:\\\/\\\/escalar.it\\\/en\\\/#organization\"},\"potentialAction\":[{\"@type\":\"SearchAction\",\"target\":{\"@type\":\"EntryPoint\",\"urlTemplate\":\"https:\\\/\\\/escalar.it\\\/en\\\/?s={search_term_string}\"},\"query-input\":{\"@type\":\"PropertyValueSpecification\",\"valueRequired\":true,\"valueName\":\"search_term_string\"}}],\"inLanguage\":\"en-US\"},{\"@type\":\"Organization\",\"@id\":\"https:\\\/\\\/escalar.it\\\/en\\\/#organization\",\"name\":\"Escalar e Associati - Studio Legale e Tributario\",\"url\":\"https:\\\/\\\/escalar.it\\\/en\\\/\",\"logo\":{\"@type\":\"ImageObject\",\"inLanguage\":\"en-US\",\"@id\":\"https:\\\/\\\/escalar.it\\\/en\\\/#\\\/schema\\\/logo\\\/image\\\/\",\"url\":\"https:\\\/\\\/escalar.it\\\/wp-content\\\/uploads\\\/2019\\\/03\\\/logo-big.png\",\"contentUrl\":\"https:\\\/\\\/escalar.it\\\/wp-content\\\/uploads\\\/2019\\\/03\\\/logo-big.png\",\"width\":1592,\"height\":655,\"caption\":\"Escalar e Associati - Studio Legale e Tributario\"},\"image\":{\"@id\":\"https:\\\/\\\/escalar.it\\\/en\\\/#\\\/schema\\\/logo\\\/image\\\/\"},\"sameAs\":[\"https:\\\/\\\/www.facebook.com\\\/escalareassociati\\\/\",\"https:\\\/\\\/www.linkedin.com\\\/company\\\/escalar-e-associati\\\/\"]},{\"@type\":\"Person\",\"@id\":\"https:\\\/\\\/escalar.it\\\/en\\\/#\\\/schema\\\/person\\\/b77edfcf5ba59fe1ab3326f708e27cc3\",\"name\":\"Escalar e Associati\",\"image\":{\"@type\":\"ImageObject\",\"inLanguage\":\"en-US\",\"@id\":\"https:\\\/\\\/secure.gravatar.com\\\/avatar\\\/d5e4e3c75179a28864f62a0be41fe3da1911c3209cd5d9b8df5afa07dc07fb47?s=96&d=mm&r=g\",\"url\":\"https:\\\/\\\/secure.gravatar.com\\\/avatar\\\/d5e4e3c75179a28864f62a0be41fe3da1911c3209cd5d9b8df5afa07dc07fb47?s=96&d=mm&r=g\",\"contentUrl\":\"https:\\\/\\\/secure.gravatar.com\\\/avatar\\\/d5e4e3c75179a28864f62a0be41fe3da1911c3209cd5d9b8df5afa07dc07fb47?s=96&d=mm&r=g\",\"caption\":\"Escalar e Associati\"},\"sameAs\":[\"http:\\\/\\\/escalar.it\"]}]}<\/script>\n<!-- \/ Yoast SEO plugin. -->","yoast_head_json":{"title":"Web Meeting sulle Criticit\u00e0 delle nuove indicazioni dell'AdE sulla responsabilit\u00e0 in tema di utilizzo dei Bonus Fiscali &#8211; Escalar e Associati","description":"Il 21 luglio 2022 si terr\u00e0 un web meeting sulle Criticit\u00e0 delle nuove indicazioni dell'AdE sulla responsabilit\u00e0 in tema di utilizzo dei Bonus Fiscali.","robots":{"index":"index","follow":"follow","max-snippet":"max-snippet:-1","max-image-preview":"max-image-preview:large","max-video-preview":"max-video-preview:-1"},"canonical":"https:\/\/escalar.it\/en\/news\/web-meeting-sulle-criticita-delle-nuove-indicazioni-dellade-sulla-responsabilita-in-tema-di-utilizzo-dei-bonus-fiscali\/10791\/","og_locale":"en_US","og_type":"article","og_title":"Web Meeting sulle Criticit\u00e0 delle nuove indicazioni dell'AdE sulla responsabilit\u00e0 in tema di utilizzo dei Bonus Fiscali &#8211; Escalar e Associati","og_description":"Il 21 luglio 2022 si terr\u00e0 un web meeting sulle Criticit\u00e0 delle nuove indicazioni dell'AdE sulla responsabilit\u00e0 in tema di utilizzo dei Bonus Fiscali.","og_url":"https:\/\/escalar.it\/en\/news\/web-meeting-sulle-criticita-delle-nuove-indicazioni-dellade-sulla-responsabilita-in-tema-di-utilizzo-dei-bonus-fiscali\/10791\/","og_site_name":"Escalar e Associati","article_publisher":"https:\/\/www.facebook.com\/escalareassociati\/","article_published_time":"2022-07-06T16:57:20+00:00","article_modified_time":"2022-07-06T16:57:22+00:00","og_image":[{"width":1920,"height":1000,"url":"https:\/\/escalar.it\/wp-content\/uploads\/2022\/07\/superbonus-bis.jpg","type":"image\/jpeg"}],"author":"Escalar e Associati","twitter_card":"summary_large_image","twitter_misc":{"Written by":"Escalar e Associati","Est. reading time":"1 minute"},"schema":{"@context":"https:\/\/schema.org","@graph":[{"@type":"Article","@id":"https:\/\/escalar.it\/en\/news\/web-meeting-sulle-criticita-delle-nuove-indicazioni-dellade-sulla-responsabilita-in-tema-di-utilizzo-dei-bonus-fiscali\/10791\/#article","isPartOf":{"@id":"https:\/\/escalar.it\/en\/news\/web-meeting-sulle-criticita-delle-nuove-indicazioni-dellade-sulla-responsabilita-in-tema-di-utilizzo-dei-bonus-fiscali\/10791\/"},"author":{"name":"Escalar e Associati","@id":"https:\/\/escalar.it\/en\/#\/schema\/person\/b77edfcf5ba59fe1ab3326f708e27cc3"},"headline":"Web Meeting sulle Criticit\u00e0 delle nuove indicazioni dell&#8217;AdE sulla responsabilit\u00e0 in tema di utilizzo dei Bonus Fiscali","datePublished":"2022-07-06T16:57:20+00:00","dateModified":"2022-07-06T16:57:22+00:00","mainEntityOfPage":{"@id":"https:\/\/escalar.it\/en\/news\/web-meeting-sulle-criticita-delle-nuove-indicazioni-dellade-sulla-responsabilita-in-tema-di-utilizzo-dei-bonus-fiscali\/10791\/"},"wordCount":200,"commentCount":0,"publisher":{"@id":"https:\/\/escalar.it\/en\/#organization"},"image":{"@id":"https:\/\/escalar.it\/en\/news\/web-meeting-sulle-criticita-delle-nuove-indicazioni-dellade-sulla-responsabilita-in-tema-di-utilizzo-dei-bonus-fiscali\/10791\/#primaryimage"},"thumbnailUrl":"https:\/\/escalar.it\/wp-content\/uploads\/2022\/07\/superbonus-bis.jpg","keywords":["110%","bonus fiscali","credito d&#039;imposta","detrazione","sequestro penale","superbonus"],"articleSection":["Gli Eventi"],"inLanguage":"en-US","potentialAction":[{"@type":"CommentAction","name":"Comment","target":["https:\/\/escalar.it\/en\/news\/web-meeting-sulle-criticita-delle-nuove-indicazioni-dellade-sulla-responsabilita-in-tema-di-utilizzo-dei-bonus-fiscali\/10791\/#respond"]}]},{"@type":"WebPage","@id":"https:\/\/escalar.it\/en\/news\/web-meeting-sulle-criticita-delle-nuove-indicazioni-dellade-sulla-responsabilita-in-tema-di-utilizzo-dei-bonus-fiscali\/10791\/","url":"https:\/\/escalar.it\/en\/news\/web-meeting-sulle-criticita-delle-nuove-indicazioni-dellade-sulla-responsabilita-in-tema-di-utilizzo-dei-bonus-fiscali\/10791\/","name":"Web Meeting sulle Criticit\u00e0 delle nuove indicazioni dell'AdE sulla responsabilit\u00e0 in tema di utilizzo dei Bonus Fiscali &#8211; Escalar e Associati","isPartOf":{"@id":"https:\/\/escalar.it\/en\/#website"},"primaryImageOfPage":{"@id":"https:\/\/escalar.it\/en\/news\/web-meeting-sulle-criticita-delle-nuove-indicazioni-dellade-sulla-responsabilita-in-tema-di-utilizzo-dei-bonus-fiscali\/10791\/#primaryimage"},"image":{"@id":"https:\/\/escalar.it\/en\/news\/web-meeting-sulle-criticita-delle-nuove-indicazioni-dellade-sulla-responsabilita-in-tema-di-utilizzo-dei-bonus-fiscali\/10791\/#primaryimage"},"thumbnailUrl":"https:\/\/escalar.it\/wp-content\/uploads\/2022\/07\/superbonus-bis.jpg","datePublished":"2022-07-06T16:57:20+00:00","dateModified":"2022-07-06T16:57:22+00:00","description":"Il 21 luglio 2022 si terr\u00e0 un web meeting sulle Criticit\u00e0 delle nuove indicazioni dell'AdE sulla responsabilit\u00e0 in tema di utilizzo dei Bonus Fiscali.","breadcrumb":{"@id":"https:\/\/escalar.it\/en\/news\/web-meeting-sulle-criticita-delle-nuove-indicazioni-dellade-sulla-responsabilita-in-tema-di-utilizzo-dei-bonus-fiscali\/10791\/#breadcrumb"},"inLanguage":"en-US","potentialAction":[{"@type":"ReadAction","target":["https:\/\/escalar.it\/en\/news\/web-meeting-sulle-criticita-delle-nuove-indicazioni-dellade-sulla-responsabilita-in-tema-di-utilizzo-dei-bonus-fiscali\/10791\/"]}]},{"@type":"ImageObject","inLanguage":"en-US","@id":"https:\/\/escalar.it\/en\/news\/web-meeting-sulle-criticita-delle-nuove-indicazioni-dellade-sulla-responsabilita-in-tema-di-utilizzo-dei-bonus-fiscali\/10791\/#primaryimage","url":"https:\/\/escalar.it\/wp-content\/uploads\/2022\/07\/superbonus-bis.jpg","contentUrl":"https:\/\/escalar.it\/wp-content\/uploads\/2022\/07\/superbonus-bis.jpg","width":1920,"height":1000},{"@type":"BreadcrumbList","@id":"https:\/\/escalar.it\/en\/news\/web-meeting-sulle-criticita-delle-nuove-indicazioni-dellade-sulla-responsabilita-in-tema-di-utilizzo-dei-bonus-fiscali\/10791\/#breadcrumb","itemListElement":[{"@type":"ListItem","position":1,"name":"Home","item":"https:\/\/escalar.it\/en\/"},{"@type":"ListItem","position":2,"name":"Web Meeting sulle Criticit\u00e0 delle nuove indicazioni dell&#8217;AdE sulla responsabilit\u00e0 in tema di utilizzo dei Bonus Fiscali"}]},{"@type":"WebSite","@id":"https:\/\/escalar.it\/en\/#website","url":"https:\/\/escalar.it\/en\/","name":"Escalar e Associati","description":"","publisher":{"@id":"https:\/\/escalar.it\/en\/#organization"},"potentialAction":[{"@type":"SearchAction","target":{"@type":"EntryPoint","urlTemplate":"https:\/\/escalar.it\/en\/?s={search_term_string}"},"query-input":{"@type":"PropertyValueSpecification","valueRequired":true,"valueName":"search_term_string"}}],"inLanguage":"en-US"},{"@type":"Organization","@id":"https:\/\/escalar.it\/en\/#organization","name":"Escalar e Associati - Studio Legale e Tributario","url":"https:\/\/escalar.it\/en\/","logo":{"@type":"ImageObject","inLanguage":"en-US","@id":"https:\/\/escalar.it\/en\/#\/schema\/logo\/image\/","url":"https:\/\/escalar.it\/wp-content\/uploads\/2019\/03\/logo-big.png","contentUrl":"https:\/\/escalar.it\/wp-content\/uploads\/2019\/03\/logo-big.png","width":1592,"height":655,"caption":"Escalar e Associati - Studio Legale e Tributario"},"image":{"@id":"https:\/\/escalar.it\/en\/#\/schema\/logo\/image\/"},"sameAs":["https:\/\/www.facebook.com\/escalareassociati\/","https:\/\/www.linkedin.com\/company\/escalar-e-associati\/"]},{"@type":"Person","@id":"https:\/\/escalar.it\/en\/#\/schema\/person\/b77edfcf5ba59fe1ab3326f708e27cc3","name":"Escalar e Associati","image":{"@type":"ImageObject","inLanguage":"en-US","@id":"https:\/\/secure.gravatar.com\/avatar\/d5e4e3c75179a28864f62a0be41fe3da1911c3209cd5d9b8df5afa07dc07fb47?s=96&d=mm&r=g","url":"https:\/\/secure.gravatar.com\/avatar\/d5e4e3c75179a28864f62a0be41fe3da1911c3209cd5d9b8df5afa07dc07fb47?s=96&d=mm&r=g","contentUrl":"https:\/\/secure.gravatar.com\/avatar\/d5e4e3c75179a28864f62a0be41fe3da1911c3209cd5d9b8df5afa07dc07fb47?s=96&d=mm&r=g","caption":"Escalar e Associati"},"sameAs":["http:\/\/escalar.it"]}]}},"_links":{"self":[{"href":"https:\/\/escalar.it\/en\/wp-json\/wp\/v2\/posts\/10791","targetHints":{"allow":["GET"]}}],"collection":[{"href":"https:\/\/escalar.it\/en\/wp-json\/wp\/v2\/posts"}],"about":[{"href":"https:\/\/escalar.it\/en\/wp-json\/wp\/v2\/types\/post"}],"author":[{"embeddable":true,"href":"https:\/\/escalar.it\/en\/wp-json\/wp\/v2\/users\/6"}],"replies":[{"embeddable":true,"href":"https:\/\/escalar.it\/en\/wp-json\/wp\/v2\/comments?post=10791"}],"version-history":[{"count":0,"href":"https:\/\/escalar.it\/en\/wp-json\/wp\/v2\/posts\/10791\/revisions"}],"wp:featuredmedia":[{"embeddable":true,"href":"https:\/\/escalar.it\/en\/wp-json\/wp\/v2\/media\/10794"}],"wp:attachment":[{"href":"https:\/\/escalar.it\/en\/wp-json\/wp\/v2\/media?parent=10791"}],"wp:term":[{"taxonomy":"category","embeddable":true,"href":"https:\/\/escalar.it\/en\/wp-json\/wp\/v2\/categories?post=10791"},{"taxonomy":"post_tag","embeddable":true,"href":"https:\/\/escalar.it\/en\/wp-json\/wp\/v2\/tags?post=10791"}],"curies":[{"name":"wp","href":"https:\/\/api.w.org\/{rel}","templated":true}]}}