{"id":10742,"date":"2022-04-14T10:00:00","date_gmt":"2022-04-14T09:00:00","guid":{"rendered":"https:\/\/escalar.it\/?p=10742"},"modified":"2022-04-13T19:23:11","modified_gmt":"2022-04-13T18:23:11","slug":"imposta-fissa-di-registro-sulle-sentenze-che-si-pronunciano-sulle-opposizioni-relative-a-crediti-gia-ammessi-allo-stato-passivo-dellamministrazione-straordinaria","status":"publish","type":"post","link":"https:\/\/escalar.it\/en\/giurisprudenza\/imposta-fissa-di-registro-sulle-sentenze-che-si-pronunciano-sulle-opposizioni-relative-a-crediti-gia-ammessi-allo-stato-passivo-dellamministrazione-straordinaria\/10742\/","title":{"rendered":"Imposta fissa di registro sulle sentenze che si pronunciano sulle opposizioni relative a crediti gi\u00e0 ammessi allo stato passivo dell\u2019amministrazione straordinaria"},"content":{"rendered":"<style type=\"text\/css\" data-type=\"vc_cmsms_shortcodes-custom-css\"><\/style>\n<p>Con l\u2019ordinanza n. 11841\/2022 del 12 aprile 2022 la Corte di Cassazione ha confermato l\u2019assoggettabilit\u00e0 ad imposta fissa di registro delle sentenze che si pronunciano sulle opposizioni relative ai crediti gi\u00e0 ammessi allo stato passivo delle procedure di amministrazione straordinaria, non solo perch\u00e9 tali sentenze non recano un accertamento di diritti a contenuto patrimoniale, ma anche perch\u00e9, come pure eccepito nel nostro controricorso, non \u00e8 assoggettabile ad imposta di registro proporzionale il precedente provvedimento di ammissione del credito per la sua natura amministrativa e, comunque, per il principio di alternativit\u00e0 con l\u2019IVA.<\/p>\n\n\n\n<p>Nel caso oggetto del giudizio una Banca aveva presentato opposizione al provvedimento di ammissione di crediti derivanti da precedenti finanziamenti allo stato passivo di una societ\u00e0 in amministrazione straordinaria per ottenere l\u2019eliminazione della condizione di preventiva escussione delle fideiussioni ed il riconoscimento del rango ipotecario di tali crediti.<\/p>\n\n\n\n<p>Il Tribunale, pronunciandosi su tale opposizione, l\u2019aveva accolta soltanto parzialmente, confermando l\u2019ammissione dei predetti crediti al rango chirografario, ma eliminando la condizione di preventiva escussione.<\/p>\n\n\n\n<p>Senonch\u00e9 l\u2019Agenzia delle Entrate aveva preteso di assoggettare tale sentenza ad imposta di registro con aliquota proporzionale dell\u20191 per cento ai sensi della lett. c) dell\u2019art. 8, comma 1, della Tariffa, parte prima, allegata al TUR, lamentando che non era stato assoggettato a tale imposta il precedente provvedimento di ammissione al passivo dei crediti della Banca.<\/p>\n\n\n\n<p>Ebbene, con la richiamata ordinanza la Corte di Cassazione, confermando la sentenza d\u2019appello che aveva annullato l\u2019avviso di liquidazione emesso dall\u2019Ufficio, oltre ad aver riconosciuto che la sentenza registrata non contiene alcun accertamento di diritti a contenuto patrimoniale, essendosi limitata ad espungere la condizione di preventiva escussione delle fideiussioni e ad escludere il rango ipotecario di crediti gi\u00e0 ammessi allo stato passivo, ha escluso che assuma rilevanza il mancato previo assoggettamento ad imposta proporzionale di registro del provvedimento di ammissione al passivo dei crediti della banca per due ordini di ragioni.<\/p>\n\n\n\n<p>In primo luogo, la Suprema Corte non solo ha ribadito che \u201c<em>\u2026 ove oggetto di imposta \u00e8 la sentenza che ha accertato la diversa natura del credito gi\u00e0 ammesso al passivo, non pu\u00f2 essere pretesa l\u2019imposta sul presupposto della asserita mancata registrazione di un atto affatto diverso, ovvero il decreto di ammissione allo stato passivo<\/em>\u201d, ma ha altres\u00ec sottolineato che, nel caso di specie, \u201c<em>\u00e8 dirimente il rilievo che l\u2019ammissione allo stato passivo non riguarda un fallimento \u2026 ma un\u2019amministrazione straordinaria delle grandi imprese in crisi<\/em>\u201d. Ed infatti, in tal caso, \u201c<em>avendo natura di atto amministrativo, lo stato passivo formato dal commissario straordinario nell\u2019amministrazione straordinaria \u2026 non ha carattere giurisdizionale<\/em>\u201d e, dunque, \u201c<em>come \u00e8 stato rilevato dalla contribuente, nessun provvedimento di natura giudiziale poteva essere stato adottato sull\u2019ammissione dei crediti allo stato passivo<\/em>\u201d. Di conseguenza, a suo avviso, in tale ipotesi \u201c<em>non c\u2019\u00e8 un decreto giudiziale di ammissione allo stato passivo da sottoporre a registrazione (con l\u2019aliquota proporzionale) prima della sentenza resa sull\u2019opposizione allo stato passivo e l\u2019atto amministrativo di formazione dello stato passivo da parte del commissario straordinario \u00e8 esente da registrazione (art. 1 della tabella allegata al D.P.R. 26 aprile 1986 n., 131)<\/em>\u201d.<\/p>\n\n\n\n<p>In secondo luogo, la Corte di Cassazione ha rimarcato che, in ogni caso, a seguito della sentenza della Corte Costituzionale n. 177\/2017 \u201c<em>la diversit\u00e0 rispetto all\u2019ordinaria procedura fallimentare della procedura di amministrazione straordinaria \u2026 viene a perdere ogni rilievo<\/em>\u201d in quanto \u201c<em>ci\u00f2 che assume valore determinante \u00e8 l\u2019applicazione del principio di alternativit\u00e0 tra IVA e imposta di registro allorch\u00e9 il credito oggetto dell\u2019accertamento derivi da operazioni di finanziamento nell\u2019esercizio dell\u2019attivit\u00e0 bancaria \u2026<\/em>\u201d. Pertanto essa ha confermato che \u201c<em>nella specie \u2026 il giudice di appello si \u00e8 uniformato ai principi enunciati, avendo escluso l\u2019applicazione dell\u2019imposta proporzionale di registro nella misura dell\u20191%, sia in relazione al contenuto della pronunzia resa sulla collocazione del credito gi\u00e0 ammesso al passivo (con provvedimento amministrativo dal commissario straordinario), che in relazione all\u2019operativit\u00e0 del principio di alternativit\u00e0 per le operazioni soggette ad IVA in ragione della sentenza della Corte Costituzionale n. 177 del 2017<\/em>\u201d.<\/p>\n\n\n\n<div class=\"wp-block-file\"><a href=\"https:\/\/escalar.it\/wp-content\/uploads\/2022\/04\/Ordinanza-n.-11841-2022-Cassazione.pdf\">Scarica la Sentenza<\/a><a href=\"https:\/\/escalar.it\/wp-content\/uploads\/2022\/04\/Ordinanza-n.-11841-2022-Cassazione.pdf\" class=\"wp-block-file__button\" download=\"\">Download<\/a><\/div>\n","protected":false},"excerpt":{"rendered":"<p>Con l\u2019ordinanza n. 11841\/2022 del 12 aprile 2022 la Corte di Cassazione ha confermato l\u2019assoggettabilit\u00e0 ad imposta fissa di registro delle sentenze che si pronunciano sulle opposizioni relative ai crediti gi\u00e0 ammessi allo stato passivo delle procedure di amministrazione straordinaria, non solo perch\u00e9 tali sentenze non recano un accertamento di diritti a contenuto patrimoniale, ma&#8230;<\/p>\n","protected":false},"author":6,"featured_media":9608,"comment_status":"open","ping_status":"closed","sticky":false,"template":"","format":"standard","meta":{"footnotes":""},"categories":[32],"tags":[201,54,202],"class_list":["post-10742","post","type-post","status-publish","format-standard","has-post-thumbnail","hentry","category-giurisprudenza","tag-amministrazione-straordinaria","tag-imposta-di-registro","tag-opposizione-allo-stato-passivo"],"yoast_head":"<!-- This site is optimized with the Yoast SEO plugin v27.5 - https:\/\/yoast.com\/product\/yoast-seo-wordpress\/ -->\n<title>Imposta fissa di registro sulle sentenze che si pronunciano sulle opposizioni relative a crediti gi\u00e0 ammessi allo stato passivo dell\u2019amministrazione straordinaria &#8211; Escalar e Associati<\/title>\n<meta name=\"description\" content=\"Con l\u2019ordinanza n. 11841\/2022 la Cassazione ha confermato l\u2019assoggettabilit\u00e0 ad imposta fissa di registro delle sentenze sulle opposizioni relative ai crediti gi\u00e0 ammessi allo stato passivo\" \/>\n<meta name=\"robots\" content=\"index, follow, max-snippet:-1, max-image-preview:large, max-video-preview:-1\" \/>\n<link rel=\"canonical\" href=\"https:\/\/escalar.it\/en\/giurisprudenza\/imposta-fissa-di-registro-sulle-sentenze-che-si-pronunciano-sulle-opposizioni-relative-a-crediti-gia-ammessi-allo-stato-passivo-dellamministrazione-straordinaria\/10742\/\" \/>\n<meta property=\"og:locale\" content=\"en_US\" \/>\n<meta property=\"og:type\" content=\"article\" \/>\n<meta property=\"og:title\" content=\"Imposta fissa di registro sulle sentenze che si pronunciano sulle opposizioni relative a crediti gi\u00e0 ammessi allo stato passivo dell\u2019amministrazione straordinaria &#8211; Escalar e Associati\" \/>\n<meta property=\"og:description\" content=\"Con l\u2019ordinanza n. 11841\/2022 la Cassazione ha confermato l\u2019assoggettabilit\u00e0 ad imposta fissa di registro delle sentenze sulle opposizioni relative ai crediti gi\u00e0 ammessi allo stato passivo\" \/>\n<meta property=\"og:url\" content=\"https:\/\/escalar.it\/en\/giurisprudenza\/imposta-fissa-di-registro-sulle-sentenze-che-si-pronunciano-sulle-opposizioni-relative-a-crediti-gia-ammessi-allo-stato-passivo-dellamministrazione-straordinaria\/10742\/\" \/>\n<meta property=\"og:site_name\" content=\"Escalar e Associati\" \/>\n<meta property=\"article:publisher\" content=\"https:\/\/www.facebook.com\/escalareassociati\/\" \/>\n<meta property=\"article:published_time\" content=\"2022-04-14T09:00:00+00:00\" \/>\n<meta property=\"og:image\" content=\"https:\/\/escalar.it\/wp-content\/uploads\/2019\/11\/Roma_2011_08_07_Palazzo_di_Giustizia.jpg\" \/>\n\t<meta property=\"og:image:width\" content=\"2820\" \/>\n\t<meta property=\"og:image:height\" content=\"1880\" \/>\n\t<meta property=\"og:image:type\" content=\"image\/jpeg\" \/>\n<meta name=\"author\" content=\"Escalar e Associati\" \/>\n<meta name=\"twitter:card\" content=\"summary_large_image\" \/>\n<meta name=\"twitter:label1\" content=\"Written by\" \/>\n\t<meta name=\"twitter:data1\" content=\"Escalar e Associati\" \/>\n\t<meta name=\"twitter:label2\" content=\"Est. reading time\" \/>\n\t<meta name=\"twitter:data2\" content=\"4 minutes\" \/>\n<script type=\"application\/ld+json\" class=\"yoast-schema-graph\">{\"@context\":\"https:\\\/\\\/schema.org\",\"@graph\":[{\"@type\":\"Article\",\"@id\":\"https:\\\/\\\/escalar.it\\\/en\\\/giurisprudenza\\\/imposta-fissa-di-registro-sulle-sentenze-che-si-pronunciano-sulle-opposizioni-relative-a-crediti-gia-ammessi-allo-stato-passivo-dellamministrazione-straordinaria\\\/10742\\\/#article\",\"isPartOf\":{\"@id\":\"https:\\\/\\\/escalar.it\\\/en\\\/giurisprudenza\\\/imposta-fissa-di-registro-sulle-sentenze-che-si-pronunciano-sulle-opposizioni-relative-a-crediti-gia-ammessi-allo-stato-passivo-dellamministrazione-straordinaria\\\/10742\\\/\"},\"author\":{\"name\":\"Escalar e Associati\",\"@id\":\"https:\\\/\\\/escalar.it\\\/en\\\/#\\\/schema\\\/person\\\/b77edfcf5ba59fe1ab3326f708e27cc3\"},\"headline\":\"Imposta fissa di registro sulle sentenze che si pronunciano sulle opposizioni relative a crediti gi\u00e0 ammessi allo stato passivo dell\u2019amministrazione straordinaria\",\"datePublished\":\"2022-04-14T09:00:00+00:00\",\"mainEntityOfPage\":{\"@id\":\"https:\\\/\\\/escalar.it\\\/en\\\/giurisprudenza\\\/imposta-fissa-di-registro-sulle-sentenze-che-si-pronunciano-sulle-opposizioni-relative-a-crediti-gia-ammessi-allo-stato-passivo-dellamministrazione-straordinaria\\\/10742\\\/\"},\"wordCount\":684,\"commentCount\":0,\"publisher\":{\"@id\":\"https:\\\/\\\/escalar.it\\\/en\\\/#organization\"},\"image\":{\"@id\":\"https:\\\/\\\/escalar.it\\\/en\\\/giurisprudenza\\\/imposta-fissa-di-registro-sulle-sentenze-che-si-pronunciano-sulle-opposizioni-relative-a-crediti-gia-ammessi-allo-stato-passivo-dellamministrazione-straordinaria\\\/10742\\\/#primaryimage\"},\"thumbnailUrl\":\"https:\\\/\\\/escalar.it\\\/wp-content\\\/uploads\\\/2019\\\/11\\\/Roma_2011_08_07_Palazzo_di_Giustizia.jpg\",\"keywords\":[\"amministrazione straordinaria\",\"imposta di registro\",\"opposizione allo stato passivo\"],\"articleSection\":[\"Le Sentenze\"],\"inLanguage\":\"en-US\",\"potentialAction\":[{\"@type\":\"CommentAction\",\"name\":\"Comment\",\"target\":[\"https:\\\/\\\/escalar.it\\\/en\\\/giurisprudenza\\\/imposta-fissa-di-registro-sulle-sentenze-che-si-pronunciano-sulle-opposizioni-relative-a-crediti-gia-ammessi-allo-stato-passivo-dellamministrazione-straordinaria\\\/10742\\\/#respond\"]}]},{\"@type\":\"WebPage\",\"@id\":\"https:\\\/\\\/escalar.it\\\/en\\\/giurisprudenza\\\/imposta-fissa-di-registro-sulle-sentenze-che-si-pronunciano-sulle-opposizioni-relative-a-crediti-gia-ammessi-allo-stato-passivo-dellamministrazione-straordinaria\\\/10742\\\/\",\"url\":\"https:\\\/\\\/escalar.it\\\/en\\\/giurisprudenza\\\/imposta-fissa-di-registro-sulle-sentenze-che-si-pronunciano-sulle-opposizioni-relative-a-crediti-gia-ammessi-allo-stato-passivo-dellamministrazione-straordinaria\\\/10742\\\/\",\"name\":\"Imposta fissa di registro sulle sentenze che si pronunciano sulle opposizioni relative a crediti gi\u00e0 ammessi allo stato passivo dell\u2019amministrazione straordinaria &#8211; Escalar e Associati\",\"isPartOf\":{\"@id\":\"https:\\\/\\\/escalar.it\\\/en\\\/#website\"},\"primaryImageOfPage\":{\"@id\":\"https:\\\/\\\/escalar.it\\\/en\\\/giurisprudenza\\\/imposta-fissa-di-registro-sulle-sentenze-che-si-pronunciano-sulle-opposizioni-relative-a-crediti-gia-ammessi-allo-stato-passivo-dellamministrazione-straordinaria\\\/10742\\\/#primaryimage\"},\"image\":{\"@id\":\"https:\\\/\\\/escalar.it\\\/en\\\/giurisprudenza\\\/imposta-fissa-di-registro-sulle-sentenze-che-si-pronunciano-sulle-opposizioni-relative-a-crediti-gia-ammessi-allo-stato-passivo-dellamministrazione-straordinaria\\\/10742\\\/#primaryimage\"},\"thumbnailUrl\":\"https:\\\/\\\/escalar.it\\\/wp-content\\\/uploads\\\/2019\\\/11\\\/Roma_2011_08_07_Palazzo_di_Giustizia.jpg\",\"datePublished\":\"2022-04-14T09:00:00+00:00\",\"description\":\"Con l\u2019ordinanza n. 11841\\\/2022 la Cassazione ha confermato l\u2019assoggettabilit\u00e0 ad imposta fissa di registro delle sentenze sulle opposizioni relative ai crediti gi\u00e0 ammessi allo stato passivo\",\"breadcrumb\":{\"@id\":\"https:\\\/\\\/escalar.it\\\/en\\\/giurisprudenza\\\/imposta-fissa-di-registro-sulle-sentenze-che-si-pronunciano-sulle-opposizioni-relative-a-crediti-gia-ammessi-allo-stato-passivo-dellamministrazione-straordinaria\\\/10742\\\/#breadcrumb\"},\"inLanguage\":\"en-US\",\"potentialAction\":[{\"@type\":\"ReadAction\",\"target\":[\"https:\\\/\\\/escalar.it\\\/en\\\/giurisprudenza\\\/imposta-fissa-di-registro-sulle-sentenze-che-si-pronunciano-sulle-opposizioni-relative-a-crediti-gia-ammessi-allo-stato-passivo-dellamministrazione-straordinaria\\\/10742\\\/\"]}]},{\"@type\":\"ImageObject\",\"inLanguage\":\"en-US\",\"@id\":\"https:\\\/\\\/escalar.it\\\/en\\\/giurisprudenza\\\/imposta-fissa-di-registro-sulle-sentenze-che-si-pronunciano-sulle-opposizioni-relative-a-crediti-gia-ammessi-allo-stato-passivo-dellamministrazione-straordinaria\\\/10742\\\/#primaryimage\",\"url\":\"https:\\\/\\\/escalar.it\\\/wp-content\\\/uploads\\\/2019\\\/11\\\/Roma_2011_08_07_Palazzo_di_Giustizia.jpg\",\"contentUrl\":\"https:\\\/\\\/escalar.it\\\/wp-content\\\/uploads\\\/2019\\\/11\\\/Roma_2011_08_07_Palazzo_di_Giustizia.jpg\",\"width\":2820,\"height\":1880},{\"@type\":\"BreadcrumbList\",\"@id\":\"https:\\\/\\\/escalar.it\\\/en\\\/giurisprudenza\\\/imposta-fissa-di-registro-sulle-sentenze-che-si-pronunciano-sulle-opposizioni-relative-a-crediti-gia-ammessi-allo-stato-passivo-dellamministrazione-straordinaria\\\/10742\\\/#breadcrumb\",\"itemListElement\":[{\"@type\":\"ListItem\",\"position\":1,\"name\":\"Home\",\"item\":\"https:\\\/\\\/escalar.it\\\/en\\\/\"},{\"@type\":\"ListItem\",\"position\":2,\"name\":\"Imposta fissa di registro sulle sentenze che si pronunciano sulle opposizioni relative a crediti gi\u00e0 ammessi allo stato passivo dell\u2019amministrazione straordinaria\"}]},{\"@type\":\"WebSite\",\"@id\":\"https:\\\/\\\/escalar.it\\\/en\\\/#website\",\"url\":\"https:\\\/\\\/escalar.it\\\/en\\\/\",\"name\":\"Escalar e Associati\",\"description\":\"\",\"publisher\":{\"@id\":\"https:\\\/\\\/escalar.it\\\/en\\\/#organization\"},\"potentialAction\":[{\"@type\":\"SearchAction\",\"target\":{\"@type\":\"EntryPoint\",\"urlTemplate\":\"https:\\\/\\\/escalar.it\\\/en\\\/?s={search_term_string}\"},\"query-input\":{\"@type\":\"PropertyValueSpecification\",\"valueRequired\":true,\"valueName\":\"search_term_string\"}}],\"inLanguage\":\"en-US\"},{\"@type\":\"Organization\",\"@id\":\"https:\\\/\\\/escalar.it\\\/en\\\/#organization\",\"name\":\"Escalar e Associati - Studio Legale e Tributario\",\"url\":\"https:\\\/\\\/escalar.it\\\/en\\\/\",\"logo\":{\"@type\":\"ImageObject\",\"inLanguage\":\"en-US\",\"@id\":\"https:\\\/\\\/escalar.it\\\/en\\\/#\\\/schema\\\/logo\\\/image\\\/\",\"url\":\"https:\\\/\\\/escalar.it\\\/wp-content\\\/uploads\\\/2019\\\/03\\\/logo-big.png\",\"contentUrl\":\"https:\\\/\\\/escalar.it\\\/wp-content\\\/uploads\\\/2019\\\/03\\\/logo-big.png\",\"width\":1592,\"height\":655,\"caption\":\"Escalar e Associati - Studio Legale e Tributario\"},\"image\":{\"@id\":\"https:\\\/\\\/escalar.it\\\/en\\\/#\\\/schema\\\/logo\\\/image\\\/\"},\"sameAs\":[\"https:\\\/\\\/www.facebook.com\\\/escalareassociati\\\/\",\"https:\\\/\\\/www.linkedin.com\\\/company\\\/escalar-e-associati\\\/\"]},{\"@type\":\"Person\",\"@id\":\"https:\\\/\\\/escalar.it\\\/en\\\/#\\\/schema\\\/person\\\/b77edfcf5ba59fe1ab3326f708e27cc3\",\"name\":\"Escalar e Associati\",\"image\":{\"@type\":\"ImageObject\",\"inLanguage\":\"en-US\",\"@id\":\"https:\\\/\\\/secure.gravatar.com\\\/avatar\\\/d5e4e3c75179a28864f62a0be41fe3da1911c3209cd5d9b8df5afa07dc07fb47?s=96&d=mm&r=g\",\"url\":\"https:\\\/\\\/secure.gravatar.com\\\/avatar\\\/d5e4e3c75179a28864f62a0be41fe3da1911c3209cd5d9b8df5afa07dc07fb47?s=96&d=mm&r=g\",\"contentUrl\":\"https:\\\/\\\/secure.gravatar.com\\\/avatar\\\/d5e4e3c75179a28864f62a0be41fe3da1911c3209cd5d9b8df5afa07dc07fb47?s=96&d=mm&r=g\",\"caption\":\"Escalar e Associati\"},\"sameAs\":[\"http:\\\/\\\/escalar.it\"]}]}<\/script>\n<!-- \/ Yoast SEO plugin. -->","yoast_head_json":{"title":"Imposta fissa di registro sulle sentenze che si pronunciano sulle opposizioni relative a crediti gi\u00e0 ammessi allo stato passivo dell\u2019amministrazione straordinaria &#8211; Escalar e Associati","description":"Con l\u2019ordinanza n. 11841\/2022 la Cassazione ha confermato l\u2019assoggettabilit\u00e0 ad imposta fissa di registro delle sentenze sulle opposizioni relative ai crediti gi\u00e0 ammessi allo stato passivo","robots":{"index":"index","follow":"follow","max-snippet":"max-snippet:-1","max-image-preview":"max-image-preview:large","max-video-preview":"max-video-preview:-1"},"canonical":"https:\/\/escalar.it\/en\/giurisprudenza\/imposta-fissa-di-registro-sulle-sentenze-che-si-pronunciano-sulle-opposizioni-relative-a-crediti-gia-ammessi-allo-stato-passivo-dellamministrazione-straordinaria\/10742\/","og_locale":"en_US","og_type":"article","og_title":"Imposta fissa di registro sulle sentenze che si pronunciano sulle opposizioni relative a crediti gi\u00e0 ammessi allo stato passivo dell\u2019amministrazione straordinaria &#8211; Escalar e Associati","og_description":"Con l\u2019ordinanza n. 11841\/2022 la Cassazione ha confermato l\u2019assoggettabilit\u00e0 ad imposta fissa di registro delle sentenze sulle opposizioni relative ai crediti gi\u00e0 ammessi allo stato passivo","og_url":"https:\/\/escalar.it\/en\/giurisprudenza\/imposta-fissa-di-registro-sulle-sentenze-che-si-pronunciano-sulle-opposizioni-relative-a-crediti-gia-ammessi-allo-stato-passivo-dellamministrazione-straordinaria\/10742\/","og_site_name":"Escalar e Associati","article_publisher":"https:\/\/www.facebook.com\/escalareassociati\/","article_published_time":"2022-04-14T09:00:00+00:00","og_image":[{"width":2820,"height":1880,"url":"https:\/\/escalar.it\/wp-content\/uploads\/2019\/11\/Roma_2011_08_07_Palazzo_di_Giustizia.jpg","type":"image\/jpeg"}],"author":"Escalar e Associati","twitter_card":"summary_large_image","twitter_misc":{"Written by":"Escalar e Associati","Est. reading time":"4 minutes"},"schema":{"@context":"https:\/\/schema.org","@graph":[{"@type":"Article","@id":"https:\/\/escalar.it\/en\/giurisprudenza\/imposta-fissa-di-registro-sulle-sentenze-che-si-pronunciano-sulle-opposizioni-relative-a-crediti-gia-ammessi-allo-stato-passivo-dellamministrazione-straordinaria\/10742\/#article","isPartOf":{"@id":"https:\/\/escalar.it\/en\/giurisprudenza\/imposta-fissa-di-registro-sulle-sentenze-che-si-pronunciano-sulle-opposizioni-relative-a-crediti-gia-ammessi-allo-stato-passivo-dellamministrazione-straordinaria\/10742\/"},"author":{"name":"Escalar e Associati","@id":"https:\/\/escalar.it\/en\/#\/schema\/person\/b77edfcf5ba59fe1ab3326f708e27cc3"},"headline":"Imposta fissa di registro sulle sentenze che si pronunciano sulle opposizioni relative a crediti gi\u00e0 ammessi allo stato passivo dell\u2019amministrazione straordinaria","datePublished":"2022-04-14T09:00:00+00:00","mainEntityOfPage":{"@id":"https:\/\/escalar.it\/en\/giurisprudenza\/imposta-fissa-di-registro-sulle-sentenze-che-si-pronunciano-sulle-opposizioni-relative-a-crediti-gia-ammessi-allo-stato-passivo-dellamministrazione-straordinaria\/10742\/"},"wordCount":684,"commentCount":0,"publisher":{"@id":"https:\/\/escalar.it\/en\/#organization"},"image":{"@id":"https:\/\/escalar.it\/en\/giurisprudenza\/imposta-fissa-di-registro-sulle-sentenze-che-si-pronunciano-sulle-opposizioni-relative-a-crediti-gia-ammessi-allo-stato-passivo-dellamministrazione-straordinaria\/10742\/#primaryimage"},"thumbnailUrl":"https:\/\/escalar.it\/wp-content\/uploads\/2019\/11\/Roma_2011_08_07_Palazzo_di_Giustizia.jpg","keywords":["amministrazione straordinaria","imposta di registro","opposizione allo stato passivo"],"articleSection":["Le Sentenze"],"inLanguage":"en-US","potentialAction":[{"@type":"CommentAction","name":"Comment","target":["https:\/\/escalar.it\/en\/giurisprudenza\/imposta-fissa-di-registro-sulle-sentenze-che-si-pronunciano-sulle-opposizioni-relative-a-crediti-gia-ammessi-allo-stato-passivo-dellamministrazione-straordinaria\/10742\/#respond"]}]},{"@type":"WebPage","@id":"https:\/\/escalar.it\/en\/giurisprudenza\/imposta-fissa-di-registro-sulle-sentenze-che-si-pronunciano-sulle-opposizioni-relative-a-crediti-gia-ammessi-allo-stato-passivo-dellamministrazione-straordinaria\/10742\/","url":"https:\/\/escalar.it\/en\/giurisprudenza\/imposta-fissa-di-registro-sulle-sentenze-che-si-pronunciano-sulle-opposizioni-relative-a-crediti-gia-ammessi-allo-stato-passivo-dellamministrazione-straordinaria\/10742\/","name":"Imposta fissa di registro sulle sentenze che si pronunciano sulle opposizioni relative a crediti gi\u00e0 ammessi allo stato passivo dell\u2019amministrazione straordinaria &#8211; Escalar e Associati","isPartOf":{"@id":"https:\/\/escalar.it\/en\/#website"},"primaryImageOfPage":{"@id":"https:\/\/escalar.it\/en\/giurisprudenza\/imposta-fissa-di-registro-sulle-sentenze-che-si-pronunciano-sulle-opposizioni-relative-a-crediti-gia-ammessi-allo-stato-passivo-dellamministrazione-straordinaria\/10742\/#primaryimage"},"image":{"@id":"https:\/\/escalar.it\/en\/giurisprudenza\/imposta-fissa-di-registro-sulle-sentenze-che-si-pronunciano-sulle-opposizioni-relative-a-crediti-gia-ammessi-allo-stato-passivo-dellamministrazione-straordinaria\/10742\/#primaryimage"},"thumbnailUrl":"https:\/\/escalar.it\/wp-content\/uploads\/2019\/11\/Roma_2011_08_07_Palazzo_di_Giustizia.jpg","datePublished":"2022-04-14T09:00:00+00:00","description":"Con l\u2019ordinanza n. 11841\/2022 la Cassazione ha confermato l\u2019assoggettabilit\u00e0 ad imposta fissa di registro delle sentenze sulle opposizioni relative ai crediti gi\u00e0 ammessi allo stato passivo","breadcrumb":{"@id":"https:\/\/escalar.it\/en\/giurisprudenza\/imposta-fissa-di-registro-sulle-sentenze-che-si-pronunciano-sulle-opposizioni-relative-a-crediti-gia-ammessi-allo-stato-passivo-dellamministrazione-straordinaria\/10742\/#breadcrumb"},"inLanguage":"en-US","potentialAction":[{"@type":"ReadAction","target":["https:\/\/escalar.it\/en\/giurisprudenza\/imposta-fissa-di-registro-sulle-sentenze-che-si-pronunciano-sulle-opposizioni-relative-a-crediti-gia-ammessi-allo-stato-passivo-dellamministrazione-straordinaria\/10742\/"]}]},{"@type":"ImageObject","inLanguage":"en-US","@id":"https:\/\/escalar.it\/en\/giurisprudenza\/imposta-fissa-di-registro-sulle-sentenze-che-si-pronunciano-sulle-opposizioni-relative-a-crediti-gia-ammessi-allo-stato-passivo-dellamministrazione-straordinaria\/10742\/#primaryimage","url":"https:\/\/escalar.it\/wp-content\/uploads\/2019\/11\/Roma_2011_08_07_Palazzo_di_Giustizia.jpg","contentUrl":"https:\/\/escalar.it\/wp-content\/uploads\/2019\/11\/Roma_2011_08_07_Palazzo_di_Giustizia.jpg","width":2820,"height":1880},{"@type":"BreadcrumbList","@id":"https:\/\/escalar.it\/en\/giurisprudenza\/imposta-fissa-di-registro-sulle-sentenze-che-si-pronunciano-sulle-opposizioni-relative-a-crediti-gia-ammessi-allo-stato-passivo-dellamministrazione-straordinaria\/10742\/#breadcrumb","itemListElement":[{"@type":"ListItem","position":1,"name":"Home","item":"https:\/\/escalar.it\/en\/"},{"@type":"ListItem","position":2,"name":"Imposta fissa di registro sulle sentenze che si pronunciano sulle opposizioni relative a crediti gi\u00e0 ammessi allo stato passivo dell\u2019amministrazione straordinaria"}]},{"@type":"WebSite","@id":"https:\/\/escalar.it\/en\/#website","url":"https:\/\/escalar.it\/en\/","name":"Escalar e Associati","description":"","publisher":{"@id":"https:\/\/escalar.it\/en\/#organization"},"potentialAction":[{"@type":"SearchAction","target":{"@type":"EntryPoint","urlTemplate":"https:\/\/escalar.it\/en\/?s={search_term_string}"},"query-input":{"@type":"PropertyValueSpecification","valueRequired":true,"valueName":"search_term_string"}}],"inLanguage":"en-US"},{"@type":"Organization","@id":"https:\/\/escalar.it\/en\/#organization","name":"Escalar e Associati - Studio Legale e Tributario","url":"https:\/\/escalar.it\/en\/","logo":{"@type":"ImageObject","inLanguage":"en-US","@id":"https:\/\/escalar.it\/en\/#\/schema\/logo\/image\/","url":"https:\/\/escalar.it\/wp-content\/uploads\/2019\/03\/logo-big.png","contentUrl":"https:\/\/escalar.it\/wp-content\/uploads\/2019\/03\/logo-big.png","width":1592,"height":655,"caption":"Escalar e Associati - Studio Legale e Tributario"},"image":{"@id":"https:\/\/escalar.it\/en\/#\/schema\/logo\/image\/"},"sameAs":["https:\/\/www.facebook.com\/escalareassociati\/","https:\/\/www.linkedin.com\/company\/escalar-e-associati\/"]},{"@type":"Person","@id":"https:\/\/escalar.it\/en\/#\/schema\/person\/b77edfcf5ba59fe1ab3326f708e27cc3","name":"Escalar e Associati","image":{"@type":"ImageObject","inLanguage":"en-US","@id":"https:\/\/secure.gravatar.com\/avatar\/d5e4e3c75179a28864f62a0be41fe3da1911c3209cd5d9b8df5afa07dc07fb47?s=96&d=mm&r=g","url":"https:\/\/secure.gravatar.com\/avatar\/d5e4e3c75179a28864f62a0be41fe3da1911c3209cd5d9b8df5afa07dc07fb47?s=96&d=mm&r=g","contentUrl":"https:\/\/secure.gravatar.com\/avatar\/d5e4e3c75179a28864f62a0be41fe3da1911c3209cd5d9b8df5afa07dc07fb47?s=96&d=mm&r=g","caption":"Escalar e Associati"},"sameAs":["http:\/\/escalar.it"]}]}},"_links":{"self":[{"href":"https:\/\/escalar.it\/en\/wp-json\/wp\/v2\/posts\/10742","targetHints":{"allow":["GET"]}}],"collection":[{"href":"https:\/\/escalar.it\/en\/wp-json\/wp\/v2\/posts"}],"about":[{"href":"https:\/\/escalar.it\/en\/wp-json\/wp\/v2\/types\/post"}],"author":[{"embeddable":true,"href":"https:\/\/escalar.it\/en\/wp-json\/wp\/v2\/users\/6"}],"replies":[{"embeddable":true,"href":"https:\/\/escalar.it\/en\/wp-json\/wp\/v2\/comments?post=10742"}],"version-history":[{"count":0,"href":"https:\/\/escalar.it\/en\/wp-json\/wp\/v2\/posts\/10742\/revisions"}],"wp:featuredmedia":[{"embeddable":true,"href":"https:\/\/escalar.it\/en\/wp-json\/wp\/v2\/media\/9608"}],"wp:attachment":[{"href":"https:\/\/escalar.it\/en\/wp-json\/wp\/v2\/media?parent=10742"}],"wp:term":[{"taxonomy":"category","embeddable":true,"href":"https:\/\/escalar.it\/en\/wp-json\/wp\/v2\/categories?post=10742"},{"taxonomy":"post_tag","embeddable":true,"href":"https:\/\/escalar.it\/en\/wp-json\/wp\/v2\/tags?post=10742"}],"curies":[{"name":"wp","href":"https:\/\/api.w.org\/{rel}","templated":true}]}}