{"id":10158,"date":"2020-09-09T10:00:38","date_gmt":"2020-09-09T09:00:38","guid":{"rendered":"https:\/\/escalar.it\/?p=10158"},"modified":"2020-09-08T14:08:23","modified_gmt":"2020-09-08T13:08:23","slug":"secondo-la-ctp-di-roma-se-un-fabbricato-e-stato-illegittimamente-occupato-limu-e-dovuta-esclusivamente-dallillegittimo-occupante","status":"publish","type":"post","link":"https:\/\/escalar.it\/en\/giurisprudenza\/secondo-la-ctp-di-roma-se-un-fabbricato-e-stato-illegittimamente-occupato-limu-e-dovuta-esclusivamente-dallillegittimo-occupante\/10158\/","title":{"rendered":"Secondo la CTP di Roma se un fabbricato \u00e8 stato illegittimamente  occupato l\u2019IMU \u00e8 dovuta esclusivamente dall\u2019illegittimo occupante"},"content":{"rendered":"<style type=\"text\/css\" data-type=\"vc_cmsms_shortcodes-custom-css\"><\/style>\n<p>La CTP di Roma con la sentenza\nn. 5294 del 14 luglio 2020 ha ritenuto che, nel caso in cui un fabbricato sia\nstato occupato illegittimamente il proprietario non deve pi\u00f9 ritenersi\nobbligato al pagamento dell\u2019IMU in quanto l\u2019espoliazione della disponibilit\u00e0 di\ntale fabbricato comporta il venir meno del possesso, non essendo sufficiente ad\nintegrare la nozione di possesso il solo <em>animus possidendi <\/em>e cio\u00e8\nl\u2019intenzione di possedere il bene<em>,<\/em> disgiunto dal <em>corpus possessionis <\/em>e\ncio\u00e8 dall\u2019esercizio di un potere sul bene corrispondente all\u2019esercizio del\ndiritto di propriet\u00e0. Pertanto in tal caso obbligato al pagamento dell\u2019IMU \u00e8\nesclusivamente l\u2019illegittimo occupante.<\/p>\n\n\n\n<p>In particolare, i giudici\nromani, dopo aver premesso che \u201c<em>la normativa fiscale applicabile collega la\ntitolarit\u00e0 passiva dell\u2019imposta direttamente ai possessori\u201d, <\/em>hanno statuito\nche<em> \u201csu costoro \u2026 grava l\u2019onere della prova diretta all\u2019esenzione dal\npagamento dell\u2019imposta e cio\u00e8 la carenza del possesso<\/em>\u201d poich\u00e9, se da un\nlato l\u2019intestazione di un fabbricato ad un determinato soggetto fa sorgere una\npresunzione di possesso, dall\u2019altro lato, il proprietario \u00e8 sempre ammesso a\ndimostrare la sussistenza di una situazione di oggettiva indisponibilit\u00e0 del\nbene determinata da altri.<\/p>\n\n\n\n<p>Senonch\u00e9 la CTP di Roma,\nrichiamando le sentenze della Suprema Corte 4 maggio 2005, n. 9226 e 29 gennaio\n2016, n. 1723, ha statuito che, raggiunta in giudizio la prova dell\u2019oggettiva\nindisponibilit\u00e0 del fabbricato illegittimamente occupato, non \u00e8 ascrivibile al\nproprietario una fattispecie di possesso c.d. \u201c<em>solo animo<\/em>\u201d in quanto\ntale fattispecie di possesso richiede \u201c<em>la possibilit\u00e0 di ripristinare il\ncontatto materiale con il bene<\/em>\u201d in assenza della quale \u201c<em>il solo elemento\nintenzionale non risulta sufficiente per la conservazione del possesso stesso<\/em>\u201d\nche si perde al momento dell\u2019espoliazione della disponibilit\u00e0 del fabbricato.<\/p>\n\n\n\n<p>Pertanto, la CTP di Roma ha\nconcluso che il presupposto dell\u2019IMU, nel caso in cui il proprietario di un\nfabbricato abbia dimostrato in giudizio di essere stato spogliato della sua\ndisponibilit\u00e0 \u00e8 realizzato non pi\u00f9 da lui, bens\u00ec dall\u2019illegittimo occupante.<\/p>\n\n\n\n<div class=\"wp-block-file\"><a href=\"https:\/\/escalar.it\/wp-content\/uploads\/2020\/09\/CTP-di-Roma-5294.2020.pdf\">Scarica la sentenza della CTP di Roma<\/a><a href=\"https:\/\/escalar.it\/wp-content\/uploads\/2020\/09\/CTP-di-Roma-5294.2020.pdf\" class=\"wp-block-file__button\" download=\"\">Download<\/a><\/div>\n","protected":false},"excerpt":{"rendered":"<p>La CTP di Roma con la sentenza n. 5294 del 14 luglio 2020 ha ritenuto che, nel caso in cui un fabbricato sia stato occupato illegittimamente il proprietario non deve pi\u00f9 ritenersi obbligato al pagamento dell\u2019IMU in quanto l\u2019espoliazione della disponibilit\u00e0 di tale fabbricato comporta il venir meno del possesso, non essendo sufficiente ad integrare&#8230;<\/p>\n","protected":false},"author":4,"featured_media":10161,"comment_status":"open","ping_status":"closed","sticky":false,"template":"","format":"standard","meta":{"footnotes":""},"categories":[32],"tags":[109,110,111,112],"class_list":["post-10158","post","type-post","status-publish","format-standard","has-post-thumbnail","hentry","category-giurisprudenza","tag-ctp-di-roma","tag-imu","tag-possesso","tag-tributi-locali"],"yoast_head":"<!-- This site is optimized with the Yoast SEO plugin v27.5 - https:\/\/yoast.com\/product\/yoast-seo-wordpress\/ -->\n<title>Secondo la CTP di Roma se un fabbricato \u00e8 stato illegittimamente occupato l\u2019IMU \u00e8 dovuta esclusivamente dall\u2019illegittimo occupante &#8211; Escalar e Associati<\/title>\n<meta name=\"description\" content=\"La CTP di Roma con la sentenza n. 5294\/2020 ha ritenuto che, nel caso in cui un fabbricato occupato il proprietario non \u00e8 tenuto al pagamento dell\u2019IMU.\" \/>\n<meta name=\"robots\" content=\"index, follow, max-snippet:-1, max-image-preview:large, max-video-preview:-1\" \/>\n<link rel=\"canonical\" href=\"https:\/\/escalar.it\/en\/giurisprudenza\/secondo-la-ctp-di-roma-se-un-fabbricato-e-stato-illegittimamente-occupato-limu-e-dovuta-esclusivamente-dallillegittimo-occupante\/10158\/\" \/>\n<meta property=\"og:locale\" content=\"en_US\" \/>\n<meta property=\"og:type\" content=\"article\" \/>\n<meta property=\"og:title\" content=\"Secondo la CTP di Roma se un fabbricato \u00e8 stato illegittimamente occupato l\u2019IMU \u00e8 dovuta esclusivamente dall\u2019illegittimo occupante &#8211; Escalar e Associati\" \/>\n<meta property=\"og:description\" content=\"La CTP di Roma con la sentenza n. 5294\/2020 ha ritenuto che, nel caso in cui un fabbricato occupato il proprietario non \u00e8 tenuto al pagamento dell\u2019IMU.\" \/>\n<meta property=\"og:url\" content=\"https:\/\/escalar.it\/en\/giurisprudenza\/secondo-la-ctp-di-roma-se-un-fabbricato-e-stato-illegittimamente-occupato-limu-e-dovuta-esclusivamente-dallillegittimo-occupante\/10158\/\" \/>\n<meta property=\"og:site_name\" content=\"Escalar e Associati\" \/>\n<meta property=\"article:publisher\" content=\"https:\/\/www.facebook.com\/escalareassociati\/\" \/>\n<meta property=\"article:published_time\" content=\"2020-09-09T09:00:38+00:00\" \/>\n<meta property=\"og:image\" content=\"https:\/\/escalar.it\/wp-content\/uploads\/2020\/09\/6215548_0_386_3072_2048_1000x541_80_0_0_792d6c199c8b3b91a63ac5cdf97bc694.jpg\" \/>\n\t<meta property=\"og:image:width\" content=\"1000\" \/>\n\t<meta property=\"og:image:height\" content=\"541\" \/>\n\t<meta property=\"og:image:type\" content=\"image\/jpeg\" \/>\n<meta name=\"author\" content=\"Agostino Aurelio Sarzana\" \/>\n<meta name=\"twitter:card\" content=\"summary_large_image\" \/>\n<meta name=\"twitter:label1\" content=\"Written by\" \/>\n\t<meta name=\"twitter:data1\" content=\"Agostino Aurelio Sarzana\" \/>\n\t<meta name=\"twitter:label2\" content=\"Est. reading time\" \/>\n\t<meta name=\"twitter:data2\" content=\"2 minutes\" \/>\n<script type=\"application\/ld+json\" class=\"yoast-schema-graph\">{\"@context\":\"https:\\\/\\\/schema.org\",\"@graph\":[{\"@type\":\"Article\",\"@id\":\"https:\\\/\\\/escalar.it\\\/en\\\/giurisprudenza\\\/secondo-la-ctp-di-roma-se-un-fabbricato-e-stato-illegittimamente-occupato-limu-e-dovuta-esclusivamente-dallillegittimo-occupante\\\/10158\\\/#article\",\"isPartOf\":{\"@id\":\"https:\\\/\\\/escalar.it\\\/en\\\/giurisprudenza\\\/secondo-la-ctp-di-roma-se-un-fabbricato-e-stato-illegittimamente-occupato-limu-e-dovuta-esclusivamente-dallillegittimo-occupante\\\/10158\\\/\"},\"author\":{\"name\":\"Agostino Aurelio Sarzana\",\"@id\":\"https:\\\/\\\/escalar.it\\\/en\\\/#\\\/schema\\\/person\\\/58391be1e817310d4702b30b298f7be0\"},\"headline\":\"Secondo la CTP di Roma se un fabbricato \u00e8 stato illegittimamente occupato l\u2019IMU \u00e8 dovuta esclusivamente dall\u2019illegittimo occupante\",\"datePublished\":\"2020-09-09T09:00:38+00:00\",\"mainEntityOfPage\":{\"@id\":\"https:\\\/\\\/escalar.it\\\/en\\\/giurisprudenza\\\/secondo-la-ctp-di-roma-se-un-fabbricato-e-stato-illegittimamente-occupato-limu-e-dovuta-esclusivamente-dallillegittimo-occupante\\\/10158\\\/\"},\"wordCount\":345,\"commentCount\":0,\"publisher\":{\"@id\":\"https:\\\/\\\/escalar.it\\\/en\\\/#organization\"},\"image\":{\"@id\":\"https:\\\/\\\/escalar.it\\\/en\\\/giurisprudenza\\\/secondo-la-ctp-di-roma-se-un-fabbricato-e-stato-illegittimamente-occupato-limu-e-dovuta-esclusivamente-dallillegittimo-occupante\\\/10158\\\/#primaryimage\"},\"thumbnailUrl\":\"https:\\\/\\\/escalar.it\\\/wp-content\\\/uploads\\\/2020\\\/09\\\/6215548_0_386_3072_2048_1000x541_80_0_0_792d6c199c8b3b91a63ac5cdf97bc694.jpg\",\"keywords\":[\"CTP di Roma\",\"IMU\",\"Possesso\",\"Tributi Locali\"],\"articleSection\":[\"Le Sentenze\"],\"inLanguage\":\"en-US\",\"potentialAction\":[{\"@type\":\"CommentAction\",\"name\":\"Comment\",\"target\":[\"https:\\\/\\\/escalar.it\\\/en\\\/giurisprudenza\\\/secondo-la-ctp-di-roma-se-un-fabbricato-e-stato-illegittimamente-occupato-limu-e-dovuta-esclusivamente-dallillegittimo-occupante\\\/10158\\\/#respond\"]}]},{\"@type\":\"WebPage\",\"@id\":\"https:\\\/\\\/escalar.it\\\/en\\\/giurisprudenza\\\/secondo-la-ctp-di-roma-se-un-fabbricato-e-stato-illegittimamente-occupato-limu-e-dovuta-esclusivamente-dallillegittimo-occupante\\\/10158\\\/\",\"url\":\"https:\\\/\\\/escalar.it\\\/en\\\/giurisprudenza\\\/secondo-la-ctp-di-roma-se-un-fabbricato-e-stato-illegittimamente-occupato-limu-e-dovuta-esclusivamente-dallillegittimo-occupante\\\/10158\\\/\",\"name\":\"Secondo la CTP di Roma se un fabbricato \u00e8 stato illegittimamente occupato l\u2019IMU \u00e8 dovuta esclusivamente dall\u2019illegittimo occupante &#8211; Escalar e Associati\",\"isPartOf\":{\"@id\":\"https:\\\/\\\/escalar.it\\\/en\\\/#website\"},\"primaryImageOfPage\":{\"@id\":\"https:\\\/\\\/escalar.it\\\/en\\\/giurisprudenza\\\/secondo-la-ctp-di-roma-se-un-fabbricato-e-stato-illegittimamente-occupato-limu-e-dovuta-esclusivamente-dallillegittimo-occupante\\\/10158\\\/#primaryimage\"},\"image\":{\"@id\":\"https:\\\/\\\/escalar.it\\\/en\\\/giurisprudenza\\\/secondo-la-ctp-di-roma-se-un-fabbricato-e-stato-illegittimamente-occupato-limu-e-dovuta-esclusivamente-dallillegittimo-occupante\\\/10158\\\/#primaryimage\"},\"thumbnailUrl\":\"https:\\\/\\\/escalar.it\\\/wp-content\\\/uploads\\\/2020\\\/09\\\/6215548_0_386_3072_2048_1000x541_80_0_0_792d6c199c8b3b91a63ac5cdf97bc694.jpg\",\"datePublished\":\"2020-09-09T09:00:38+00:00\",\"description\":\"La CTP di Roma con la sentenza n. 5294\\\/2020 ha ritenuto che, nel caso in cui un fabbricato occupato il proprietario non \u00e8 tenuto al pagamento dell\u2019IMU.\",\"breadcrumb\":{\"@id\":\"https:\\\/\\\/escalar.it\\\/en\\\/giurisprudenza\\\/secondo-la-ctp-di-roma-se-un-fabbricato-e-stato-illegittimamente-occupato-limu-e-dovuta-esclusivamente-dallillegittimo-occupante\\\/10158\\\/#breadcrumb\"},\"inLanguage\":\"en-US\",\"potentialAction\":[{\"@type\":\"ReadAction\",\"target\":[\"https:\\\/\\\/escalar.it\\\/en\\\/giurisprudenza\\\/secondo-la-ctp-di-roma-se-un-fabbricato-e-stato-illegittimamente-occupato-limu-e-dovuta-esclusivamente-dallillegittimo-occupante\\\/10158\\\/\"]}]},{\"@type\":\"ImageObject\",\"inLanguage\":\"en-US\",\"@id\":\"https:\\\/\\\/escalar.it\\\/en\\\/giurisprudenza\\\/secondo-la-ctp-di-roma-se-un-fabbricato-e-stato-illegittimamente-occupato-limu-e-dovuta-esclusivamente-dallillegittimo-occupante\\\/10158\\\/#primaryimage\",\"url\":\"https:\\\/\\\/escalar.it\\\/wp-content\\\/uploads\\\/2020\\\/09\\\/6215548_0_386_3072_2048_1000x541_80_0_0_792d6c199c8b3b91a63ac5cdf97bc694.jpg\",\"contentUrl\":\"https:\\\/\\\/escalar.it\\\/wp-content\\\/uploads\\\/2020\\\/09\\\/6215548_0_386_3072_2048_1000x541_80_0_0_792d6c199c8b3b91a63ac5cdf97bc694.jpg\",\"width\":1000,\"height\":541},{\"@type\":\"BreadcrumbList\",\"@id\":\"https:\\\/\\\/escalar.it\\\/en\\\/giurisprudenza\\\/secondo-la-ctp-di-roma-se-un-fabbricato-e-stato-illegittimamente-occupato-limu-e-dovuta-esclusivamente-dallillegittimo-occupante\\\/10158\\\/#breadcrumb\",\"itemListElement\":[{\"@type\":\"ListItem\",\"position\":1,\"name\":\"Home\",\"item\":\"https:\\\/\\\/escalar.it\\\/en\\\/\"},{\"@type\":\"ListItem\",\"position\":2,\"name\":\"Secondo la CTP di Roma se un fabbricato \u00e8 stato illegittimamente occupato l\u2019IMU \u00e8 dovuta esclusivamente dall\u2019illegittimo occupante\"}]},{\"@type\":\"WebSite\",\"@id\":\"https:\\\/\\\/escalar.it\\\/en\\\/#website\",\"url\":\"https:\\\/\\\/escalar.it\\\/en\\\/\",\"name\":\"Escalar e Associati\",\"description\":\"\",\"publisher\":{\"@id\":\"https:\\\/\\\/escalar.it\\\/en\\\/#organization\"},\"potentialAction\":[{\"@type\":\"SearchAction\",\"target\":{\"@type\":\"EntryPoint\",\"urlTemplate\":\"https:\\\/\\\/escalar.it\\\/en\\\/?s={search_term_string}\"},\"query-input\":{\"@type\":\"PropertyValueSpecification\",\"valueRequired\":true,\"valueName\":\"search_term_string\"}}],\"inLanguage\":\"en-US\"},{\"@type\":\"Organization\",\"@id\":\"https:\\\/\\\/escalar.it\\\/en\\\/#organization\",\"name\":\"Escalar e Associati - Studio Legale e Tributario\",\"url\":\"https:\\\/\\\/escalar.it\\\/en\\\/\",\"logo\":{\"@type\":\"ImageObject\",\"inLanguage\":\"en-US\",\"@id\":\"https:\\\/\\\/escalar.it\\\/en\\\/#\\\/schema\\\/logo\\\/image\\\/\",\"url\":\"https:\\\/\\\/escalar.it\\\/wp-content\\\/uploads\\\/2019\\\/03\\\/logo-big.png\",\"contentUrl\":\"https:\\\/\\\/escalar.it\\\/wp-content\\\/uploads\\\/2019\\\/03\\\/logo-big.png\",\"width\":1592,\"height\":655,\"caption\":\"Escalar e Associati - Studio Legale e Tributario\"},\"image\":{\"@id\":\"https:\\\/\\\/escalar.it\\\/en\\\/#\\\/schema\\\/logo\\\/image\\\/\"},\"sameAs\":[\"https:\\\/\\\/www.facebook.com\\\/escalareassociati\\\/\",\"https:\\\/\\\/www.linkedin.com\\\/company\\\/escalar-e-associati\\\/\"]},{\"@type\":\"Person\",\"@id\":\"https:\\\/\\\/escalar.it\\\/en\\\/#\\\/schema\\\/person\\\/58391be1e817310d4702b30b298f7be0\",\"name\":\"Agostino Aurelio Sarzana\",\"image\":{\"@type\":\"ImageObject\",\"inLanguage\":\"en-US\",\"@id\":\"https:\\\/\\\/secure.gravatar.com\\\/avatar\\\/923da9f4242796f427d2a9775769fd9137d0fc5a5d7317a074cd66f23c8977d7?s=96&d=mm&r=g\",\"url\":\"https:\\\/\\\/secure.gravatar.com\\\/avatar\\\/923da9f4242796f427d2a9775769fd9137d0fc5a5d7317a074cd66f23c8977d7?s=96&d=mm&r=g\",\"contentUrl\":\"https:\\\/\\\/secure.gravatar.com\\\/avatar\\\/923da9f4242796f427d2a9775769fd9137d0fc5a5d7317a074cd66f23c8977d7?s=96&d=mm&r=g\",\"caption\":\"Agostino Aurelio Sarzana\"}}]}<\/script>\n<!-- \/ Yoast SEO plugin. -->","yoast_head_json":{"title":"Secondo la CTP di Roma se un fabbricato \u00e8 stato illegittimamente occupato l\u2019IMU \u00e8 dovuta esclusivamente dall\u2019illegittimo occupante &#8211; Escalar e Associati","description":"La CTP di Roma con la sentenza n. 5294\/2020 ha ritenuto che, nel caso in cui un fabbricato occupato il proprietario non \u00e8 tenuto al pagamento dell\u2019IMU.","robots":{"index":"index","follow":"follow","max-snippet":"max-snippet:-1","max-image-preview":"max-image-preview:large","max-video-preview":"max-video-preview:-1"},"canonical":"https:\/\/escalar.it\/en\/giurisprudenza\/secondo-la-ctp-di-roma-se-un-fabbricato-e-stato-illegittimamente-occupato-limu-e-dovuta-esclusivamente-dallillegittimo-occupante\/10158\/","og_locale":"en_US","og_type":"article","og_title":"Secondo la CTP di Roma se un fabbricato \u00e8 stato illegittimamente occupato l\u2019IMU \u00e8 dovuta esclusivamente dall\u2019illegittimo occupante &#8211; Escalar e Associati","og_description":"La CTP di Roma con la sentenza n. 5294\/2020 ha ritenuto che, nel caso in cui un fabbricato occupato il proprietario non \u00e8 tenuto al pagamento dell\u2019IMU.","og_url":"https:\/\/escalar.it\/en\/giurisprudenza\/secondo-la-ctp-di-roma-se-un-fabbricato-e-stato-illegittimamente-occupato-limu-e-dovuta-esclusivamente-dallillegittimo-occupante\/10158\/","og_site_name":"Escalar e Associati","article_publisher":"https:\/\/www.facebook.com\/escalareassociati\/","article_published_time":"2020-09-09T09:00:38+00:00","og_image":[{"width":1000,"height":541,"url":"https:\/\/escalar.it\/wp-content\/uploads\/2020\/09\/6215548_0_386_3072_2048_1000x541_80_0_0_792d6c199c8b3b91a63ac5cdf97bc694.jpg","type":"image\/jpeg"}],"author":"Agostino Aurelio Sarzana","twitter_card":"summary_large_image","twitter_misc":{"Written by":"Agostino Aurelio Sarzana","Est. reading time":"2 minutes"},"schema":{"@context":"https:\/\/schema.org","@graph":[{"@type":"Article","@id":"https:\/\/escalar.it\/en\/giurisprudenza\/secondo-la-ctp-di-roma-se-un-fabbricato-e-stato-illegittimamente-occupato-limu-e-dovuta-esclusivamente-dallillegittimo-occupante\/10158\/#article","isPartOf":{"@id":"https:\/\/escalar.it\/en\/giurisprudenza\/secondo-la-ctp-di-roma-se-un-fabbricato-e-stato-illegittimamente-occupato-limu-e-dovuta-esclusivamente-dallillegittimo-occupante\/10158\/"},"author":{"name":"Agostino Aurelio Sarzana","@id":"https:\/\/escalar.it\/en\/#\/schema\/person\/58391be1e817310d4702b30b298f7be0"},"headline":"Secondo la CTP di Roma se un fabbricato \u00e8 stato illegittimamente occupato l\u2019IMU \u00e8 dovuta esclusivamente dall\u2019illegittimo occupante","datePublished":"2020-09-09T09:00:38+00:00","mainEntityOfPage":{"@id":"https:\/\/escalar.it\/en\/giurisprudenza\/secondo-la-ctp-di-roma-se-un-fabbricato-e-stato-illegittimamente-occupato-limu-e-dovuta-esclusivamente-dallillegittimo-occupante\/10158\/"},"wordCount":345,"commentCount":0,"publisher":{"@id":"https:\/\/escalar.it\/en\/#organization"},"image":{"@id":"https:\/\/escalar.it\/en\/giurisprudenza\/secondo-la-ctp-di-roma-se-un-fabbricato-e-stato-illegittimamente-occupato-limu-e-dovuta-esclusivamente-dallillegittimo-occupante\/10158\/#primaryimage"},"thumbnailUrl":"https:\/\/escalar.it\/wp-content\/uploads\/2020\/09\/6215548_0_386_3072_2048_1000x541_80_0_0_792d6c199c8b3b91a63ac5cdf97bc694.jpg","keywords":["CTP di Roma","IMU","Possesso","Tributi Locali"],"articleSection":["Le Sentenze"],"inLanguage":"en-US","potentialAction":[{"@type":"CommentAction","name":"Comment","target":["https:\/\/escalar.it\/en\/giurisprudenza\/secondo-la-ctp-di-roma-se-un-fabbricato-e-stato-illegittimamente-occupato-limu-e-dovuta-esclusivamente-dallillegittimo-occupante\/10158\/#respond"]}]},{"@type":"WebPage","@id":"https:\/\/escalar.it\/en\/giurisprudenza\/secondo-la-ctp-di-roma-se-un-fabbricato-e-stato-illegittimamente-occupato-limu-e-dovuta-esclusivamente-dallillegittimo-occupante\/10158\/","url":"https:\/\/escalar.it\/en\/giurisprudenza\/secondo-la-ctp-di-roma-se-un-fabbricato-e-stato-illegittimamente-occupato-limu-e-dovuta-esclusivamente-dallillegittimo-occupante\/10158\/","name":"Secondo la CTP di Roma se un fabbricato \u00e8 stato illegittimamente occupato l\u2019IMU \u00e8 dovuta esclusivamente dall\u2019illegittimo occupante &#8211; Escalar e Associati","isPartOf":{"@id":"https:\/\/escalar.it\/en\/#website"},"primaryImageOfPage":{"@id":"https:\/\/escalar.it\/en\/giurisprudenza\/secondo-la-ctp-di-roma-se-un-fabbricato-e-stato-illegittimamente-occupato-limu-e-dovuta-esclusivamente-dallillegittimo-occupante\/10158\/#primaryimage"},"image":{"@id":"https:\/\/escalar.it\/en\/giurisprudenza\/secondo-la-ctp-di-roma-se-un-fabbricato-e-stato-illegittimamente-occupato-limu-e-dovuta-esclusivamente-dallillegittimo-occupante\/10158\/#primaryimage"},"thumbnailUrl":"https:\/\/escalar.it\/wp-content\/uploads\/2020\/09\/6215548_0_386_3072_2048_1000x541_80_0_0_792d6c199c8b3b91a63ac5cdf97bc694.jpg","datePublished":"2020-09-09T09:00:38+00:00","description":"La CTP di Roma con la sentenza n. 5294\/2020 ha ritenuto che, nel caso in cui un fabbricato occupato il proprietario non \u00e8 tenuto al pagamento dell\u2019IMU.","breadcrumb":{"@id":"https:\/\/escalar.it\/en\/giurisprudenza\/secondo-la-ctp-di-roma-se-un-fabbricato-e-stato-illegittimamente-occupato-limu-e-dovuta-esclusivamente-dallillegittimo-occupante\/10158\/#breadcrumb"},"inLanguage":"en-US","potentialAction":[{"@type":"ReadAction","target":["https:\/\/escalar.it\/en\/giurisprudenza\/secondo-la-ctp-di-roma-se-un-fabbricato-e-stato-illegittimamente-occupato-limu-e-dovuta-esclusivamente-dallillegittimo-occupante\/10158\/"]}]},{"@type":"ImageObject","inLanguage":"en-US","@id":"https:\/\/escalar.it\/en\/giurisprudenza\/secondo-la-ctp-di-roma-se-un-fabbricato-e-stato-illegittimamente-occupato-limu-e-dovuta-esclusivamente-dallillegittimo-occupante\/10158\/#primaryimage","url":"https:\/\/escalar.it\/wp-content\/uploads\/2020\/09\/6215548_0_386_3072_2048_1000x541_80_0_0_792d6c199c8b3b91a63ac5cdf97bc694.jpg","contentUrl":"https:\/\/escalar.it\/wp-content\/uploads\/2020\/09\/6215548_0_386_3072_2048_1000x541_80_0_0_792d6c199c8b3b91a63ac5cdf97bc694.jpg","width":1000,"height":541},{"@type":"BreadcrumbList","@id":"https:\/\/escalar.it\/en\/giurisprudenza\/secondo-la-ctp-di-roma-se-un-fabbricato-e-stato-illegittimamente-occupato-limu-e-dovuta-esclusivamente-dallillegittimo-occupante\/10158\/#breadcrumb","itemListElement":[{"@type":"ListItem","position":1,"name":"Home","item":"https:\/\/escalar.it\/en\/"},{"@type":"ListItem","position":2,"name":"Secondo la CTP di Roma se un fabbricato \u00e8 stato illegittimamente occupato l\u2019IMU \u00e8 dovuta esclusivamente dall\u2019illegittimo occupante"}]},{"@type":"WebSite","@id":"https:\/\/escalar.it\/en\/#website","url":"https:\/\/escalar.it\/en\/","name":"Escalar e Associati","description":"","publisher":{"@id":"https:\/\/escalar.it\/en\/#organization"},"potentialAction":[{"@type":"SearchAction","target":{"@type":"EntryPoint","urlTemplate":"https:\/\/escalar.it\/en\/?s={search_term_string}"},"query-input":{"@type":"PropertyValueSpecification","valueRequired":true,"valueName":"search_term_string"}}],"inLanguage":"en-US"},{"@type":"Organization","@id":"https:\/\/escalar.it\/en\/#organization","name":"Escalar e Associati - Studio Legale e Tributario","url":"https:\/\/escalar.it\/en\/","logo":{"@type":"ImageObject","inLanguage":"en-US","@id":"https:\/\/escalar.it\/en\/#\/schema\/logo\/image\/","url":"https:\/\/escalar.it\/wp-content\/uploads\/2019\/03\/logo-big.png","contentUrl":"https:\/\/escalar.it\/wp-content\/uploads\/2019\/03\/logo-big.png","width":1592,"height":655,"caption":"Escalar e Associati - Studio Legale e Tributario"},"image":{"@id":"https:\/\/escalar.it\/en\/#\/schema\/logo\/image\/"},"sameAs":["https:\/\/www.facebook.com\/escalareassociati\/","https:\/\/www.linkedin.com\/company\/escalar-e-associati\/"]},{"@type":"Person","@id":"https:\/\/escalar.it\/en\/#\/schema\/person\/58391be1e817310d4702b30b298f7be0","name":"Agostino Aurelio Sarzana","image":{"@type":"ImageObject","inLanguage":"en-US","@id":"https:\/\/secure.gravatar.com\/avatar\/923da9f4242796f427d2a9775769fd9137d0fc5a5d7317a074cd66f23c8977d7?s=96&d=mm&r=g","url":"https:\/\/secure.gravatar.com\/avatar\/923da9f4242796f427d2a9775769fd9137d0fc5a5d7317a074cd66f23c8977d7?s=96&d=mm&r=g","contentUrl":"https:\/\/secure.gravatar.com\/avatar\/923da9f4242796f427d2a9775769fd9137d0fc5a5d7317a074cd66f23c8977d7?s=96&d=mm&r=g","caption":"Agostino Aurelio Sarzana"}}]}},"_links":{"self":[{"href":"https:\/\/escalar.it\/en\/wp-json\/wp\/v2\/posts\/10158","targetHints":{"allow":["GET"]}}],"collection":[{"href":"https:\/\/escalar.it\/en\/wp-json\/wp\/v2\/posts"}],"about":[{"href":"https:\/\/escalar.it\/en\/wp-json\/wp\/v2\/types\/post"}],"author":[{"embeddable":true,"href":"https:\/\/escalar.it\/en\/wp-json\/wp\/v2\/users\/4"}],"replies":[{"embeddable":true,"href":"https:\/\/escalar.it\/en\/wp-json\/wp\/v2\/comments?post=10158"}],"version-history":[{"count":0,"href":"https:\/\/escalar.it\/en\/wp-json\/wp\/v2\/posts\/10158\/revisions"}],"wp:featuredmedia":[{"embeddable":true,"href":"https:\/\/escalar.it\/en\/wp-json\/wp\/v2\/media\/10161"}],"wp:attachment":[{"href":"https:\/\/escalar.it\/en\/wp-json\/wp\/v2\/media?parent=10158"}],"wp:term":[{"taxonomy":"category","embeddable":true,"href":"https:\/\/escalar.it\/en\/wp-json\/wp\/v2\/categories?post=10158"},{"taxonomy":"post_tag","embeddable":true,"href":"https:\/\/escalar.it\/en\/wp-json\/wp\/v2\/tags?post=10158"}],"curies":[{"name":"wp","href":"https:\/\/api.w.org\/{rel}","templated":true}]}}